{"id":23305,"date":"2025-05-26T19:43:54","date_gmt":"2025-05-26T22:43:54","guid":{"rendered":"https:\/\/mussicom.com\/rua-do-comercio-entra-em-nova-fase-de-revitalizacao\/"},"modified":"2025-05-26T19:43:54","modified_gmt":"2025-05-26T22:43:54","slug":"rua-do-comercio-entra-em-nova-fase-de-revitalizacao","status":"publish","type":"post","link":"https:\/\/mussicom.com\/noticias\/rua-do-comercio-entra-em-nova-fase-de-revitalizacao\/","title":{"rendered":"Rua do Com\u00e9rcio entra em nova fase de revitaliza\u00e7\u00e3o"},"content":{"rendered":"<p> <br \/>\n<\/p>\n<div>\n<p data-start=\"216\" data-end=\"337\"><strong>Obras integram projeto de requalifica\u00e7\u00e3o do Centro Hist\u00f3rico e visam estimular turismo e economia local<\/strong><\/p>\n<p>Em mais uma etapa da revitaliza\u00e7\u00e3o do eixo tur\u00edstico Centro Hist\u00f3rico, come\u00e7aram nesta segunda-feira (26) as obras de realinhamento dos paralelep\u00edpedos da Rua do Com\u00e9rcio. As interven\u00e7\u00f5es nas duas outras ruas do eixo tur\u00edstico \u2013 Tuyuti e da Constitui\u00e7\u00e3o, entre a Xavier da Silveira e General C\u00e2mara \u2013 encontram-se em fase avan\u00e7ada.<\/p>\n<p>Em virtude das obras, o trecho da Rua do Com\u00e9rcio entre a Pra\u00e7a Rui Barbosa e a XV de Novembro foi interditado at\u00e9 16 de junho. A rota alternativa indicada pela CET Santos \u00e9 seguir pela Pra\u00e7a Rui Barbosa, Jo\u00e3o Pessoa e Pra\u00e7a dos Andradas para ent\u00e3o ingressar na XV de Novembro e na Rua do Com\u00e9rcio<\/p>\n<p>A cal\u00e7ada do lado esquerdo (sentido de dire\u00e7\u00e3o), que ser\u00e1 revitalizada em toda a sua extens\u00e3o at\u00e9 a S\u00e3o Bento, j\u00e1 conta com guia retificada, em substitui\u00e7\u00e3o \u00e0 guia bruta, e teve tr\u00eas bocas de lobo reformadas, com recupera\u00e7\u00e3o da caixa e troca das grelhas.<\/p>\n<p>A cal\u00e7ada antiga foi demolida e recebeu concreto superficial, preparando a \u00e1rea para o assentamento e realinhamento das pedras portuguesas, mesmo servi\u00e7o que ser\u00e1 realizado na guia e na cal\u00e7ada do lado direito. \u201cAs pe\u00e7as ser\u00e3o rejuntadas com asfalto e pedriscos, de forma a promover a uniformidade do piso\u201d, explicou o engenheiro civil H\u00e9lio Santos Jr., da Secretaria de Infraestrutura e Servi\u00e7os P\u00fablicos.<\/p>\n<p><strong>Projeto<\/strong><\/p>\n<p>O projeto da Prefeitura tem por objetivo recuperar \u00e1reas degradadas do Centro, valorizando seus aspectos culturais e hist\u00f3ricos ao criar novos atrativos para visitantes e moradores, e estimulando a economia local.<\/p>\n<p>A proposta insere-se ainda na readequa\u00e7\u00e3o da mobilidade urbana, de forma integrada, tendo em vista o processo, em andamento, de implanta\u00e7\u00e3o da segunda fase do VLT (Ve\u00edculo Leve sobre Trilhos). O modal atender\u00e1 o Centro Hist\u00f3rico e a \u00e1rea do Mercado Municipal.<\/p>\n<p><strong>Valoriza\u00e7\u00e3o<\/strong><\/p>\n<p>As interven\u00e7\u00f5es j\u00e1 beneficiaram a Rua Tuyuti, entre o Largo Marqu\u00eas de Monte Alegre e a Pra\u00e7a Bar\u00e3o do Rio Branco, que ganhou cal\u00e7adas acess\u00edveis com detalhes arquitet\u00f4nicos de cores branca e marrom; fonte interativa; l\u00e2mina d\u2019\u00e1gua; playground com gangorras, balan\u00e7os e um jogo de ca\u00e7a-palavras com o nome de pontos hist\u00f3ricos do Centro; novos paisagismo e mobili\u00e1rio urbano.<\/p>\n<p>A fia\u00e7\u00e3o das operadoras de telecomunica\u00e7\u00f5es tamb\u00e9m foi embutida e a ilumina\u00e7\u00e3o conta com postes ornamentais no estilo republicano com 4,50m de altura com dois difusores tipo lampi\u00e3o e l\u00e2mpadas de vapor de s\u00f3dio com 250 watts. Houve ainda reforma em 38 bocas de lobo e instala\u00e7\u00e3o de \u00e1rea para ajardinamento e canteiros, com grama dos tipos amendoim e esmeralda, e plantio de arbustos, mudas de ip\u00ea-amarelo e palmeiras da esp\u00e9cie jeriv\u00e1.<\/p>\n<p>J\u00e1 em frente ao Museu Pel\u00e9, foram constru\u00eddas baias para \u00f4nibus de turismo e, na cal\u00e7ada do lado oposto, estacionamento para 15 caminh\u00f5es. A revitaliza\u00e7\u00e3o da Tuyuti permite acessibilidade plena, ambi\u00eancia de uma \u00e1rea nas proximidades do Parque Valongo, que ocupa o espa\u00e7o dos antigos armaz\u00e9ns 5 e 6, e de bens tombados, a exemplo do Museu do Pel\u00e9 e do Museu do Caf\u00e9, em um processo de cria\u00e7\u00e3o de um parque linear.<\/p>\n<p>A via dispor\u00e1 de uma passarela de pedestres, j\u00e1 instalada, que ligar\u00e1 o parque diretamente \u00e0 Rua XV de Novembro. A estrutura \u00e9 uma contrapartida da Autoridade Portu\u00e1ria de Santos (APS) da Ferrovia Interna do Porto de Santos (Fips), respons\u00e1vel pela gest\u00e3o da malha ferrovi\u00e1ria na \u00e1rea portu\u00e1ria.<\/p>\n<p><strong>Investimento<\/strong><\/p>\n<p>A revitaliza\u00e7\u00e3o do eixo tur\u00edstico do Centro Hist\u00f3rico est\u00e1 a cargo da Pavisan, vencedora da concorr\u00eancia p\u00fablica. As obras representam um investimento de R$ 9,9 milh\u00f5es, sendo R$ 75 milh\u00f5es liberados pelo Departamento de Apoio e Desenvolvimento das Est\u00e2ncias, do governo estadual, e o restante, do or\u00e7amento municipal.<\/p>\n<\/div>\n<p><br \/>\n<br \/>Fonte: <a href=\"https:\/\/jornaldaorla.com.br\/noticias\/rua-do-comercio-entra-em-nova-fase-de-revitalizacao\/\">Jornal Da Orla<\/a><\/p>\n","protected":false},"excerpt":{"rendered":"<p>Obras integram projeto de requalifica\u00e7\u00e3o do Centro Hist\u00f3rico e visam estimular turismo e economia local Em mais uma etapa da revitaliza\u00e7\u00e3o do eixo tur\u00edstico Centro Hist\u00f3rico, come\u00e7aram nesta segunda-feira (26) as obras de realinhamento dos paralelep\u00edpedos da Rua do Com\u00e9rcio. As interven\u00e7\u00f5es nas duas outras ruas do eixo tur\u00edstico \u2013 Tuyuti e da Constitui\u00e7\u00e3o, entre [&hellip;]<\/p>\n","protected":false},"author":5,"featured_media":23306,"comment_status":"open","ping_status":"open","sticky":false,"template":"","format":"standard","meta":{"_seopress_robots_primary_cat":"","_seopress_titles_title":"","_seopress_titles_desc":"","_seopress_robots_index":"","footnotes":""},"categories":[52],"tags":[],"class_list":["post-23305","post","type-post","status-publish","format-standard","has-post-thumbnail","hentry","category-santoseregiao"],"_links":{"self":[{"href":"https:\/\/mussicom.com\/noticias\/wp-json\/wp\/v2\/posts\/23305","targetHints":{"allow":["GET"]}}],"collection":[{"href":"https:\/\/mussicom.com\/noticias\/wp-json\/wp\/v2\/posts"}],"about":[{"href":"https:\/\/mussicom.com\/noticias\/wp-json\/wp\/v2\/types\/post"}],"author":[{"embeddable":true,"href":"https:\/\/mussicom.com\/noticias\/wp-json\/wp\/v2\/users\/5"}],"replies":[{"embeddable":true,"href":"https:\/\/mussicom.com\/noticias\/wp-json\/wp\/v2\/comments?post=23305"}],"version-history":[{"count":0,"href":"https:\/\/mussicom.com\/noticias\/wp-json\/wp\/v2\/posts\/23305\/revisions"}],"wp:featuredmedia":[{"embeddable":true,"href":"https:\/\/mussicom.com\/noticias\/wp-json\/wp\/v2\/media\/23306"}],"wp:attachment":[{"href":"https:\/\/mussicom.com\/noticias\/wp-json\/wp\/v2\/media?parent=23305"}],"wp:term":[{"taxonomy":"category","embeddable":true,"href":"https:\/\/mussicom.com\/noticias\/wp-json\/wp\/v2\/categories?post=23305"},{"taxonomy":"post_tag","embeddable":true,"href":"https:\/\/mussicom.com\/noticias\/wp-json\/wp\/v2\/tags?post=23305"}],"curies":[{"name":"wp","href":"https:\/\/api.w.org\/{rel}","templated":true}]}}