{"id":23239,"date":"2025-05-26T15:40:48","date_gmt":"2025-05-26T18:40:48","guid":{"rendered":"https:\/\/mussicom.com\/ainda-estou-aqui-entra-em-lista-de-melhores-filmes-do-ano-do-new-york-times\/"},"modified":"2025-05-26T15:40:48","modified_gmt":"2025-05-26T18:40:48","slug":"ainda-estou-aqui-entra-em-lista-de-melhores-filmes-do-ano-do-new-york-times","status":"publish","type":"post","link":"https:\/\/mussicom.com\/noticias\/ainda-estou-aqui-entra-em-lista-de-melhores-filmes-do-ano-do-new-york-times\/","title":{"rendered":"Ainda Estou Aqui entra em lista de melhores filmes do ano do New York Times"},"content":{"rendered":"<p> <br \/>\n<\/p>\n<div>\n<p>Vencedor do primeiro Oscar brasileiro,\u00a0<strong><em>Ainda Estou Aqui<\/em><\/strong>, longa de <strong>Walter Salles<\/strong> (<em>Central do Brasil<\/em>) estrelado por <strong>Fernanda Torres<\/strong> (<em>Tapas &amp; Beijos<\/em>), entrou na lista do\u00a0<em>The New York Times<\/em> de melhores filmes lan\u00e7ados em 2025 at\u00e9 o momento.<\/p>\n<p>Em sua cr\u00edtica para o jornal,\u00a0<strong>Alissa Wilkinson<\/strong> destacou a atua\u00e7\u00e3o de\u00a0<strong>Fernanda Torres<\/strong> como um dos pontos altos do longa, que venceu o pr\u00eamio de Melhor Filme Internacional na edi\u00e7\u00e3o deste ano do Oscar, a maior premia\u00e7\u00e3o do cinema:<\/p>\n<blockquote class=\"citacao\"><p><em> \u201cNa sua atua\u00e7\u00e3o \u2014 que rendeu um Globo de Ouro e uma indica\u00e7\u00e3o ao Oscar \u2014, Torres impressiona. Proteger seus filhos significa encontrar alegria dentro do medo, esperan\u00e7a em meio \u00e0 dor. Torres reveste sua performance com todas essas emo\u00e7\u00f5es, e seu olhar penetrante \u00e9 magn\u00e9tico&#8221;<\/em>, escreveu a cr\u00edtica.<\/p><\/blockquote>\n<h4><strong>Qual \u00e9 a hist\u00f3ria de <em>Ainda Estou Aqui<\/em>?<\/strong><\/h4>\n<p>Baseado no livro hom\u00f4nimo de\u00a0<strong>Marcelo Rubens Paiva<\/strong>,\u00a0<em><strong>Ainda Estou Aqui<\/strong><\/em>\u00e9 ambientado no Rio de Janeiro, no in\u00edcio dos anos 1970, em meio \u00e0 ditadura militar, e conta a hist\u00f3ria de\u00a0<strong>Eunice <\/strong>(<strong>Fernanda Torres<\/strong>, <em>Tapas &amp; Beijos<\/em>), m\u00e3e de cinco filhos, que se envolve em uma busca infind\u00e1vel pela verdade ap\u00f3s o seu marido, <strong>Rubens <\/strong>(<strong>Selton Mello<\/strong>, <em>O Auto da Compadecida 2<\/em>), ser levado por policiais \u00e0 paisana e desaparecer.<\/p>\n<p>Al\u00e9m de\u00a0<strong>Fernanda Torres<\/strong>\u00a0e <strong>Selton Mello<\/strong>, o longa ainda conta com <strong>Fernanda Montenegro <\/strong>(<em>A Vida Invis\u00edvel<\/em>), <strong>Antonio Saboia<\/strong> (<em>Deserto Particular<\/em>), <strong>Maeve Jinkings<\/strong> (<em>Ped\u00e1gio<\/em>), <strong>Humberto Carr\u00e3o<\/strong> (<em>Marighella<\/em>), <strong>Marjorie Estiano<\/strong> (<em>Sob Press\u00e3o<\/em>), <strong>Camila M\u00e1rdila <\/strong>(<em>Que Horas Ela Volta?<\/em>), <strong>Antonio Saboia <\/strong>(<em>Deserto Particular<\/em>) e, entre outros, <strong>Charles Fricks<\/strong> (<em>Tropa de Elite 2: O Inimigo Agora \u00e9 Outro<\/em>). Assista ao trailer:<\/p>\n<p><iframe title=\"Ainda Estou Aqui | Trailer Oficial | 7 de novembro nos cinemas\" width=\"800\" height=\"450\" src=\"https:\/\/www.youtube.com\/embed\/_NzqP0jmk3o?feature=oembed\" frameborder=\"0\" allow=\"accelerometer; autoplay; clipboard-write; encrypted-media; gyroscope; picture-in-picture; web-share\" referrerpolicy=\"strict-origin-when-cross-origin\" allowfullscreen><\/iframe><\/p>\n<p><strong>FONTE:<\/strong>The New York Times<\/p>\n<p><strong>LEIA TAMB\u00c9M:<\/strong>Estreia, hist\u00f3ria e o que mais sabemos sobre <em>O Agente Secreto<\/em>, com Wagner Moura<\/p>\n<blockquote class=\"amdb-polls\" contenteditable=\"false\" data-sid=\"\/polls\/14\/embed\/\">\n<p>Qual foi o melhor filme de 2025 at\u00e9 agora? Vote no seu favorito!<\/p>\n<ul>\n<li>Baby<\/li>\n<li>Babygirl<\/li>\n<li>A Semente do Fruto Sagrado<\/li>\n<li>Luiz Melodia: No Cora\u00e7\u00e3o do Brasil<\/li>\n<li>MMA &#8211; Meu Melhor Amigo<\/li>\n<li>Anora<\/li>\n<li>Conclave<\/li>\n<li>Emilia P\u00e9rez<\/li>\n<li>A Verdadeira Dor<\/li>\n<li>Acompanhante Perfeita<\/li>\n<li>Capit\u00e3o Am\u00e9rica: Admir\u00e1vel Mundo Novo<\/li>\n<li>Flow<\/li>\n<li>O Brutalista<\/li>\n<li>Um Completo Desconhecido<\/li>\n<li>Mickey 17<\/li>\n<li>O Macaco<\/li>\n<li>Better Man &#8211; A Hist\u00f3ria de Robbie Williams<\/li>\n<li>Vit\u00f3ria<\/li>\n<li>Pequenas Coisas Como Estas<\/li>\n<li>O Melhor Amigo<\/li>\n<\/ul>\n<\/blockquote>\n<hr\/>\n<\/div>\n<p><br \/>\n<br \/>Fonte: <a href=\"https:\/\/rollingstone.com.br\/cinema\/ainda-estou-aqui-entra-em-lista-de-melhores-filmes-do-ano-do-new-york-times\/\">rollingstone.com.br<\/a><\/p>\n","protected":false},"excerpt":{"rendered":"<p>Vencedor do primeiro Oscar brasileiro,\u00a0Ainda Estou Aqui, longa de Walter Salles (Central do Brasil) estrelado por Fernanda Torres (Tapas &amp; Beijos), entrou na lista do\u00a0The New York Times de melhores filmes lan\u00e7ados em 2025 at\u00e9 o momento. Em sua cr\u00edtica para o jornal,\u00a0Alissa Wilkinson destacou a atua\u00e7\u00e3o de\u00a0Fernanda Torres como um dos pontos altos do [&hellip;]<\/p>\n","protected":false},"author":5,"featured_media":23240,"comment_status":"open","ping_status":"open","sticky":false,"template":"","format":"standard","meta":{"_seopress_robots_primary_cat":"","_seopress_titles_title":"","_seopress_titles_desc":"","_seopress_robots_index":"","footnotes":""},"categories":[51],"tags":[],"class_list":["post-23239","post","type-post","status-publish","format-standard","has-post-thumbnail","hentry","category-musica"],"_links":{"self":[{"href":"https:\/\/mussicom.com\/noticias\/wp-json\/wp\/v2\/posts\/23239","targetHints":{"allow":["GET"]}}],"collection":[{"href":"https:\/\/mussicom.com\/noticias\/wp-json\/wp\/v2\/posts"}],"about":[{"href":"https:\/\/mussicom.com\/noticias\/wp-json\/wp\/v2\/types\/post"}],"author":[{"embeddable":true,"href":"https:\/\/mussicom.com\/noticias\/wp-json\/wp\/v2\/users\/5"}],"replies":[{"embeddable":true,"href":"https:\/\/mussicom.com\/noticias\/wp-json\/wp\/v2\/comments?post=23239"}],"version-history":[{"count":0,"href":"https:\/\/mussicom.com\/noticias\/wp-json\/wp\/v2\/posts\/23239\/revisions"}],"wp:featuredmedia":[{"embeddable":true,"href":"https:\/\/mussicom.com\/noticias\/wp-json\/wp\/v2\/media\/23240"}],"wp:attachment":[{"href":"https:\/\/mussicom.com\/noticias\/wp-json\/wp\/v2\/media?parent=23239"}],"wp:term":[{"taxonomy":"category","embeddable":true,"href":"https:\/\/mussicom.com\/noticias\/wp-json\/wp\/v2\/categories?post=23239"},{"taxonomy":"post_tag","embeddable":true,"href":"https:\/\/mussicom.com\/noticias\/wp-json\/wp\/v2\/tags?post=23239"}],"curies":[{"name":"wp","href":"https:\/\/api.w.org\/{rel}","templated":true}]}}