{"id":23221,"date":"2025-05-26T14:17:30","date_gmt":"2025-05-26T17:17:30","guid":{"rendered":"https:\/\/mussicom.com\/ciro-nogueira-chama-aumento-do-iof-de-obsceno\/"},"modified":"2025-05-26T14:17:30","modified_gmt":"2025-05-26T17:17:30","slug":"ciro-nogueira-chama-aumento-do-iof-de-obsceno","status":"publish","type":"post","link":"https:\/\/mussicom.com\/noticias\/ciro-nogueira-chama-aumento-do-iof-de-obsceno\/","title":{"rendered":"Ciro Nogueira chama aumento do IOF de &#8216;obsceno&#8217;"},"content":{"rendered":"<p> <br \/>\n<\/p>\n<div id=\"hd80s9wa1h892edh8192\">\n<p>O senador <strong>Ciro Nogueira (PP-PI)<\/strong> criticou o aumento do Imposto sobre Opera\u00e7\u00f5es Financeiras (IOF) determinado pelo governo do presidente <strong>Luiz In\u00e1cio Lula da Silva.<\/strong> O parlamentar se posicionou, mesmo com o an\u00fancio de recuo por parte do Planalto.<\/p>\n<p><strong> <\/strong>Em publica\u00e7\u00e3o na rede social X, Ciro Nogueira classificou a medida como \u201cobscena\u201d.<br \/>\u201cRecebi a an\u00e1lise de uma consultoria independente que mostra o efeito obsceno da irresponsabilidade fiscal do governo, contra o pa\u00eds\u201d, escreveu o senador.<\/p>\n<p>Para ele, o aumento do imposto prejudica diretamente a economia. \u201cCada real gasto a mais com imposto significa empregos a menos, lojas a menos, vendas a menos, sal\u00e1rios a menos\u201d, disse. \u201c\u00c9 uma pancada na economia real.\u201d<\/p>\n<figure class=\"wp-block-embed aligncenter is-type-video is-provider-youtube wp-block-embed-youtube wp-embed-aspect-16-9 wp-has-aspect-ratio\">\n<div class=\"wp-block-embed__wrapper\">\n<div class=\"perfmatters-lazy-youtube\" data-src=\"https:\/\/www.youtube.com\/embed\/uB9Yx2XoeNQ\" data-id=\"uB9Yx2XoeNQ\" data-query=\"feature=oembed\" onclick=\"perfmattersLazyLoadYouTube(this);\">\n<div><img fetchpriority=\"high\" decoding=\"async\" src=\"https:\/\/i.ytimg.com\/vi\/uB9Yx2XoeNQ\/hqdefault.jpg\" alt=\"YouTube video\" width=\"480\" height=\"360\" data-pin-nopin=\"true\" nopin=\"nopin\"\/><\/div>\n<\/div>\n<p><noscript><iframe title=\"Ciro Nogueira condena asilo pol\u00edtico a Nadine Heredia com uso de avi\u00e3o da FAB\" width=\"800\" height=\"450\" src=\"https:\/\/www.youtube.com\/embed\/uB9Yx2XoeNQ?feature=oembed\" frameborder=\"0\" allow=\"accelerometer; autoplay; clipboard-write; encrypted-media; gyroscope; picture-in-picture; web-share\" referrerpolicy=\"strict-origin-when-cross-origin\" allowfullscreen><\/iframe><\/noscript>\n<\/div>\n<\/figure>\n<p>Segundo ele, a alta do imposto atinge diretamente a popula\u00e7\u00e3o. \u201c\u00c9 mais um aumento de impostos que age contra o povo.\u201d<\/p>\n<p><strong>Ciro Nogueira <\/strong>exp\u00f4s um exemplo do impacto da medida. \u201cUma empresa que tome R$ 100 milh\u00f5es emprestados por cinco meses, com presta\u00e7\u00f5es constantes e juros de 20% ao ano, pagava 0,38% de IOF na contrata\u00e7\u00e3o. Agora, pagar\u00e1 0,95%.\u201d<\/p>\n<h2 class=\"wp-block-heading\">Ciro Nogueira critica Minist\u00e9rio da Fazenda <\/h2>\n<p>Nogueira tamb\u00e9m criticou o ministro da Fazenda. \u201cFernando Haddad trincou o mais precioso ativo de uma autoridade econ\u00f4mica: a credibilidade\u201d, afirmou. \u201cAo acrescentar mais esse epis\u00f3dio assustador a tantos outros, mostra que, entre o projeto pol\u00edtico de seu presidente e os fundamentos da economia, n\u00e3o hesitar\u00e1 em optar pelo primeiro.\u201d<\/p>\n<h2 class=\"wp-block-heading\">Preju\u00edzos para as empresas <\/h2>\n<p>O senador afirmou que o aumento do IOF imposto pelo governo federal representa um duro golpe nas empresas e na gera\u00e7\u00e3o de empregos. Segundo ele, a nova al\u00edquota amplia em 122% a arrecada\u00e7\u00e3o sobre empr\u00e9stimos.<\/p>\n<p>\u201cEm dinheiro, a tungada passa de R$ 870 mil para R$ 1,934 milh\u00e3o\u201d, informou o parlamentar, ao comentar um caso hipot\u00e9tico de empr\u00e9stimo de R$ 100 milh\u00f5es por cinco meses. \u201c\u00c9 mais de R$ 1 milh\u00e3o a mais apenas em imposto.\u201d<\/p>\n<p><strong>+ Leia mais not\u00edcias de Pol\u00edtica em Oeste<\/strong><\/p>\n<p>De acordo com o senador, esse tipo de opera\u00e7\u00e3o tem finalidade produtiva. \u201cA empresa pega o dinheiro para investir, criar empregos e melhorar a vida do pa\u00eds e dos trabalhadores\u201d, afirmou. \u201cTudo isso deixa de acontecer por causa da irresponsabilidade fiscal do governo.\u201d<\/p>\n<\/p><\/div>\n<p><br \/>\n<br \/>Fonte: <a href=\"https:\/\/revistaoeste.com\/politica\/presidente-do-pp-chama-aumento-do-iof-de-obsceno\/\">Ag\u00eancia Brasil<\/a><\/p>\n","protected":false},"excerpt":{"rendered":"<p>O senador Ciro Nogueira (PP-PI) criticou o aumento do Imposto sobre Opera\u00e7\u00f5es Financeiras (IOF) determinado pelo governo do presidente Luiz In\u00e1cio Lula da Silva. O parlamentar se posicionou, mesmo com o an\u00fancio de recuo por parte do Planalto. Em publica\u00e7\u00e3o na rede social X, Ciro Nogueira classificou a medida como \u201cobscena\u201d.\u201cRecebi a an\u00e1lise de uma [&hellip;]<\/p>\n","protected":false},"author":5,"featured_media":23222,"comment_status":"open","ping_status":"open","sticky":false,"template":"","format":"standard","meta":{"_seopress_robots_primary_cat":"","_seopress_titles_title":"","_seopress_titles_desc":"","_seopress_robots_index":"","footnotes":""},"categories":[47,1],"tags":[],"class_list":["post-23221","post","type-post","status-publish","format-standard","has-post-thumbnail","hentry","category-politica","category-ultimas-noticias"],"_links":{"self":[{"href":"https:\/\/mussicom.com\/noticias\/wp-json\/wp\/v2\/posts\/23221","targetHints":{"allow":["GET"]}}],"collection":[{"href":"https:\/\/mussicom.com\/noticias\/wp-json\/wp\/v2\/posts"}],"about":[{"href":"https:\/\/mussicom.com\/noticias\/wp-json\/wp\/v2\/types\/post"}],"author":[{"embeddable":true,"href":"https:\/\/mussicom.com\/noticias\/wp-json\/wp\/v2\/users\/5"}],"replies":[{"embeddable":true,"href":"https:\/\/mussicom.com\/noticias\/wp-json\/wp\/v2\/comments?post=23221"}],"version-history":[{"count":0,"href":"https:\/\/mussicom.com\/noticias\/wp-json\/wp\/v2\/posts\/23221\/revisions"}],"wp:featuredmedia":[{"embeddable":true,"href":"https:\/\/mussicom.com\/noticias\/wp-json\/wp\/v2\/media\/23222"}],"wp:attachment":[{"href":"https:\/\/mussicom.com\/noticias\/wp-json\/wp\/v2\/media?parent=23221"}],"wp:term":[{"taxonomy":"category","embeddable":true,"href":"https:\/\/mussicom.com\/noticias\/wp-json\/wp\/v2\/categories?post=23221"},{"taxonomy":"post_tag","embeddable":true,"href":"https:\/\/mussicom.com\/noticias\/wp-json\/wp\/v2\/tags?post=23221"}],"curies":[{"name":"wp","href":"https:\/\/api.w.org\/{rel}","templated":true}]}}