{"id":23149,"date":"2025-05-26T08:30:02","date_gmt":"2025-05-26T11:30:02","guid":{"rendered":"https:\/\/mussicom.com\/aldo-rebelo-ex-ministro-de-lula-da-licao-a-quem-difama-o-agronegocio\/"},"modified":"2025-05-26T08:30:02","modified_gmt":"2025-05-26T11:30:02","slug":"aldo-rebelo-ex-ministro-de-lula-da-licao-a-quem-difama-o-agronegocio","status":"publish","type":"post","link":"https:\/\/mussicom.com\/noticias\/aldo-rebelo-ex-ministro-de-lula-da-licao-a-quem-difama-o-agronegocio\/","title":{"rendered":"Aldo Rebelo, ex-ministro de Lula, d\u00e1 li\u00e7\u00e3o a quem difama o agroneg\u00f3cio"},"content":{"rendered":"<p> <br \/>\n<\/p>\n<div id=\"hd80s9wa1h892edh8192\">\n<p>O ex-ministro Aldo Rebelo viralizou nas redes sociais com um v\u00eddeo em defesa do agroneg\u00f3cio. Na grava\u00e7\u00e3o, ele critica quem tenta demonizar o setor produtivo rural e alerta para a depend\u00eancia absoluta da sociedade em rela\u00e7\u00e3o \u00e0 agricultura.<\/p>\n<p>\u201cN\u00e3o tem como voc\u00ea combater a fome, nem dar seguran\u00e7a alimentar \u00e0s pessoas que n\u00e3o seja na agricultura\u201d, afirmou. \u201cQuem \u00e9 que produz alimentos? Infelizmente, uma f\u00e1brica de autom\u00f3veis n\u00e3o produz comida. Nem uma f\u00e1brica de computadores, nem de celular, nem de chap\u00e9u, nem de televisores.\u201d<\/p>\n<p><strong>+ Leia mais not\u00edcias de Agroneg\u00f3cio em Oeste<\/strong><\/p>\n<p>Rebelo lembrou que apenas uma categoria \u00e9 capaz de produzir alimento. \u201cS\u00f3 h\u00e1 um tipo humano capaz de produzir alimentos\u201d, disse. \u201c\u00c9 o agricultor e o criador. Se voc\u00ea n\u00e3o tiver um sujeito numa ro\u00e7a, plantando milho, feij\u00e3o, fava, arroz, ou criando uma vaca, um carneiro, como \u00e9 que voc\u00ea vai ter alimento? Ou criando uma galinha?\u201d<\/p>\n<p>A fala ganhou for\u00e7a nas redes por escancarar uma realidade ignorada por setores da milit\u00e2ncia de esquerda. \u201cOs paulistanos n\u00e3o v\u00e3o precisar de um m\u00e9dico todo dia\u201d, enfatizou o pol\u00edtico. \u201cAgora, do agricultor, eles precisam n\u00e3o s\u00f3 todo dia, mas tr\u00eas vezes por dia.\u201d<\/p>\n<p><center><\/p>\n<blockquote class=\"instagram-media\" data-instgrm-captioned=\"\" data-instgrm-permalink=\"https:\/\/www.instagram.com\/reel\/DJMDPjvugQe\/?utm_source=ig_embed&amp;utm_campaign=loading\" data-instgrm-version=\"14\" style=\" background:#FFF; border:0; border-radius:3px; box-shadow:0 0 1px 0 rgba(0,0,0,0.5),0 1px 10px 0 rgba(0,0,0,0.15); margin: 1px; max-width:540px; min-width:326px; padding:0; width:99.375%; width:-webkit-calc(100% - 2px); width:calc(100% - 2px);\"\/><p>\n<\/center><\/p>\n<h2 class=\"wp-block-heading\">Aldo Rebelo tamb\u00e9m denunciou a persegui\u00e7\u00e3o ideol\u00f3gica contra quem produz<\/h2>\n<p>O ex-ministro tamb\u00e9m denunciou a persegui\u00e7\u00e3o ideol\u00f3gica contra quem produz. \u201cEsse <strong>agricultor<\/strong> est\u00e1 produzindo l\u00e1, com todos os riscos do ambiente, do clima, da chuva, da seca, da praga, e ele ainda \u00e9 atacado como se fosse o vil\u00e3o do pa\u00eds.\u201d<\/p>\n<p>Aldo Rebelo foi ministro dos governos <strong>Lula<\/strong> e Dilma. Ocupou as pastas da Defesa, Ci\u00eancia e Tecnologia, Esporte e Rela\u00e7\u00f5es Institucionais. Tamb\u00e9m presidiu a <strong>C\u00e2mara dos Deputados<\/strong> e foi relator do Novo C\u00f3digo Florestal.<\/p>\n<\/p><\/div>\n<p><script async src=\"\/\/www.instagram.com\/embed.js\"><\/script><br \/>\n<br \/><br \/>\n<br \/>Fonte: <a href=\"https:\/\/revistaoeste.com\/agronegocio\/aldo-rebelo-ex-ministro-de-lula-da-licao-a-quem-difama-o-agronegocio\/\">Revista Oeste<\/a><\/p>\n","protected":false},"excerpt":{"rendered":"<p>O ex-ministro Aldo Rebelo viralizou nas redes sociais com um v\u00eddeo em defesa do agroneg\u00f3cio. Na grava\u00e7\u00e3o, ele critica quem tenta demonizar o setor produtivo rural e alerta para a depend\u00eancia absoluta da sociedade em rela\u00e7\u00e3o \u00e0 agricultura. \u201cN\u00e3o tem como voc\u00ea combater a fome, nem dar seguran\u00e7a alimentar \u00e0s pessoas que n\u00e3o seja na [&hellip;]<\/p>\n","protected":false},"author":5,"featured_media":23150,"comment_status":"open","ping_status":"open","sticky":false,"template":"","format":"standard","meta":{"_seopress_robots_primary_cat":"","_seopress_titles_title":"","_seopress_titles_desc":"","_seopress_robots_index":"","footnotes":""},"categories":[53],"tags":[],"class_list":["post-23149","post","type-post","status-publish","format-standard","has-post-thumbnail","hentry","category-agronegocio"],"_links":{"self":[{"href":"https:\/\/mussicom.com\/noticias\/wp-json\/wp\/v2\/posts\/23149","targetHints":{"allow":["GET"]}}],"collection":[{"href":"https:\/\/mussicom.com\/noticias\/wp-json\/wp\/v2\/posts"}],"about":[{"href":"https:\/\/mussicom.com\/noticias\/wp-json\/wp\/v2\/types\/post"}],"author":[{"embeddable":true,"href":"https:\/\/mussicom.com\/noticias\/wp-json\/wp\/v2\/users\/5"}],"replies":[{"embeddable":true,"href":"https:\/\/mussicom.com\/noticias\/wp-json\/wp\/v2\/comments?post=23149"}],"version-history":[{"count":0,"href":"https:\/\/mussicom.com\/noticias\/wp-json\/wp\/v2\/posts\/23149\/revisions"}],"wp:featuredmedia":[{"embeddable":true,"href":"https:\/\/mussicom.com\/noticias\/wp-json\/wp\/v2\/media\/23150"}],"wp:attachment":[{"href":"https:\/\/mussicom.com\/noticias\/wp-json\/wp\/v2\/media?parent=23149"}],"wp:term":[{"taxonomy":"category","embeddable":true,"href":"https:\/\/mussicom.com\/noticias\/wp-json\/wp\/v2\/categories?post=23149"},{"taxonomy":"post_tag","embeddable":true,"href":"https:\/\/mussicom.com\/noticias\/wp-json\/wp\/v2\/tags?post=23149"}],"curies":[{"name":"wp","href":"https:\/\/api.w.org\/{rel}","templated":true}]}}