{"id":22926,"date":"2025-05-25T00:37:30","date_gmt":"2025-05-25T03:37:30","guid":{"rendered":"https:\/\/mussicom.com\/ricardo-lewandowski-prepara-estrategia-contra-foragidos\/"},"modified":"2025-05-25T00:37:30","modified_gmt":"2025-05-25T03:37:30","slug":"ricardo-lewandowski-prepara-estrategia-contra-foragidos","status":"publish","type":"post","link":"https:\/\/mussicom.com\/noticias\/ricardo-lewandowski-prepara-estrategia-contra-foragidos\/","title":{"rendered":"Ricardo Lewandowski prepara estrat\u00e9gia contra foragidos"},"content":{"rendered":"<p> <br \/>\n<\/p>\n<div id=\"hd80s9wa1h892edh8192\">\n<p>O <strong>ministro da Justi\u00e7a,<\/strong> Ricardo Lewandowski, prepara um novo banco de dados com os criminosos mais perigosos foragidos no Brasil.<\/p>\n<p>A plataforma, chamada Projeto Captura, ficar\u00e1 dispon\u00edvel no site oficial da pasta e permitir\u00e1 o acesso direto da popula\u00e7\u00e3o \u00e0s informa\u00e7\u00f5es dos procurados.<\/p>\n<p>A proposta prev\u00ea que cada estado, al\u00e9m do Distrito Federal, indique ao menos tr\u00eas nomes de interesse priorit\u00e1rio. As autoridades estudam oferecer recompensas a quem fornecer dados que levem \u00e0 pris\u00e3o desses indiv\u00edduos.<\/p>\n<figure class=\"wp-block-embed aligncenter is-type-video is-provider-youtube wp-block-embed-youtube wp-embed-aspect-16-9 wp-has-aspect-ratio\">\n<div class=\"wp-block-embed__wrapper\">\n<div class=\"perfmatters-lazy-youtube\" data-src=\"https:\/\/www.youtube.com\/embed\/QLcUUjHjiks\" data-id=\"QLcUUjHjiks\" data-query=\"feature=oembed\" onclick=\"perfmattersLazyLoadYouTube(this);\">\n<div><img fetchpriority=\"high\" decoding=\"async\" src=\"https:\/\/i.ytimg.com\/vi\/QLcUUjHjiks\/hqdefault.jpg\" alt=\"YouTube video\" width=\"480\" height=\"360\" data-pin-nopin=\"true\" nopin=\"nopin\"\/><\/div>\n<\/div>\n<p><noscript><iframe title=\"Lewandowski faz &#039;declara\u00e7\u00e3o de pobreza&#039; e afirma ganhar menos que policiais\" width=\"800\" height=\"450\" src=\"https:\/\/www.youtube.com\/embed\/QLcUUjHjiks?feature=oembed\" frameborder=\"0\" allow=\"accelerometer; autoplay; clipboard-write; encrypted-media; gyroscope; picture-in-picture; web-share\" referrerpolicy=\"strict-origin-when-cross-origin\" allowfullscreen><\/iframe><\/noscript>\n<\/div>\n<\/figure>\n<p>O sistema vai exibir nome completo, foto, n\u00famero de documentos (como CPF), quantidade de condena\u00e7\u00f5es e os crimes praticados por cada foragido. O site tamb\u00e9m reunir\u00e1 os canais oficiais para den\u00fancias an\u00f4nimas.<\/p>\n<p>Atualmente, o governo mant\u00e9m uma lista de criminosos no aplicativo Sinesp Cidad\u00e3o, do Sistema Nacional de Informa\u00e7\u00f5es de Seguran\u00e7a P\u00fablica. No entanto, o minist\u00e9rio considera o sistema defasado. Apenas 14 nomes aparecem na base atual, que deve sair do ar em breve.<\/p>\n<h2 class=\"wp-block-heading\">Preocupa\u00e7\u00e3o de Ricardo Lewandowski exp\u00f5e falhas no combate ao crime<\/h2>\n<p>O ministro <strong>Ricardo Lewandowski<\/strong> defende que a nova ferramenta fortale\u00e7a a coopera\u00e7\u00e3o entre as pol\u00edcias estaduais e federal. Segundo ele, a ideia \u00e9 dar mais transpar\u00eancia \u00e0 atua\u00e7\u00e3o do governo contra o avan\u00e7o das fac\u00e7\u00f5es criminosas.<\/p>\n<p>A proposta estabelece crit\u00e9rios para definir quem ser\u00e1 inclu\u00eddo na lista. Entre os fatores considerados est\u00e3o: n\u00famero de mandados de pris\u00e3o ativos, envolvimento com crimes violentos e liga\u00e7\u00e3o direta com organiza\u00e7\u00f5es criminosas.<\/p>\n<p>As organiza\u00e7\u00f5es criminosas continuam a expandir suas opera\u00e7\u00f5es no Brasil. Fac\u00e7\u00f5es como o Comando Vermelho e o Primeiro Comando da Capital (PCC) aumentaram sua presen\u00e7a em v\u00e1rios estados e dominam rotas de tr\u00e1fico internacional.<\/p>\n<p><strong>+ Leia mais not\u00edcias de Pol\u00edtica em Oeste<\/strong><\/p>\n<p>Recentemente, o senador <strong>Fl\u00e1vio Bolsonaro (PL-RJ)<\/strong> se reuniu com um representante do governo Donald Trump para discutir o avan\u00e7o de fac\u00e7\u00f5es brasileiras nos Estados Unidos.<\/p>\n<p>Uma reuni\u00e3o deve ocorrer em Washington, capital dos Estados Unidos, com a c\u00fapula do governo norte-americano para ampliar o debate.<\/p>\n<\/p><\/div>\n<p><br \/>\n<br \/>Fonte: <a href=\"https:\/\/revistaoeste.com\/politica\/ricardo-lewandowski-prepara-estrategia-contra-foragidos\/\">Ag\u00eancia Brasil<\/a><\/p>\n","protected":false},"excerpt":{"rendered":"<p>O ministro da Justi\u00e7a, Ricardo Lewandowski, prepara um novo banco de dados com os criminosos mais perigosos foragidos no Brasil. A plataforma, chamada Projeto Captura, ficar\u00e1 dispon\u00edvel no site oficial da pasta e permitir\u00e1 o acesso direto da popula\u00e7\u00e3o \u00e0s informa\u00e7\u00f5es dos procurados. A proposta prev\u00ea que cada estado, al\u00e9m do Distrito Federal, indique ao [&hellip;]<\/p>\n","protected":false},"author":5,"featured_media":22927,"comment_status":"open","ping_status":"open","sticky":false,"template":"","format":"standard","meta":{"_seopress_robots_primary_cat":"","_seopress_titles_title":"","_seopress_titles_desc":"","_seopress_robots_index":"","footnotes":""},"categories":[47,1],"tags":[],"class_list":["post-22926","post","type-post","status-publish","format-standard","has-post-thumbnail","hentry","category-politica","category-ultimas-noticias"],"_links":{"self":[{"href":"https:\/\/mussicom.com\/noticias\/wp-json\/wp\/v2\/posts\/22926","targetHints":{"allow":["GET"]}}],"collection":[{"href":"https:\/\/mussicom.com\/noticias\/wp-json\/wp\/v2\/posts"}],"about":[{"href":"https:\/\/mussicom.com\/noticias\/wp-json\/wp\/v2\/types\/post"}],"author":[{"embeddable":true,"href":"https:\/\/mussicom.com\/noticias\/wp-json\/wp\/v2\/users\/5"}],"replies":[{"embeddable":true,"href":"https:\/\/mussicom.com\/noticias\/wp-json\/wp\/v2\/comments?post=22926"}],"version-history":[{"count":0,"href":"https:\/\/mussicom.com\/noticias\/wp-json\/wp\/v2\/posts\/22926\/revisions"}],"wp:featuredmedia":[{"embeddable":true,"href":"https:\/\/mussicom.com\/noticias\/wp-json\/wp\/v2\/media\/22927"}],"wp:attachment":[{"href":"https:\/\/mussicom.com\/noticias\/wp-json\/wp\/v2\/media?parent=22926"}],"wp:term":[{"taxonomy":"category","embeddable":true,"href":"https:\/\/mussicom.com\/noticias\/wp-json\/wp\/v2\/categories?post=22926"},{"taxonomy":"post_tag","embeddable":true,"href":"https:\/\/mussicom.com\/noticias\/wp-json\/wp\/v2\/tags?post=22926"}],"curies":[{"name":"wp","href":"https:\/\/api.w.org\/{rel}","templated":true}]}}