{"id":22880,"date":"2025-05-24T18:31:32","date_gmt":"2025-05-24T21:31:32","guid":{"rendered":"https:\/\/mussicom.com\/lula-volta-a-defender-regulacao-das-redes-sociais\/"},"modified":"2025-05-24T18:31:32","modified_gmt":"2025-05-24T21:31:32","slug":"lula-volta-a-defender-regulacao-das-redes-sociais","status":"publish","type":"post","link":"https:\/\/mussicom.com\/noticias\/lula-volta-a-defender-regulacao-das-redes-sociais\/","title":{"rendered":"Lula volta a defender regula\u00e7\u00e3o das redes sociais"},"content":{"rendered":"<p> <br \/>\n<\/p>\n<div id=\"hd80s9wa1h892edh8192\">\n<p>Neste s\u00e1bado, 24, o presidente <strong>Luiz In\u00e1cio Lula da Silva<\/strong> voltou a defender a regula\u00e7\u00e3o das redes sociais. <\/p>\n<p>O petista declarou que \u201cn\u00e3o \u00e9 poss\u00edvel que tudo tenha controle menos as empresas de aplicativos\u201d, ao discursar em evento realizado em Campo Verde, Mato Grosso, durante o lan\u00e7amento de um programa focado na recupera\u00e7\u00e3o de \u00e1reas agr\u00edcolas.<\/p>\n<p>Lula afirmou que \u00e9 importante combater a \u201cdissemina\u00e7\u00e3o\u201d de informa\u00e7\u00f5es falsas no ambiente pol\u00edtico e mencionou a recente decis\u00e3o do governo de impedir o uso de celulares em escolas. <\/p>\n<p>Ele ainda relatou um caso de bullying nas redes, o que, em sua vis\u00e3o, refor\u00e7a a necessidade de medidas para \u201cgarantir um ambiente digital mais seguro\u201d.<\/p>\n<h2 class=\"wp-block-heading\">Governo Lula prepara lei para regula\u00e7\u00e3o das plataformas digitais<\/h2>\n<p>O <strong>governo federal<\/strong> prepara um projeto de lei para regular plataformas digitais, atualmente em an\u00e1lise por nove minist\u00e9rios. <\/p>\n<p>A proposta, que ainda espera o aval presidencial, prev\u00ea que a Ag\u00eancia Nacional de Prote\u00e7\u00e3o de Dados (ANPD) atue como respons\u00e1vel pela fiscaliza\u00e7\u00e3o das redes, com autoridade para aplicar multas e at\u00e9 bloqueios em casos de descumprimento de ordens de remo\u00e7\u00e3o de conte\u00fado.<\/p>\n<h2 class=\"wp-block-heading\">Incidente com Janja<\/h2>\n<figure class=\"wp-block-image aligncenter size-full is-resized\"><picture><source data-srcset=\"https:\/\/medias.revistaoeste.com\/wp-content\/uploads\/2025\/05\/Lula-e-Xi-Jinping-em-viagem-diplomatica-na-China-.jpg.webp 1280w, https:\/\/medias.revistaoeste.com\/wp-content\/uploads\/2025\/05\/Lula-e-Xi-Jinping-em-viagem-diplomatica-na-China--300x169.jpg.webp 300w, https:\/\/medias.revistaoeste.com\/wp-content\/uploads\/2025\/05\/Lula-e-Xi-Jinping-em-viagem-diplomatica-na-China--400x225.jpg.webp 400w, https:\/\/medias.revistaoeste.com\/wp-content\/uploads\/2025\/05\/Lula-e-Xi-Jinping-em-viagem-diplomatica-na-China--216x121.jpg.webp 216w, https:\/\/medias.revistaoeste.com\/wp-content\/uploads\/2025\/05\/Lula-e-Xi-Jinping-em-viagem-diplomatica-na-China--150x84.jpg.webp 150w\" data-sizes=\"(max-width: 1280px) 100vw, 1280px\" type=\"image\/webp\"><img fetchpriority=\"high\" decoding=\"async\" width=\"1280\" height=\"720\" src=\"https:\/\/medias.revistaoeste.com\/wp-content\/uploads\/2025\/05\/Lula-e-Xi-Jinping-em-viagem-diplomatica-na-China-.jpg\" alt=\"Lula e Xi Jinping em viagem diploma\u0301tica na China | Foto: Ricardo Stuckert\/Presid\u00eancia da Rep\u00fablica\" class=\"wp-image-1992737\" style=\"width:665px;height:auto\" srcset=\"https:\/\/medias.revistaoeste.com\/wp-content\/uploads\/2025\/05\/Lula-e-Xi-Jinping-em-viagem-diplomatica-na-China-.jpg 1280w, https:\/\/medias.revistaoeste.com\/wp-content\/uploads\/2025\/05\/Lula-e-Xi-Jinping-em-viagem-diplomatica-na-China--300x169.jpg 300w, https:\/\/medias.revistaoeste.com\/wp-content\/uploads\/2025\/05\/Lula-e-Xi-Jinping-em-viagem-diplomatica-na-China--400x225.jpg 400w, https:\/\/medias.revistaoeste.com\/wp-content\/uploads\/2025\/05\/Lula-e-Xi-Jinping-em-viagem-diplomatica-na-China--216x121.jpg 216w, https:\/\/medias.revistaoeste.com\/wp-content\/uploads\/2025\/05\/Lula-e-Xi-Jinping-em-viagem-diplomatica-na-China--150x84.jpg 150w\" sizes=\"(max-width: 1280px) 100vw, 1280px\" data-eio=\"p\"\/><\/source><\/picture><figcaption class=\"wp-element-caption\">Integrantes da comitiva brasileira relataram desconforto com a fala de Janja | Foto: Ricardo Stuckert\/Presid\u00eancia da Rep\u00fablica<\/figcaption><\/figure>\n<p>A discuss\u00e3o sobre a regula\u00e7\u00e3o das redes sociais voltou a repercutir depois que Janja da Silva, primeira-dama, comentou sobre o algoritmo do TikTok durante um jantar entre Lula, ministros e o presidente da China, Xi Jinping, ocorrido h\u00e1 cerca de duas semanas durante visita oficial ao pa\u00eds asi\u00e1tico.<\/p>\n<p><strong>Na ocasi\u00e3o, Janja afirmou que o aplicativo chin\u00eas estaria impulsionando conte\u00fados da direita<\/strong> e contribuindo para o avan\u00e7o da \u201cextrema direita\u201d no Brasil. Ela disse que o algoritmo favorece esse tipo de \u201cnarrativa\u201d e sugeriu que a plataforma representa um risco.<\/p>\n<p>Em resposta, Xi Jinping disse que o Brasil tem autonomia suficiente para restringir ou banir o aplicativo de seu territ\u00f3rio.<\/p>\n<p><strong>+ Leia mais not\u00edcias de Pol\u00edtica em Oeste<\/strong><\/p>\n<\/p><\/div>\n<p><br \/>\n<br \/>Fonte: <a href=\"https:\/\/revistaoeste.com\/politica\/lula-volta-a-defender-regulacao-das-redes-sociais\/\">Ag\u00eancia Brasil<\/a><\/p>\n","protected":false},"excerpt":{"rendered":"<p>Neste s\u00e1bado, 24, o presidente Luiz In\u00e1cio Lula da Silva voltou a defender a regula\u00e7\u00e3o das redes sociais. O petista declarou que \u201cn\u00e3o \u00e9 poss\u00edvel que tudo tenha controle menos as empresas de aplicativos\u201d, ao discursar em evento realizado em Campo Verde, Mato Grosso, durante o lan\u00e7amento de um programa focado na recupera\u00e7\u00e3o de \u00e1reas [&hellip;]<\/p>\n","protected":false},"author":5,"featured_media":22881,"comment_status":"open","ping_status":"open","sticky":false,"template":"","format":"standard","meta":{"_seopress_robots_primary_cat":"","_seopress_titles_title":"","_seopress_titles_desc":"","_seopress_robots_index":"","footnotes":""},"categories":[47,1],"tags":[],"class_list":["post-22880","post","type-post","status-publish","format-standard","has-post-thumbnail","hentry","category-politica","category-ultimas-noticias"],"_links":{"self":[{"href":"https:\/\/mussicom.com\/noticias\/wp-json\/wp\/v2\/posts\/22880","targetHints":{"allow":["GET"]}}],"collection":[{"href":"https:\/\/mussicom.com\/noticias\/wp-json\/wp\/v2\/posts"}],"about":[{"href":"https:\/\/mussicom.com\/noticias\/wp-json\/wp\/v2\/types\/post"}],"author":[{"embeddable":true,"href":"https:\/\/mussicom.com\/noticias\/wp-json\/wp\/v2\/users\/5"}],"replies":[{"embeddable":true,"href":"https:\/\/mussicom.com\/noticias\/wp-json\/wp\/v2\/comments?post=22880"}],"version-history":[{"count":0,"href":"https:\/\/mussicom.com\/noticias\/wp-json\/wp\/v2\/posts\/22880\/revisions"}],"wp:featuredmedia":[{"embeddable":true,"href":"https:\/\/mussicom.com\/noticias\/wp-json\/wp\/v2\/media\/22881"}],"wp:attachment":[{"href":"https:\/\/mussicom.com\/noticias\/wp-json\/wp\/v2\/media?parent=22880"}],"wp:term":[{"taxonomy":"category","embeddable":true,"href":"https:\/\/mussicom.com\/noticias\/wp-json\/wp\/v2\/categories?post=22880"},{"taxonomy":"post_tag","embeddable":true,"href":"https:\/\/mussicom.com\/noticias\/wp-json\/wp\/v2\/tags?post=22880"}],"curies":[{"name":"wp","href":"https:\/\/api.w.org\/{rel}","templated":true}]}}