{"id":22844,"date":"2025-05-24T14:27:31","date_gmt":"2025-05-24T17:27:31","guid":{"rendered":"https:\/\/mussicom.com\/eduardo-bolsonaro-irrita-ministros\/"},"modified":"2025-05-24T14:27:31","modified_gmt":"2025-05-24T17:27:31","slug":"eduardo-bolsonaro-irrita-ministros","status":"publish","type":"post","link":"https:\/\/mussicom.com\/noticias\/eduardo-bolsonaro-irrita-ministros\/","title":{"rendered":"Eduardo Bolsonaro irrita ministros"},"content":{"rendered":"<p> <br \/>\n<\/p>\n<div id=\"hd80s9wa1h892edh8192\">\n<p>O deputado federal licenciado<strong> Eduardo Bolsonaro (PL-SP)<\/strong> voltou a atrair a aten\u00e7\u00e3o dos ministros <strong>Supremo Tribunal Federal (STF). <\/strong>Desta vez, por buscar apoio de aliados do governo Donald Trump contra o ministro <strong>Alexandre de Moraes.<\/strong><\/p>\n<h2 class=\"wp-block-heading\">Articula\u00e7\u00f5es de Eduardo Bolsonaro por san\u00e7\u00e3o a Moraes<\/h2>\n<p>Nos bastidores do Supremo, conforme o jornal <em>O Globo<\/em>, integrantes do Tribunal demonstraram irrita\u00e7\u00e3o com a iniciativa. Segundo relatos, ju\u00edzes do STF afirmaram que o parlamentar age com \u201cmolecagem\u201d. Eles classificaram ainda a estrat\u00e9gia como uma \u201ctrai\u00e7\u00e3o ao pa\u00eds\u201d. Os magistrados tamb\u00e9m afirmam que o Brasil est\u00e1 sob \u201cnormalidade institucional\u201d.<\/p>\n<h2 class=\"wp-block-heading\">Rea\u00e7\u00e3o dos ministros do STF<\/h2>\n<p>At\u00e9 o momento, o STF n\u00e3o anunciou nenhuma medida contra Eduardo. No entanto, ministros admitem que o cen\u00e1rio pode mudar, a depender do avan\u00e7o das acusa\u00e7\u00f5es contra Moraes nos EUA.<\/p>\n<figure class=\"wp-block-embed aligncenter is-type-video is-provider-youtube wp-block-embed-youtube wp-embed-aspect-16-9 wp-has-aspect-ratio\">\n<div class=\"wp-block-embed__wrapper\">\n<div class=\"perfmatters-lazy-youtube\" data-src=\"https:\/\/www.youtube.com\/embed\/rG-5JX6aZDc\" data-id=\"rG-5JX6aZDc\" data-query=\"feature=oembed\" onclick=\"perfmattersLazyLoadYouTube(this);\">\n<div><img fetchpriority=\"high\" decoding=\"async\" src=\"https:\/\/i.ytimg.com\/vi\/rG-5JX6aZDc\/hqdefault.jpg\" alt=\"YouTube video\" width=\"480\" height=\"360\" data-pin-nopin=\"true\" nopin=\"nopin\"\/><\/div>\n<\/div>\n<p><noscript><iframe title=\"Eduardo Bolsonaro aponta san\u00e7\u00f5es dos EUA contra Moraes em at\u00e9 tr\u00eas semanas\" width=\"800\" height=\"450\" src=\"https:\/\/www.youtube.com\/embed\/rG-5JX6aZDc?feature=oembed\" frameborder=\"0\" allow=\"accelerometer; autoplay; clipboard-write; encrypted-media; gyroscope; picture-in-picture; web-share\" referrerpolicy=\"strict-origin-when-cross-origin\" allowfullscreen><\/iframe><\/noscript>\n<\/div>\n<\/figure>\n<p>A tens\u00e3o aumentou depois que o secret\u00e1rio de Estado da gest\u00e3o Trump, Marco Rubio, anunciar que Moraes pode ser alvo de san\u00e7\u00f5es por restringir liberdades constitucionais.<\/p>\n<p><strong>Leia tamb\u00e9m: \u201cA lei morreu\u201d, artigo de J. R. Guzzo publicado na Edi\u00e7\u00e3o 258 da Revista Oeste\u00a0<\/strong><\/p>\n<p>Rubio tem sido um cr\u00edtico contundente das a\u00e7\u00f5es do ministro Alexandre de Moraes. Recentemente, ele afirmou que h\u00e1 uma \u201cgrande possibilidade\u201d de que o governo dos EUA imponha san\u00e7\u00f5es contra o juiz do STF com base na Lei Global Magnitsky, que permite penalidades a autoridades estrangeiras envolvidas em corrup\u00e7\u00e3o ou viola\u00e7\u00f5es graves de direitos humanos .<\/p>\n<h2 class=\"wp-block-heading\">PT contra Eduardo <\/h2>\n<p>O deputado<strong> Lindbergh Farias (PT-RJ),<\/strong> que comanda a bancada petista na C\u00e2mara, apresentou uma peti\u00e7\u00e3o \u00e0 <strong>Procuradoria-Geral da Rep\u00fablica.<\/strong> Pediu que o \u00f3rg\u00e3o avalie a pris\u00e3o preventiva de Eduardo.<\/p>\n<p><strong>+ Leia mais not\u00edcias de Pol\u00edtica em Oeste<\/strong><\/p>\n<p>No in\u00edcio de 2025, Lindbergh j\u00e1 havia tentado impedir a sa\u00edda do parlamentar do pa\u00eds, solicitando a reten\u00e7\u00e3o de seu passaporte. <\/p>\n<\/p><\/div>\n<p><br \/>\n<br \/>Fonte: <a href=\"https:\/\/revistaoeste.com\/politica\/ministros-do-stf-sentem-impacto-da-articulacao-de-eduardo-bolsonaro\/\">Ag\u00eancia Brasil<\/a><\/p>\n","protected":false},"excerpt":{"rendered":"<p>O deputado federal licenciado Eduardo Bolsonaro (PL-SP) voltou a atrair a aten\u00e7\u00e3o dos ministros Supremo Tribunal Federal (STF). Desta vez, por buscar apoio de aliados do governo Donald Trump contra o ministro Alexandre de Moraes. Articula\u00e7\u00f5es de Eduardo Bolsonaro por san\u00e7\u00e3o a Moraes Nos bastidores do Supremo, conforme o jornal O Globo, integrantes do Tribunal [&hellip;]<\/p>\n","protected":false},"author":5,"featured_media":22845,"comment_status":"open","ping_status":"open","sticky":false,"template":"","format":"standard","meta":{"_seopress_robots_primary_cat":"","_seopress_titles_title":"","_seopress_titles_desc":"","_seopress_robots_index":"","footnotes":""},"categories":[47,1],"tags":[],"class_list":["post-22844","post","type-post","status-publish","format-standard","has-post-thumbnail","hentry","category-politica","category-ultimas-noticias"],"_links":{"self":[{"href":"https:\/\/mussicom.com\/noticias\/wp-json\/wp\/v2\/posts\/22844","targetHints":{"allow":["GET"]}}],"collection":[{"href":"https:\/\/mussicom.com\/noticias\/wp-json\/wp\/v2\/posts"}],"about":[{"href":"https:\/\/mussicom.com\/noticias\/wp-json\/wp\/v2\/types\/post"}],"author":[{"embeddable":true,"href":"https:\/\/mussicom.com\/noticias\/wp-json\/wp\/v2\/users\/5"}],"replies":[{"embeddable":true,"href":"https:\/\/mussicom.com\/noticias\/wp-json\/wp\/v2\/comments?post=22844"}],"version-history":[{"count":0,"href":"https:\/\/mussicom.com\/noticias\/wp-json\/wp\/v2\/posts\/22844\/revisions"}],"wp:featuredmedia":[{"embeddable":true,"href":"https:\/\/mussicom.com\/noticias\/wp-json\/wp\/v2\/media\/22845"}],"wp:attachment":[{"href":"https:\/\/mussicom.com\/noticias\/wp-json\/wp\/v2\/media?parent=22844"}],"wp:term":[{"taxonomy":"category","embeddable":true,"href":"https:\/\/mussicom.com\/noticias\/wp-json\/wp\/v2\/categories?post=22844"},{"taxonomy":"post_tag","embeddable":true,"href":"https:\/\/mussicom.com\/noticias\/wp-json\/wp\/v2\/tags?post=22844"}],"curies":[{"name":"wp","href":"https:\/\/api.w.org\/{rel}","templated":true}]}}