{"id":22840,"date":"2025-05-24T13:59:39","date_gmt":"2025-05-24T16:59:39","guid":{"rendered":"https:\/\/mussicom.com\/atletismo-sub-18-de-praia-grande-sp-fica-entre-as-quatro-melhores-equipes-do-estado-de-sao-paulo\/"},"modified":"2025-05-24T13:59:39","modified_gmt":"2025-05-24T16:59:39","slug":"atletismo-sub-18-de-praia-grande-sp-fica-entre-as-quatro-melhores-equipes-do-estado-de-sao-paulo","status":"publish","type":"post","link":"https:\/\/mussicom.com\/noticias\/atletismo-sub-18-de-praia-grande-sp-fica-entre-as-quatro-melhores-equipes-do-estado-de-sao-paulo\/","title":{"rendered":"Atletismo sub-18 de Praia Grande\/SP fica entre as quatro melhores equipes do Estado de S\u00e3o Paulo"},"content":{"rendered":"<p> <br \/>\n<\/p>\n<div id=\"texto\">\n<p>O atletismo do Time PG continua se destacando entre as melhores \u00a0equipes do Estado e do Pa\u00eds nas competi\u00e7\u00f5es da temporada 2025. Neste \u00a0final de semana, no Campeonato Estadual sub-18, Praia Grande se \u00a0classificou entre as quatro melhores equipes do estado ao lado de \u00a0pot\u00eancias como SESI, Centro Ol\u00edmpico e Orcampi.<\/p>\n<p>\u00a0<\/p>\n<p>O t\u00e9cnico Rodrigo Augusto da Silva Rosa, o Guto, comemorou o \u00a0desempenho dos nossos atletas: \u201cTivemos neste final de semana o melhor \u00a0resultado da hist\u00f3ria na categoria. Nossos atletas mostraram que \u00a0estamos no caminho certo\u201d.<\/p>\n<p>\u00a0<\/p>\n<p>O Time PG conquistou ouro com Giancarlo da Concei\u00e7\u00e3o na prova dos 200 \u00a0metros rasos fazendo dobradinha no p\u00f3dio com Henrique Costa de \u00a0Carvalho que ficou com a prata. Henrique Costa ainda conquistou mais \u00a0uma medalha de prata na prova dos 100 metros rasos.<\/p>\n<p>\u00a0<\/p>\n<p><strong>Feminino<\/strong> \u2013 O Time PG tamb\u00e9m brilhou no feminino com a atleta Victoria \u00a0Campos de Almeida que conquistou duas medalhas de prata. Uma na prova \u00a0dos 100 metros rasos e repetiu a medalha na prova dos 200 metros.<\/p>\n<p>\u00a0<\/p>\n<p><strong>Revezamento<\/strong> \u2013 No revezamento vieram mais duas medalhas para a cidade. \u00a0No 4 x 100 metros, a equipe composta por Henrique Costa de Carvalho, \u00a0Giancarlo da Concei\u00e7\u00e3o, Pietro dos Santos Paz e Cau\u00e3 Lins ficou com a \u00a0medalha de prata ficando atr\u00e1s apenas da forte equipe do SESI.<\/p>\n<p>\u00a0<\/p>\n<p>No revezamento misto 4 x 400 metros nosso time ficou com a medalha de \u00a0bronze com Giancarlo da Concei\u00e7\u00e3o, Maria Eduarda Ribeiro, Pietro Vaz e \u00a0Vict\u00f3ria Almeida.<\/p>\n<p>\u00a0<\/p>\n<p>O t\u00e9cnico Fl\u00e1vio Barbosa da Cruz ainda destacou a import\u00e2ncia dos \u00a0resultados: \u201cEstamos nos mantendo entre os l\u00edderes do ranking \u00a0nacional, sul americano e ibero americano e estamos buscando vaga na \u00a0Sele\u00e7\u00e3o Brasileira para a disputa do Ibero Americano este ano\u201d.<\/p>\n<\/p><\/div>\n<p><script async defer crossorigin=\"anonymous\" src=\"https:\/\/connect.facebook.net\/pt_BR\/sdk.js#xfbml=1&#038;version=v12.0&#038;appId=&#038;autoLogAppEvents=1\" nonce=\"ou0fI1lo\"><\/script><br \/>\n<br \/><br \/>\n<br \/>Fonte: <a href=\"https:\/\/www.bs9.com.br\/esportes\/atletismo-sub-18-de-praia-grandesp-fica-entre-as-quatro-melhores\/31916\/\">BS9<\/a><\/p>\n","protected":false},"excerpt":{"rendered":"<p>O atletismo do Time PG continua se destacando entre as melhores \u00a0equipes do Estado e do Pa\u00eds nas competi\u00e7\u00f5es da temporada 2025. Neste \u00a0final de semana, no Campeonato Estadual sub-18, Praia Grande se \u00a0classificou entre as quatro melhores equipes do estado ao lado de \u00a0pot\u00eancias como SESI, Centro Ol\u00edmpico e Orcampi. \u00a0 O t\u00e9cnico Rodrigo [&hellip;]<\/p>\n","protected":false},"author":5,"featured_media":22841,"comment_status":"open","ping_status":"open","sticky":false,"template":"","format":"standard","meta":{"_seopress_robots_primary_cat":"","_seopress_titles_title":"","_seopress_titles_desc":"","_seopress_robots_index":"","footnotes":""},"categories":[52],"tags":[],"class_list":["post-22840","post","type-post","status-publish","format-standard","has-post-thumbnail","hentry","category-santoseregiao"],"_links":{"self":[{"href":"https:\/\/mussicom.com\/noticias\/wp-json\/wp\/v2\/posts\/22840","targetHints":{"allow":["GET"]}}],"collection":[{"href":"https:\/\/mussicom.com\/noticias\/wp-json\/wp\/v2\/posts"}],"about":[{"href":"https:\/\/mussicom.com\/noticias\/wp-json\/wp\/v2\/types\/post"}],"author":[{"embeddable":true,"href":"https:\/\/mussicom.com\/noticias\/wp-json\/wp\/v2\/users\/5"}],"replies":[{"embeddable":true,"href":"https:\/\/mussicom.com\/noticias\/wp-json\/wp\/v2\/comments?post=22840"}],"version-history":[{"count":0,"href":"https:\/\/mussicom.com\/noticias\/wp-json\/wp\/v2\/posts\/22840\/revisions"}],"wp:featuredmedia":[{"embeddable":true,"href":"https:\/\/mussicom.com\/noticias\/wp-json\/wp\/v2\/media\/22841"}],"wp:attachment":[{"href":"https:\/\/mussicom.com\/noticias\/wp-json\/wp\/v2\/media?parent=22840"}],"wp:term":[{"taxonomy":"category","embeddable":true,"href":"https:\/\/mussicom.com\/noticias\/wp-json\/wp\/v2\/categories?post=22840"},{"taxonomy":"post_tag","embeddable":true,"href":"https:\/\/mussicom.com\/noticias\/wp-json\/wp\/v2\/tags?post=22840"}],"curies":[{"name":"wp","href":"https:\/\/api.w.org\/{rel}","templated":true}]}}