{"id":22822,"date":"2025-05-24T12:26:45","date_gmt":"2025-05-24T15:26:45","guid":{"rendered":"https:\/\/mussicom.com\/moraes-sobe-tom-autoritario-em-meio-a-possivel-sancao-dos-eua\/"},"modified":"2025-05-24T12:26:45","modified_gmt":"2025-05-24T15:26:45","slug":"moraes-sobe-tom-autoritario-em-meio-a-possivel-sancao-dos-eua","status":"publish","type":"post","link":"https:\/\/mussicom.com\/noticias\/moraes-sobe-tom-autoritario-em-meio-a-possivel-sancao-dos-eua\/","title":{"rendered":"Moraes sobe tom autorit\u00e1rio em meio \u00e0 poss\u00edvel san\u00e7\u00e3o dos EUA"},"content":{"rendered":"<p> <br \/>\n<\/p>\n<div>\n<p class=\"postParagraph_post-paragraph-innerHtml__Q5vwc\">Em meio \u00e0 crescente possibilidade de sofrer san\u00e7\u00f5es por parte do governo americano, o ministro Alexandre de Moraes decidiu subir o tom autorit\u00e1rio ao longo desta semana, no julgamento sobre o suposto golpe de Estado. Ao longo das sess\u00f5es na Primeira Turma do Supremo Tribunal Federal (STF), o ministro assumiu postura ainda mais belicosa, o que gerou debates acalorados com as testemunhas.<\/p>\n<p class=\"postParagraph_post-paragraph__juWZN\">Na segunda-feira (19), durante o depoimento do general Marco Ant\u00f4nio Freire Gomes, ex-comandante do Ex\u00e9rcito, Moraes chamou o Supremo de \u201cmeu tribunal\u201d. O advogado de Anderson Torres questionava Freire Gomes sobre o conte\u00fado de documentos que teriam sido apresentado em reuni\u00f5es sobre o suposto golpe. O general n\u00e3o confirmou se o documento que teria sido apresentado em uma reuni\u00e3o da qual fez parte era o mesmo que foi mostrado a ele durante seu depoimento \u00e0 Pol\u00edcia Federal.<\/p>\n<p class=\"postParagraph_post-paragraph-innerHtml__Q5vwc\">Moraes interrompeu o advogado, alegando que ele teria feito a mesma pergunta por quatro vezes. \u201cN\u00e3o estamos aqui para fazer circo. N\u00e3o vou permitir que fa\u00e7a circo aqui no meu tribunal\u201d, disse o ministro. Moraes ainda amea\u00e7ou cortar o microfone do advogado se ele continuasse \u201ctentando induzir\u201d a testemunha.\u00a0<\/p>\n<p class=\"postParagraph_post-paragraph__juWZN\">J\u00e1 nesta sexta (23), o ministro amea\u00e7ou prender o ex-presidente da C\u00e2mara e ex-ministro da Defesa Aldo Rebelo dizendo que se ele n\u00e3o se comportasse seria preso por desacato.<\/p>\n<p class=\"postParagraph_post-paragraph__juWZN\">Conforme as investiga\u00e7\u00f5es da Pol\u00edcia Federal (PF), numa das reuni\u00f5es com outros comandantes das For\u00e7as Armadas, o almirante Almir Garnier Santos teria dito ao ent\u00e3o presidente Jair Bolsonaro (PL) que estaria \u201c\u00e0 disposi\u00e7\u00e3o\u201d. No interrogat\u00f3rio, Rebelo come\u00e7ou a responder que o almirante teria usado uma for\u00e7a de express\u00e3o.<\/p>\n<p class=\"postParagraph_post-paragraph__juWZN\">\u201cNa l\u00edngua portuguesa conhecemos que se usa a for\u00e7a da express\u00e3o. A for\u00e7a de express\u00e3o nunca pode ser tomada literalmente. Se digo que estou frito, n\u00e3o significa que esteja na frigideira. Quando estou apertado, n\u00e3o significa que estou sob press\u00e3o literal. Estou \u00e0 disposi\u00e7\u00e3o, essa express\u00e3o n\u00e3o deve ser lida literalmente&#8230;\u201d, respondeu Rebelo.<\/p>\n<p class=\"postParagraph_post-paragraph__juWZN\">Nesse momento, Moraes interrompeu o depoimento e perguntou a Aldo Rebelo se ele estava na reuni\u00e3o em que Garnier teria dito a Bolsonaro que estava \u00e0 disposi\u00e7\u00e3o. O ex-ministro da Defesa sinalizou que n\u00e3o estava presente, e ent\u00e3o o ministro o repreendeu: \u201cEnt\u00e3o o senhor n\u00e3o tem condi\u00e7\u00e3o de avaliar a l\u00edngua portuguesa naquele momento. Atenha-se aos fatos!\u201d<\/p>\n<p class=\"postParagraph_post-paragraph__juWZN\">Rebelo rebateu: \u201cEm primeiro lugar, a minha aprecia\u00e7\u00e3o da l\u00edngua portuguesa \u00e9 minha e eu n\u00e3o admito censura!\u201d. O ministro do STF, ent\u00e3o, o amea\u00e7ou de pris\u00e3o por suposto desacato a autoridade. \u201cSe o senhor n\u00e3o se comportar, vai ser preso por desacato!\u201d.<\/p>\n<h2 class=\"postParagraph_post-paragraph__juWZN postParagraph_type-tag-h2__TtFkT\">Postura de Moraes n\u00e3o contribui para a melhor condu\u00e7\u00e3o do processo, avalia analista<\/h2>\n<p class=\"postParagraph_post-paragraph-innerHtml__Q5vwc\">Na avalia\u00e7\u00e3o do analista pol\u00edtico e diretor de opera\u00e7\u00f5es do <em>Ranking dos Pol\u00edticos<\/em>, Luan Sperandio, as condi\u00e7\u00f5es de temperatura e press\u00e3o nas audi\u00eancias do atual julgamento tem sido mais afloradas, mas os epis\u00f3dios recentes n\u00e3o s\u00e3o algo in\u00e9dito.<\/p>\n<p class=\"postParagraph_post-paragraph__juWZN\">\u201cEm mar\u00e7o tivemos o caso do desembargador aposentado Sebasti\u00e3o Coelho, que foi detido por desacato em um princ\u00edpio de tumulto em meio ao julgamento. Sem d\u00favidas, esse tipo de situa\u00e7\u00e3o n\u00e3o contribui para a melhor condu\u00e7\u00e3o do processo cujo interesse p\u00fablico \u00e9 a resolu\u00e7\u00e3o do caso a luz do ordenamento jur\u00eddico, respeitando o contradit\u00f3rio e a ampla defesa\u201d, afirma Sperandio.<\/p>\n<p class=\"postParagraph_post-paragraph__juWZN\">O analista pol\u00edtico aponta que a possibilidade de san\u00e7\u00e3o do governo dos Estados Unidos contra Moraes, verbalizada nesta semana pelo secret\u00e1rio de Estado norte-americano, Marco Rubio, representa um ponto de press\u00e3o sobre o ministro.<\/p>\n<p class=\"postParagraph_post-paragraph__juWZN\">\u201cEssa repercuss\u00e3o \u00e9 muito negativa para o julgamento, porque cria a percep\u00e7\u00e3o de o processo estar sendo maculado e pode tirar a legitimidade da Corte. Na percep\u00e7\u00e3o p\u00fablica, isso repercute mais do que os pr\u00f3prios fatos graves que est\u00e3o sendo analisados\u201d, declara.<\/p>\n<h2 class=\"postParagraph_post-paragraph__juWZN postParagraph_type-tag-h2__TtFkT\">H\u00e1 \u201cgrande possibilidade\u201d de san\u00e7\u00f5es contra Moraes, diz secret\u00e1rio de Estado dos EUA<\/h2>\n<p class=\"postParagraph_post-paragraph-innerHtml__Q5vwc\">Nesta quarta-feira (21), o secret\u00e1rio de Estado dos Estados Unidos, Marco Rubio, afirmou que h\u00e1 \u201cgrande possibilidade\u201d de o governo americano impor san\u00e7\u00f5es a Alexandre de Moraes. A declara\u00e7\u00e3o foi dada durante uma audi\u00eancia do Comit\u00ea de Rela\u00e7\u00f5es Exteriores da C\u00e2mara dos Deputados dos EUA, em Washington, que abordou o papel do Departamento de Estado e o compromisso com a prote\u00e7\u00e3o dos interesses americanos.<\/p>\n<p class=\"postParagraph_post-paragraph__juWZN\">\u201cIsso est\u00e1 sendo analisado neste momento e h\u00e1 uma grande possibilidade de que isso aconte\u00e7a&#8221;, disse o secret\u00e1rio de Estado.<\/p>\n<p class=\"postParagraph_post-paragraph-innerHtml__Q5vwc\">Foi a primeira vez que um integrante do governo americano falou diretamente sobre a aplica\u00e7\u00e3o da Lei Magnitsky, uma esp\u00e9cie de \u201cpena de morte financeira\u201d contra o ministro do Supremo.\u00a0\u00a0<\/p>\n<p class=\"postParagraph_post-paragraph-innerHtml__Q5vwc\">Se for enquadrado na Lei Magnitsky Global, Alexandre de Moraes ter\u00e1 muitas dificuldades em utilizar o sistema banc\u00e1rio. Isso acontece porque quaisquer institui\u00e7\u00f5es que atuem nos Estados Unidos tamb\u00e9m estariam inclu\u00eddas, mesmo que tenham sede fora do territ\u00f3rio americano. A lista abarca todos os principais bancos que atuam no Brasil \u2014 at\u00e9 mesmo o Banco do Brasil, que mant\u00e9m ag\u00eancias nos Estados Unidos, est\u00e1 sujeito ao banimento.<\/p>\n<p class=\"postParagraph_post-paragraph__juWZN\">O mesmo vale para as principais companhias de cart\u00e3o de cr\u00e9dito (como Visa, Mastercard, e American Express).\u00a0Caso descumpram as determina\u00e7\u00f5es da Lei Magnitsky, essas empresas ficam sujeitas \u00e0s mesmas puni\u00e7\u00f5es do alvo original da san\u00e7\u00e3o. Para um banco ou institui\u00e7\u00e3o financeira, isso equivale a uma senten\u00e7a de morte. Al\u00e9m disso, os respons\u00e1veis por essas companhias podem pegar at\u00e9 20 anos de pris\u00e3o.<\/p>\n<\/div>\n<p><br \/>\n<br \/>Fonte: <a href=\"https:\/\/www.gazetadopovo.com.br\/republica\/alexandre-moraes-sobe-tom-autoritarismo-possivel-sancao-eua\/\">Revista Oeste<\/a><\/p>\n","protected":false},"excerpt":{"rendered":"<p>Em meio \u00e0 crescente possibilidade de sofrer san\u00e7\u00f5es por parte do governo americano, o ministro Alexandre de Moraes decidiu subir o tom autorit\u00e1rio ao longo desta semana, no julgamento sobre o suposto golpe de Estado. Ao longo das sess\u00f5es na Primeira Turma do Supremo Tribunal Federal (STF), o ministro assumiu postura ainda mais belicosa, o [&hellip;]<\/p>\n","protected":false},"author":5,"featured_media":22823,"comment_status":"open","ping_status":"open","sticky":false,"template":"","format":"standard","meta":{"_seopress_robots_primary_cat":"","_seopress_titles_title":"","_seopress_titles_desc":"","_seopress_robots_index":"","footnotes":""},"categories":[1],"tags":[],"class_list":["post-22822","post","type-post","status-publish","format-standard","has-post-thumbnail","hentry","category-ultimas-noticias"],"_links":{"self":[{"href":"https:\/\/mussicom.com\/noticias\/wp-json\/wp\/v2\/posts\/22822","targetHints":{"allow":["GET"]}}],"collection":[{"href":"https:\/\/mussicom.com\/noticias\/wp-json\/wp\/v2\/posts"}],"about":[{"href":"https:\/\/mussicom.com\/noticias\/wp-json\/wp\/v2\/types\/post"}],"author":[{"embeddable":true,"href":"https:\/\/mussicom.com\/noticias\/wp-json\/wp\/v2\/users\/5"}],"replies":[{"embeddable":true,"href":"https:\/\/mussicom.com\/noticias\/wp-json\/wp\/v2\/comments?post=22822"}],"version-history":[{"count":0,"href":"https:\/\/mussicom.com\/noticias\/wp-json\/wp\/v2\/posts\/22822\/revisions"}],"wp:featuredmedia":[{"embeddable":true,"href":"https:\/\/mussicom.com\/noticias\/wp-json\/wp\/v2\/media\/22823"}],"wp:attachment":[{"href":"https:\/\/mussicom.com\/noticias\/wp-json\/wp\/v2\/media?parent=22822"}],"wp:term":[{"taxonomy":"category","embeddable":true,"href":"https:\/\/mussicom.com\/noticias\/wp-json\/wp\/v2\/categories?post=22822"},{"taxonomy":"post_tag","embeddable":true,"href":"https:\/\/mussicom.com\/noticias\/wp-json\/wp\/v2\/tags?post=22822"}],"curies":[{"name":"wp","href":"https:\/\/api.w.org\/{rel}","templated":true}]}}