{"id":22695,"date":"2025-05-24T00:15:06","date_gmt":"2025-05-24T03:15:06","guid":{"rendered":"https:\/\/mussicom.com\/pl-mulher-diz-que-indireta-de-janja-para-michelle-e-devaneio\/"},"modified":"2025-05-24T00:15:06","modified_gmt":"2025-05-24T03:15:06","slug":"pl-mulher-diz-que-indireta-de-janja-para-michelle-e-devaneio","status":"publish","type":"post","link":"https:\/\/mussicom.com\/noticias\/pl-mulher-diz-que-indireta-de-janja-para-michelle-e-devaneio\/","title":{"rendered":"PL Mulher diz que indireta de Janja para Michelle \u00e9 \u201cdevaneio\u201d"},"content":{"rendered":"<p> <br \/>\n<\/p>\n<div>\n<p class=\"postParagraph_post-paragraph__juWZN\">O PL Mulher classificou a indireta da primeira-dama Janja Lula da Silva \u00e0 sua antecessora Michelle Bolsonaro como \u201capenas mais um de v\u00e1rios epis\u00f3dios de devaneios e pronunciamentos inconvenientes\u201d da atual ocupante do cargo.<\/p>\n<p class=\"postParagraph_post-paragraph-innerHtml__Q5vwc\">A mulher de Lula ironizou Michelle durante uma entrevista \u00e0 <em>Folha de S. Paulo<\/em> divulgada nesta sexta-feira (23). Questionada se costuma contar com aux\u00edlio de maquiador em viagens, Janja disse que a estavam confundindo com \u201ca outra\u201d.<\/p>\n<p class=\"postParagraph_post-paragraph__juWZN\">&#8220;N\u00e3o sou essas, voc\u00ea est\u00e1 confundindo a primeira-dama. Ent\u00e3o, \u00e9 a outra, n\u00e3o sou eu. \u00c0s vezes \u00e9 exaustivo, porque eu tenho que passar a minha roupa, eu mesma fa\u00e7o o meu cabelo, tirei os \u00f3culos eu n\u00e3o enxergo nada, \u00e9 tudo emba\u00e7ado. Como \u00e9 que maquio?\u201d, afirmou.<\/p>\n<div class=\"postViewMore_post-view-more-container___5wai\" data-mrf-recirculation=\"Post - Veja tamb\u00e9m\">\n<p class=\"gp-styles-module-size-small-afeYRa gp-styles-module-font-family2-afeYRa gp-styles-module-color-secondary-afeYRa gp-styles-module-weight-bold-afeYRa\">VEJA TAMB\u00c9M:<\/p>\n<ul class=\"postViewMore_post-view-more-list__CU_CE\">\n<li class=\"postViewMore_post-view-more-item__2MzRb\"><span class=\"postViewMore_post-view-more-link-icon___stPC\"><svg xmlns=\"http:\/\/www.w3.org\/2000\/svg\" width=\"16\" height=\"16\" viewbox=\"0 0 16 16\"><rect width=\"16\" height=\"16\" fill=\"none\"\/><g transform=\"translate(3 3)\"><path d=\"M22.5,15l3.4,3.4-3.4,3.4\" transform=\"translate(-15.896 -11.793)\" fill=\"none\" stroke=\"#717171\" stroke-linecap=\"round\" stroke-width=\"1.4\"\/><path d=\"M6,6v4.2a2.452,2.452,0,0,0,2.5,2.4H16\" transform=\"translate(-6 -6)\" fill=\"none\" stroke=\"#717171\" stroke-linecap=\"round\" stroke-width=\"1.4\"\/><\/g><\/svg><\/span><span class=\"postViewMore_post-view-more-link-text__hO_kM\">Janja descarta candidatura, nega gafe na China, ironiza Michelle e reitera cr\u00edtica a Musk<\/span><\/li>\n<\/ul>\n<\/div>\n<p class=\"postParagraph_post-paragraph__juWZN\">A alfinetada de Janja fazia refer\u00eancia ao fato de Michelle contar com o trabalho do maquiador Agustin Fernandez durante viagens para cumprir agendas oficiais. O PL Mulher \u00e9 presidido pela ex-primeira-dama, que evitou comentar a declara\u00e7\u00e3o de Janja diretamente.<\/p>\n<p class=\"postParagraph_post-paragraph__juWZN\">\u201cPor considerarmos que as falas de Janja constituem apenas mais um de v\u00e1rios epis\u00f3dios de devaneios e pronunciamentos inconvenientes da atual primeira-dama, n\u00e3o haver\u00e1 manifesta\u00e7\u00e3o da Presidente do PL Mulher\u201d, diz o comunicado.<\/p>\n<h2 class=\"postParagraph_post-paragraph__juWZN postParagraph_type-tag-h2__TtFkT\">Veja a \u00edntegra da nota do PL Mulher:<\/h2>\n<p class=\"postParagraph_post-paragraph-innerHtml__Q5vwc\"><em>\u201cDevido ao grande n\u00famero de pedidos que temos recebido de jornalistas de v\u00e1rios ve\u00edculos de comunica\u00e7\u00e3o, solicitando alguma manifesta\u00e7\u00e3o da senhora Michelle Bolsonaro aos coment\u00e1rios feitos por Janja da Silva durante uma entrevista, informamos que:<\/em><\/p>\n<p class=\"postParagraph_post-paragraph-innerHtml__Q5vwc\"><em>Por considerarmos que as falas de Janja constituem apenas mais um de v\u00e1rios epis\u00f3dios de devaneios e pronunciamentos inconvenientes da atual primeira-dama, n\u00e3o haver\u00e1 manifesta\u00e7\u00e3o da Presidente do PL Mulher\u201d.<\/em><\/p>\n<\/div>\n<p><br \/>\n<br \/>Fonte: <a href=\"https:\/\/www.gazetadopovo.com.br\/republica\/indireta-de-janja-para-michelle-e-devaneio-da-atual-primeira-dama-diz-pl-mulher\/\">Revista Oeste<\/a><\/p>\n","protected":false},"excerpt":{"rendered":"<p>O PL Mulher classificou a indireta da primeira-dama Janja Lula da Silva \u00e0 sua antecessora Michelle Bolsonaro como \u201capenas mais um de v\u00e1rios epis\u00f3dios de devaneios e pronunciamentos inconvenientes\u201d da atual ocupante do cargo. A mulher de Lula ironizou Michelle durante uma entrevista \u00e0 Folha de S. Paulo divulgada nesta sexta-feira (23). Questionada se costuma [&hellip;]<\/p>\n","protected":false},"author":5,"featured_media":22696,"comment_status":"open","ping_status":"open","sticky":false,"template":"","format":"standard","meta":{"_seopress_robots_primary_cat":"","_seopress_titles_title":"","_seopress_titles_desc":"","_seopress_robots_index":"","footnotes":""},"categories":[1],"tags":[],"class_list":["post-22695","post","type-post","status-publish","format-standard","has-post-thumbnail","hentry","category-ultimas-noticias"],"_links":{"self":[{"href":"https:\/\/mussicom.com\/noticias\/wp-json\/wp\/v2\/posts\/22695","targetHints":{"allow":["GET"]}}],"collection":[{"href":"https:\/\/mussicom.com\/noticias\/wp-json\/wp\/v2\/posts"}],"about":[{"href":"https:\/\/mussicom.com\/noticias\/wp-json\/wp\/v2\/types\/post"}],"author":[{"embeddable":true,"href":"https:\/\/mussicom.com\/noticias\/wp-json\/wp\/v2\/users\/5"}],"replies":[{"embeddable":true,"href":"https:\/\/mussicom.com\/noticias\/wp-json\/wp\/v2\/comments?post=22695"}],"version-history":[{"count":0,"href":"https:\/\/mussicom.com\/noticias\/wp-json\/wp\/v2\/posts\/22695\/revisions"}],"wp:featuredmedia":[{"embeddable":true,"href":"https:\/\/mussicom.com\/noticias\/wp-json\/wp\/v2\/media\/22696"}],"wp:attachment":[{"href":"https:\/\/mussicom.com\/noticias\/wp-json\/wp\/v2\/media?parent=22695"}],"wp:term":[{"taxonomy":"category","embeddable":true,"href":"https:\/\/mussicom.com\/noticias\/wp-json\/wp\/v2\/categories?post=22695"},{"taxonomy":"post_tag","embeddable":true,"href":"https:\/\/mussicom.com\/noticias\/wp-json\/wp\/v2\/tags?post=22695"}],"curies":[{"name":"wp","href":"https:\/\/api.w.org\/{rel}","templated":true}]}}