{"id":22636,"date":"2025-05-23T20:27:40","date_gmt":"2025-05-23T23:27:40","guid":{"rendered":"https:\/\/mussicom.com\/nestle-vai-gastar-r-500-mi-para-aquecer-os-lucros\/"},"modified":"2025-05-23T20:27:40","modified_gmt":"2025-05-23T23:27:40","slug":"nestle-vai-gastar-r-500-mi-para-aquecer-os-lucros","status":"publish","type":"post","link":"https:\/\/mussicom.com\/noticias\/nestle-vai-gastar-r-500-mi-para-aquecer-os-lucros\/","title":{"rendered":"Nestl\u00e9 vai &#8216;gastar&#8217; R$ 500 mi para aquecer os lucros"},"content":{"rendered":"<p> <br \/>\n<\/p>\n<div id=\"hd80s9wa1h892edh8192\">\n<p>Muito antes de bater recordes de pre\u00e7o, o caf\u00e9 j\u00e1 era ouro preto para o Brasil. O agro nacional lidera a produ\u00e7\u00e3o e a exporta\u00e7\u00e3o no planeta, e a bebida ocupa um papel indissoci\u00e1vel na cultura popular.<\/p>\n<p><strong><strong>+ Conhe\u00e7a Curiosamente e descubra o que esconderam de voc\u00ea<\/strong><\/strong><\/p>\n<p>A combina\u00e7\u00e3o de ingredientes saborosos atrai gigantes estrangeiros com paladar apurado para lucros aquecidos. Entre eles, a Nestl\u00e9 \u2014 que anunciou o incremento de R$ 500 milh\u00f5es nas opera\u00e7\u00f5es no pa\u00eds.<\/p>\n<p><strong>+ Leia mais not\u00edcias de Agroneg\u00f3cio em Oeste<\/strong><\/p>\n<p>O grupo revelou detalhes da decis\u00e3o durante uma apresenta\u00e7\u00e3o nesta sexta-feira, 23. A maior parte do dinheiro ser\u00e1 para aumentar o volume das vendas da linha Nescaf\u00e9 Dolce Gusto \u2014 a marca que apostou em servir uma op\u00e7\u00e3o r\u00e1pida da bebida <em>premium<\/em>.<\/p>\n<p>Lan\u00e7adas em 2006 na Su\u00ed\u00e7a, pa\u00eds-sede da empresa, as c\u00e1psulas de caf\u00e9 da linha chegaram ao Brasil em 2009. De l\u00e1 para c\u00e1, as cafeteiras para consumi-las se espalharam n\u00e3o s\u00f3 por casas, mas tamb\u00e9m por escrit\u00f3rios, restaurantes e lojas de conveni\u00eancia em todo o territ\u00f3rio brasileiro.<\/p>\n<h2 class=\"wp-block-heading\">Caf\u00e9 do Brasil e doce gosto do lucro da Nestl\u00e9<\/h2>\n<p>O consumo fora do lar caiu no gosto dos executivos do grupo. Hoje, s\u00e3o 26,5 mil cafeteiras espalhadas por todo o territ\u00f3rio nacional \u2014 \u00e9 a maior opera\u00e7\u00e3o das famosas c\u00e1psulas em todo o planeta.<\/p>\n<p>As cafeteiras se tornaram m\u00e1quinas de dinheiro. A aposta, agora, \u00e9 clara: quanto mais pontos com o equipamento, maior o lucro no caixa. A nova meta \u00e9 passar das 30 mil unidades at\u00e9 o fim de 2025.<\/p>\n<blockquote class=\"instagram-media\" data-instgrm-permalink=\"https:\/\/www.instagram.com\/reel\/DITzcmduEGS\/?utm_source=ig_embed&amp;utm_campaign=loading\" data-instgrm-version=\"14\" style=\" background:#FFF; border:0; border-radius:3px; box-shadow:0 0 1px 0 rgba(0,0,0,0.5),0 1px 10px 0 rgba(0,0,0,0.15); margin: 1px; max-width:540px; min-width:326px; padding:0; width:99.375%; width:-webkit-calc(100% - 2px); width:calc(100% - 2px);\"\/>\n<p>Para chegar a esse n\u00edvel, ser\u00e1 preciso ainda mais p\u00f3. O jeito \u00e9 ampliar a f\u00e1brica da Nestl\u00e9 de Monte Carmelo, no interior de Minas Gerais. De l\u00e1, saem as embalagens do Nescaf\u00e9 Dolce Gusto para toda a Am\u00e9rica Latina. Hoje, o lugar consegue produzir 1 bilh\u00e3o de c\u00e1psulas por ano \u2014 ou seja, os R$ 500 milh\u00f5es de investimento da Nestl\u00e9 equivalem a cerca de 50 centavos por c\u00e1psula. O Brasil paga essa conta com o caf\u00e9 no bule, e ainda d\u00e1 para deixar uma gorjeta debaixo da x\u00edcara.<\/p>\n<\/p><\/div>\n<p><script async src=\"\/\/www.instagram.com\/embed.js\"><\/script><br \/>\n<br \/><br \/>\n<br \/>Fonte: <a href=\"https:\/\/revistaoeste.com\/agronegocio\/nestle-vai-gastar-r-500-milhoes-para-aquecer-os-lucros-com-cafe-no-brasil\/\">Revista Oeste<\/a><\/p>\n","protected":false},"excerpt":{"rendered":"<p>Muito antes de bater recordes de pre\u00e7o, o caf\u00e9 j\u00e1 era ouro preto para o Brasil. O agro nacional lidera a produ\u00e7\u00e3o e a exporta\u00e7\u00e3o no planeta, e a bebida ocupa um papel indissoci\u00e1vel na cultura popular. + Conhe\u00e7a Curiosamente e descubra o que esconderam de voc\u00ea A combina\u00e7\u00e3o de ingredientes saborosos atrai gigantes estrangeiros [&hellip;]<\/p>\n","protected":false},"author":5,"featured_media":22637,"comment_status":"open","ping_status":"open","sticky":false,"template":"","format":"standard","meta":{"_seopress_robots_primary_cat":"","_seopress_titles_title":"","_seopress_titles_desc":"","_seopress_robots_index":"","footnotes":""},"categories":[53],"tags":[],"class_list":["post-22636","post","type-post","status-publish","format-standard","has-post-thumbnail","hentry","category-agronegocio"],"_links":{"self":[{"href":"https:\/\/mussicom.com\/noticias\/wp-json\/wp\/v2\/posts\/22636","targetHints":{"allow":["GET"]}}],"collection":[{"href":"https:\/\/mussicom.com\/noticias\/wp-json\/wp\/v2\/posts"}],"about":[{"href":"https:\/\/mussicom.com\/noticias\/wp-json\/wp\/v2\/types\/post"}],"author":[{"embeddable":true,"href":"https:\/\/mussicom.com\/noticias\/wp-json\/wp\/v2\/users\/5"}],"replies":[{"embeddable":true,"href":"https:\/\/mussicom.com\/noticias\/wp-json\/wp\/v2\/comments?post=22636"}],"version-history":[{"count":0,"href":"https:\/\/mussicom.com\/noticias\/wp-json\/wp\/v2\/posts\/22636\/revisions"}],"wp:featuredmedia":[{"embeddable":true,"href":"https:\/\/mussicom.com\/noticias\/wp-json\/wp\/v2\/media\/22637"}],"wp:attachment":[{"href":"https:\/\/mussicom.com\/noticias\/wp-json\/wp\/v2\/media?parent=22636"}],"wp:term":[{"taxonomy":"category","embeddable":true,"href":"https:\/\/mussicom.com\/noticias\/wp-json\/wp\/v2\/categories?post=22636"},{"taxonomy":"post_tag","embeddable":true,"href":"https:\/\/mussicom.com\/noticias\/wp-json\/wp\/v2\/tags?post=22636"}],"curies":[{"name":"wp","href":"https:\/\/api.w.org\/{rel}","templated":true}]}}