{"id":22571,"date":"2025-05-23T16:28:40","date_gmt":"2025-05-23T19:28:40","guid":{"rendered":"https:\/\/mussicom.com\/com-o-agente-secreto-na-disputa-saiba-onde-assistir-a-premiacao-do-festival-de-cannes\/"},"modified":"2025-05-23T16:28:40","modified_gmt":"2025-05-23T19:28:40","slug":"com-o-agente-secreto-na-disputa-saiba-onde-assistir-a-premiacao-do-festival-de-cannes","status":"publish","type":"post","link":"https:\/\/mussicom.com\/noticias\/com-o-agente-secreto-na-disputa-saiba-onde-assistir-a-premiacao-do-festival-de-cannes\/","title":{"rendered":"Com O Agente Secreto na disputa, saiba onde assistir \u00e0 premia\u00e7\u00e3o do Festival de Cannes"},"content":{"rendered":"<p> <br \/>\n<\/p>\n<div>\n<p><strong><em>O Agente Secreto<\/em><\/strong>, novo filme de <strong>Kleber Mendon\u00e7a Filho<\/strong>(<em>Bacurau<\/em>), pode se tornar o segundo longa brasileiro a vencer a Palma de Ouro no Festival de Cannes\u00a0neste s\u00e1bado, 24. A primeira vez aconteceu em 1962, com a vit\u00f3ria de <em><strong>O Pagador de Promessas<\/strong><\/em>, de <strong>Anselmo Duarte<\/strong>. Saiba como assistir \u00e0 cerim\u00f4nia:<\/p>\n<h4><strong>Qual \u00e9 a hist\u00f3ria de <em>O Agente Secreto<\/em>?<\/strong><\/h4>\n<p>A trama \u00e9 ambientada na d\u00e9cada de 1970 e gira em torno de <strong>Marcelo<\/strong> (<strong>Wagner Moura<\/strong>), um professor universit\u00e1rio que foge de S\u00e3o Paulo para Recife para escapar de agentes governamentais que o procuram por atividades subversivas. No entanto, logo descobre que est\u00e1 sendo espionado pelos vizinhos. Confira a primeira cena divulgada:<\/p>\n<p><iframe title=\"O Agente Secreto | Cena | Eu N\u00e3o Sou Policial\" width=\"800\" height=\"450\" src=\"https:\/\/www.youtube.com\/embed\/lYjqPSvoyLY?feature=oembed\" frameborder=\"0\" allow=\"accelerometer; autoplay; clipboard-write; encrypted-media; gyroscope; picture-in-picture; web-share\" referrerpolicy=\"strict-origin-when-cross-origin\" allowfullscreen><\/iframe><\/p>\n<h4><strong>Quem est\u00e1 no elenco de\u00a0<em>O Agente Secreto<\/em>?<\/strong><\/h4>\n<p>Al\u00e9m de <strong>Moura<\/strong>, o elenco de <strong><em>O Agente Secreto <\/em><\/strong>ainda conta com <strong>Maria Fernanda C\u00e2ndido<\/strong>(<em>Animais Fant\u00e1sticos: Os Segredos de Dumbledore<\/em>), <strong>Gabriel Leone<\/strong> (<em>Senna<\/em>), <strong>Alice Carvalho<\/strong> (<em>Canga\u00e7o Novo<\/em>), <strong>Isab\u00e9l Zuaa<\/strong> (<em>O N\u00f3 do Diabo<\/em>), <strong>Rubens Santos<\/strong> (<em>Aquarius<\/em>), <strong>Udo Kier<\/strong> (<em>Bacurau<\/em>), <strong>Thom\u00e1s Aquino<\/strong> (<em>DNA do Crime<\/em>), <strong>Suzy<\/strong><strong>Lopes<\/strong> (<em>Paloma<\/em>), <strong>Buda Lira<\/strong> (<em>Mais Pesado \u00c9 o C\u00e9u<\/em>), <strong>Carlos Francisco<\/strong> (<em>Marte Um<\/em>), <strong>Wilson<\/strong><strong>Rabelo<\/strong> (<em>Bandida: A N\u00famero Um<\/em>) e <strong>Laura Luf\u00e9si<\/strong>.<\/p>\n<h4><strong>Onde assistir \u00e0 premia\u00e7\u00e3o do Festival de Cannes?<\/strong><\/h4>\n<p>A cerim\u00f4nia acontece a partir das 13h40 (hor\u00e1rio de Bras\u00edlia) no canal oficial do festival no YouTube. No entanto, n\u00e3o \u00e9 garantido que ela ser\u00e1 exibida ao vivo para o Brasil. No \u00faltimo ano, o sinal foi cortado e os interessados tiveram que recorrer a outras formas de acompanhar a cerim\u00f4nia.<\/p>\n<h4><strong>Quando estreia\u00a0<em>O Agente Secreto<\/em>?<\/strong><\/h4>\n<p>Al\u00e9m de dirigir,\u00a0<strong>Kleber Mendon\u00e7a Filho<\/strong> tamb\u00e9m \u00e9 respons\u00e1vel pelo roteiro de\u00a0<strong><em>O Agente Secreto<\/em><\/strong>, que <strong>ainda n\u00e3o tem data de estreia nos cinemas brasileiros<\/strong>, mas \u00e9 esperado at\u00e9 o fim de 2025. Assista a mais uma cena da novidade a seguir:<\/p>\n<p><iframe title=\"The Secret Agent new clip official from Cannes Film Festival 2025 (2\/2)\" width=\"800\" height=\"450\" src=\"https:\/\/www.youtube.com\/embed\/Vtmy9TAk8jk?feature=oembed\" frameborder=\"0\" allow=\"accelerometer; autoplay; clipboard-write; encrypted-media; gyroscope; picture-in-picture; web-share\" referrerpolicy=\"strict-origin-when-cross-origin\" allowfullscreen><\/iframe><\/p>\n<p><strong>LEIA TAMB\u00c9M:<\/strong>Jornal aposta em O Agente Secreto como vencedor da Palma de Ouro em Cannes<\/p>\n<blockquote class=\"amdb-polls\" contenteditable=\"false\" data-sid=\"\/polls\/14\/embed\/\">\n<p>Qual foi o melhor filme de 2025 at\u00e9 agora? Vote no seu favorito!<\/p>\n<ul>\n<li>Baby<\/li>\n<li>Anora<\/li>\n<li>Conclave<\/li>\n<li>Acompanhante Perfeita<\/li>\n<li>Capit\u00e3o Am\u00e9rica: Admir\u00e1vel Mundo Novo<\/li>\n<li>Flow<\/li>\n<li>O Brutalista<\/li>\n<li>Um Completo Desconhecido<\/li>\n<li>Mickey 17<\/li>\n<li>Vit\u00f3ria<\/li>\n<li>Mar\u00e9 Alta<\/li>\n<li>Branca de Neve<\/li>\n<li>Oeste Outra Vez<\/li>\n<li>Um Filme Minecraft<\/li>\n<li>Pecadores<\/li>\n<li>Thunderbolts*<\/li>\n<li>Homem com H<\/li>\n<li>Karat\u00ea Kid: Lendas<\/li>\n<li>Premoni\u00e7\u00e3o 6: La\u00e7os de Sangue<\/li>\n<li>Hurry Up Tomorrow: Al\u00e9m dos Holofotes<\/li>\n<\/ul>\n<\/blockquote>\n<\/div>\n<p><br \/>\n<br \/>Fonte: <a href=\"https:\/\/rollingstone.com.br\/cinema\/com-o-agente-secreto-na-disputa-saiba-onde-assistir-a-premiacao-do-festival-de-cannes\/\">rollingstone.com.br<\/a><\/p>\n","protected":false},"excerpt":{"rendered":"<p>O Agente Secreto, novo filme de Kleber Mendon\u00e7a Filho(Bacurau), pode se tornar o segundo longa brasileiro a vencer a Palma de Ouro no Festival de Cannes\u00a0neste s\u00e1bado, 24. A primeira vez aconteceu em 1962, com a vit\u00f3ria de O Pagador de Promessas, de Anselmo Duarte. Saiba como assistir \u00e0 cerim\u00f4nia: Qual \u00e9 a hist\u00f3ria de [&hellip;]<\/p>\n","protected":false},"author":5,"featured_media":22572,"comment_status":"open","ping_status":"open","sticky":false,"template":"","format":"standard","meta":{"_seopress_robots_primary_cat":"","_seopress_titles_title":"","_seopress_titles_desc":"","_seopress_robots_index":"","footnotes":""},"categories":[51],"tags":[],"class_list":["post-22571","post","type-post","status-publish","format-standard","has-post-thumbnail","hentry","category-musica"],"_links":{"self":[{"href":"https:\/\/mussicom.com\/noticias\/wp-json\/wp\/v2\/posts\/22571","targetHints":{"allow":["GET"]}}],"collection":[{"href":"https:\/\/mussicom.com\/noticias\/wp-json\/wp\/v2\/posts"}],"about":[{"href":"https:\/\/mussicom.com\/noticias\/wp-json\/wp\/v2\/types\/post"}],"author":[{"embeddable":true,"href":"https:\/\/mussicom.com\/noticias\/wp-json\/wp\/v2\/users\/5"}],"replies":[{"embeddable":true,"href":"https:\/\/mussicom.com\/noticias\/wp-json\/wp\/v2\/comments?post=22571"}],"version-history":[{"count":0,"href":"https:\/\/mussicom.com\/noticias\/wp-json\/wp\/v2\/posts\/22571\/revisions"}],"wp:featuredmedia":[{"embeddable":true,"href":"https:\/\/mussicom.com\/noticias\/wp-json\/wp\/v2\/media\/22572"}],"wp:attachment":[{"href":"https:\/\/mussicom.com\/noticias\/wp-json\/wp\/v2\/media?parent=22571"}],"wp:term":[{"taxonomy":"category","embeddable":true,"href":"https:\/\/mussicom.com\/noticias\/wp-json\/wp\/v2\/categories?post=22571"},{"taxonomy":"post_tag","embeddable":true,"href":"https:\/\/mussicom.com\/noticias\/wp-json\/wp\/v2\/tags?post=22571"}],"curies":[{"name":"wp","href":"https:\/\/api.w.org\/{rel}","templated":true}]}}