{"id":22477,"date":"2025-05-23T06:57:37","date_gmt":"2025-05-23T09:57:37","guid":{"rendered":"https:\/\/mussicom.com\/nova-york-reforca-vigilancia-em-locais-judaicos-apos-ataque\/"},"modified":"2025-05-23T06:57:37","modified_gmt":"2025-05-23T09:57:37","slug":"nova-york-reforca-vigilancia-em-locais-judaicos-apos-ataque","status":"publish","type":"post","link":"https:\/\/mussicom.com\/noticias\/nova-york-reforca-vigilancia-em-locais-judaicos-apos-ataque\/","title":{"rendered":"Nova York refor\u00e7a vigil\u00e2ncia em locais judaicos ap\u00f3s ataque"},"content":{"rendered":"<p> <br \/>\n<\/p>\n<div>\n<p class=\"postParagraph_post-paragraph__juWZN\">A pol\u00edcia de Nova York intensificou nesta quinta-feira (22) a vigil\u00e2ncia em sinagogas, sedes diplom\u00e1ticas, centros culturais e outras instala\u00e7\u00f5es judaicas da cidade depois que dois funcion\u00e1rios da Embaixada de Israel em Washington foram assassinados.<\/p>\n<p class=\"postParagraph_post-paragraph__juWZN\">O prefeito da cidade, Eric Adams, fez o an\u00fancio depois de receber l\u00edderes de v\u00e1rias denomina\u00e7\u00f5es religiosas para condenar o que ele chamou de \u201cum ato depravado de terrorismo\u201d.<\/p>\n<p class=\"postParagraph_post-paragraph__juWZN\">Um homem e uma mulher funcion\u00e1rios da Embaixada de Israel nos Estados Unidos foram mortos a tiros na noite de quarta-feira (21) do lado de fora do Museu Judaico em Washington, onde estava sendo realizado um evento do Comit\u00ea Judaico Americano (AJC). Segundo as autoridades, o suspeito do ataque, Elias Rodriguez, de 31 anos, nascido em Chicago, foi preso em flagrante e acusado nesta quinta-feira de dois homic\u00eddios qualificados, al\u00e9m de assassinato de oficiais estrangeiros e crimes com arma de fogo.<\/p>\n<p class=\"postParagraph_post-paragraph__juWZN\">Adams destacou que, embora a pol\u00edcia tenha dito que n\u00e3o h\u00e1 nenhuma conex\u00e3o conhecida do suposto autor do crime com Nova York &#8211; a segunda maior cidade judaica do mundo &#8211; foi aumentado o n\u00famero de policiais da unidade de contraterrorismo em locais cr\u00edticos, \u201cpor uma quest\u00e3o de cautela\u201d.<\/p>\n<p class=\"postParagraph_post-paragraph__juWZN\">Ele disse que \u201cequipes de armas pesadas foram enviadas para institui\u00e7\u00f5es culturais e templos judaicos\u201d e refor\u00e7adas a seguran\u00e7a em instala\u00e7\u00f5es diplom\u00e1ticas, al\u00e9m de lembrar que essa a\u00e7\u00e3o tamb\u00e9m foi tomada ap\u00f3s os ataques de 7 de outubro, quando a guerra na Faixa de Gaza come\u00e7ou ap\u00f3s um ataque do grupo isl\u00e2mico palestino Hamas contra Israel.<\/p>\n<p class=\"postParagraph_post-paragraph__juWZN\">O prefeito de Nova York acrescentou que o comiss\u00e1rio de contraintelig\u00eancia est\u00e1 monitorando de perto \u201cquaisquer conversa\u00e7\u00f5es, e o comiss\u00e1rio de pol\u00edcia se certificar\u00e1 de enviar o pessoal necess\u00e1rio para proteger locais sens\u00edveis\u201d.<\/p>\n<p class=\"postParagraph_post-paragraph__juWZN\">\u201cA viol\u00eancia \u00e9 inaceit\u00e1vel e n\u00e3o ser\u00e1 tolerada, e \u00e9 isso que queremos dizer quando afirmamos que a propaganda antissemita se disfar\u00e7a de ativismo\u201d, declarou.<\/p>\n<p class=\"postParagraph_post-paragraph__juWZN\">\u201cNo \u00faltimo ano e meio, vimos o \u00f3dio se espalhar pelas nossas ruas, pelos nossos campi universit\u00e1rios e agora pelos nossos eventos culturais. A comunidade judaica sente, acredita e est\u00e1 sob ataque, se voc\u00ea olhar para os n\u00fameros (de crimes de \u00f3dio).\u201d<\/p>\n<\/div>\n<p><br \/>\n<br \/>Fonte: <a href=\"https:\/\/www.gazetadopovo.com.br\/mundo\/nova-york-intensifica-vigilancia-em-locais-judaicos-apos-ataque-em-washington\/\">Revista Oeste<\/a><\/p>\n","protected":false},"excerpt":{"rendered":"<p>A pol\u00edcia de Nova York intensificou nesta quinta-feira (22) a vigil\u00e2ncia em sinagogas, sedes diplom\u00e1ticas, centros culturais e outras instala\u00e7\u00f5es judaicas da cidade depois que dois funcion\u00e1rios da Embaixada de Israel em Washington foram assassinados. O prefeito da cidade, Eric Adams, fez o an\u00fancio depois de receber l\u00edderes de v\u00e1rias denomina\u00e7\u00f5es religiosas para condenar o [&hellip;]<\/p>\n","protected":false},"author":5,"featured_media":22478,"comment_status":"open","ping_status":"open","sticky":false,"template":"","format":"standard","meta":{"_seopress_robots_primary_cat":"","_seopress_titles_title":"","_seopress_titles_desc":"","_seopress_robots_index":"","footnotes":""},"categories":[1],"tags":[],"class_list":["post-22477","post","type-post","status-publish","format-standard","has-post-thumbnail","hentry","category-ultimas-noticias"],"_links":{"self":[{"href":"https:\/\/mussicom.com\/noticias\/wp-json\/wp\/v2\/posts\/22477","targetHints":{"allow":["GET"]}}],"collection":[{"href":"https:\/\/mussicom.com\/noticias\/wp-json\/wp\/v2\/posts"}],"about":[{"href":"https:\/\/mussicom.com\/noticias\/wp-json\/wp\/v2\/types\/post"}],"author":[{"embeddable":true,"href":"https:\/\/mussicom.com\/noticias\/wp-json\/wp\/v2\/users\/5"}],"replies":[{"embeddable":true,"href":"https:\/\/mussicom.com\/noticias\/wp-json\/wp\/v2\/comments?post=22477"}],"version-history":[{"count":0,"href":"https:\/\/mussicom.com\/noticias\/wp-json\/wp\/v2\/posts\/22477\/revisions"}],"wp:featuredmedia":[{"embeddable":true,"href":"https:\/\/mussicom.com\/noticias\/wp-json\/wp\/v2\/media\/22478"}],"wp:attachment":[{"href":"https:\/\/mussicom.com\/noticias\/wp-json\/wp\/v2\/media?parent=22477"}],"wp:term":[{"taxonomy":"category","embeddable":true,"href":"https:\/\/mussicom.com\/noticias\/wp-json\/wp\/v2\/categories?post=22477"},{"taxonomy":"post_tag","embeddable":true,"href":"https:\/\/mussicom.com\/noticias\/wp-json\/wp\/v2\/tags?post=22477"}],"curies":[{"name":"wp","href":"https:\/\/api.w.org\/{rel}","templated":true}]}}