{"id":22447,"date":"2025-05-23T02:53:40","date_gmt":"2025-05-23T05:53:40","guid":{"rendered":"https:\/\/mussicom.com\/atentado-nos-eua-evidencia-aumento-mundial-do-antissemitismo\/"},"modified":"2025-05-23T02:53:40","modified_gmt":"2025-05-23T05:53:40","slug":"atentado-nos-eua-evidencia-aumento-mundial-do-antissemitismo","status":"publish","type":"post","link":"https:\/\/mussicom.com\/noticias\/atentado-nos-eua-evidencia-aumento-mundial-do-antissemitismo\/","title":{"rendered":"Atentado nos EUA evidencia aumento mundial do antissemitismo"},"content":{"rendered":"<p> <br \/>\n<\/p>\n<div>\n<p class=\"postParagraph_post-paragraph-innerHtml__Q5vwc\">O assassinato de dois funcion\u00e1rios da embaixada israelense em Washington, na noite de quarta-feira (21), \u00e9 apenas a manifesta\u00e7\u00e3o mais recente da onda de crescimento do antissemitismo no mundo desde os atentados do grupo terrorista Hamas em Israel, em 7 de outubro de 2023, e a guerra iniciada em seguida na Faixa de Gaza.<\/p>\n<p class=\"postParagraph_post-paragraph__juWZN\">Um suspeito foi preso e as primeiras informa\u00e7\u00f5es apontam que ele gritou \u201cPalestina livre\u201d ap\u00f3s efetuar os disparos.<\/p>\n<p class=\"postParagraph_post-paragraph__juWZN\">Pesquisas indicam que o antissemitismo tem crescido no mundo desde o 7 de Outubro. Em abril, a Liga Antidifama\u00e7\u00e3o (ADL, na sigla em ingl\u00eas), uma organiza\u00e7\u00e3o americana que monitora ass\u00e9dio, vandalismo e agress\u00f5es antissemitas nos Estados Unidos desde 1979, relatou que no ano passado contabilizou 9.354 incidentes desse tipo no pa\u00eds.<\/p>\n<p class=\"postParagraph_post-paragraph__juWZN\">Esse n\u00famero representou um aumento de 5% em rela\u00e7\u00e3o aos incidentes registrados em 2023, de 344% nos \u00faltimos cinco anos e de 893% nos \u00faltimos dez anos, estabelecendo um novo recorde no levantamento da ADL.<\/p>\n<p class=\"postParagraph_post-paragraph__juWZN\">Uma pesquisa feita em 2024 por outra organiza\u00e7\u00e3o, o Comit\u00ea Judaico Americano (AJC), mostrou que 77% dos judeus dos Estados Unidos entrevistados afirmaram se sentir menos seguros desde o 7 de Outubro e 56% disseram que mudaram seu comportamento devido ao medo do antissemitismo \u2013 em 2023, 46% manifestaram ter tomado essa atitude e em 2022, 38%.<\/p>\n<p class=\"postParagraph_post-paragraph__juWZN\">O aumento do antissemitismo n\u00e3o foi mensurado apenas nos Estados Unidos. O Centro de Pesquisa sobre Antissemitismo (ARC), do Movimento de Combate ao Antissemitismo (CAM), computou em 2024 um aumento mundial de 107,7% no n\u00famero de incidentes do tipo em rela\u00e7\u00e3o a 2023, quando j\u00e1 havia registrado um incremento de 58,6% em rela\u00e7\u00e3o a 2022.<\/p>\n<p class=\"postParagraph_post-paragraph__juWZN\">\u201cEm 2024, a caracter\u00edstica mais proeminente dos incidentes antissemitas foi o dom\u00ednio esmagador da ideologia de extrema esquerda. Isso representou uma mudan\u00e7a decisiva em rela\u00e7\u00e3o a 2023, quando os incidentes antissemitas de fontes de extrema esquerda e extrema direita estavam praticamente em p\u00e9 de igualdade\u201d, destacou o CAM.<\/p>\n<p class=\"postParagraph_post-paragraph-innerHtml__Q5vwc\">Em entrevista \u00e0 <strong>Gazeta do Povo<\/strong>, Daphne Klajman, mestre em estudos sobre diplomacia e conflitos e coordenadora acad\u00eamica da institui\u00e7\u00e3o judaica Hillel Rio, afirmou que j\u00e1 havia uma tend\u00eancia mundial de crescimento do antissemitismo antes do 7 de Outubro, e que o Hamas contou com isso ao realizar os atentados \u2013 sabendo que uma ofensiva de Israel em Gaza seria criticada.<\/p>\n<p class=\"postParagraph_post-paragraph__juWZN\">\u201cNo dia 10 de outubro, tr\u00eas dias depois, antes mesmo de Israel entrar em Gaza, j\u00e1 havia protestos em Manhattan, em Paris, em Londres, falando de genoc\u00eddio. O Hamas contava com isso. Queria esse apoio global, que vem da extrema esquerda, de movimentos que se consideram ultra-progressistas, que n\u00e3o importava o que acontecesse, eles j\u00e1 iam falar que Israel estava cometendo um genoc\u00eddio\u201d, disse Klajman. \u201cA ideologia est\u00e1 sendo formada h\u00e1 d\u00e9cadas nesses ambientes da extrema esquerda.\u201d<\/p>\n<p class=\"postParagraph_post-paragraph__juWZN\">Nesta quinta-feira, o ministro das Rela\u00e7\u00f5es Exteriores de Israel, Gideon Saar, acusou pa\u00edses da Europa de fazerem \u201cincita\u00e7\u00e3o antissemita\u201d.<\/p>\n<p class=\"postParagraph_post-paragraph__juWZN\">\u201cH\u00e1 uma liga\u00e7\u00e3o direta entre a incita\u00e7\u00e3o antissemita e anti-Israel e estes assassinatos\u201d, disse o chanceler, segundo informa\u00e7\u00f5es da ag\u00eancia Reuters. \u201cEsta incita\u00e7\u00e3o tamb\u00e9m \u00e9 praticada por l\u00edderes e autoridades de muitos pa\u00edses e organiza\u00e7\u00f5es, especialmente da Europa.\u201d<\/p>\n<p class=\"postParagraph_post-paragraph-innerHtml__Q5vwc\">Embora Saar n\u00e3o tenha citado nomes, esta semana, os governos da Fran\u00e7a, do Reino Unido e do Canad\u00e1 amea\u00e7aram tomar \u201ca\u00e7\u00f5es concretas\u201d contra Israel caso o pa\u00eds n\u00e3o suspenda imediatamente a opera\u00e7\u00e3o militar na Faixa de Gaza e permita a entrada de mais ajuda humanit\u00e1ria no enclave.<\/p>\n<p class=\"postParagraph_post-paragraph-innerHtml__Q5vwc\">Depois, o governo brit\u00e2nico suspendeu negocia\u00e7\u00f5es comerciais com Israel e imp\u00f4s san\u00e7\u00f5es a colonos judeus na Cisjord\u00e2nia.<\/p>\n<p class=\"postParagraph_post-paragraph__juWZN\">Para Klajman, o aumento do antissemitismo est\u00e1 mais relacionado ao 7 de Outubro do que \u00e0 press\u00e3o de pa\u00edses europeus \u2013 mas a especialista se queixou de um \u201cfoco desproporcional em Israel\u201d por parte desses governos.<\/p>\n<p class=\"postParagraph_post-paragraph__juWZN\">\u201cN\u00f3s temos ou tivemos outros conflitos com muito mais mortes, muito mais brutais, na S\u00edria, no Congo, no Afeganist\u00e3o, e ningu\u00e9m fez press\u00e3o nenhuma nesses governos para haver ajuda humanit\u00e1ria, at\u00e9 porque esses governos s\u00e3o ditatoriais. Assim como n\u00e3o fazem press\u00e3o no Hamas para cuidar dos seus civis, para deixar entrar ajuda humanit\u00e1ria para os civis e n\u00e3o dentro de um t\u00fanel, diretamente para as m\u00e3os dos terroristas\u201d, afirmou.<\/p>\n<p class=\"postParagraph_post-paragraph__juWZN\">Sobre a posi\u00e7\u00e3o do governo Lula a respeito da guerra, Klajman afirmou que, depois que o Itamaraty divulgou uma nota condenando os ataques do 7 de Outubro, chegou a ter \u201cesperan\u00e7a\u201d, devido ao hist\u00f3rico de apoio do petista ao presidente da Autoridade Palestina, Mahmoud Abbas, mas que desde ent\u00e3o o posicionamento do Brasil tem sido \u201cextremamente decepcionante\u201d.<\/p>\n<p class=\"postParagraph_post-paragraph-innerHtml__Q5vwc\">\u201cEle [Lula] faz compara\u00e7\u00f5es constantes entre Israel e a Alemanha nazista, faz uma demoniza\u00e7\u00e3o completa da \u00fanica democracia do Oriente M\u00e9dio e do \u00fanico Estado judeu do mundo. Ele compara o governo Netanyahu com os nazistas, fala que \u00e9 uma guerra que tem as maiores dimens\u00f5es de um conflito em qualquer momento no mundo, o que \u00e9 mentira. Ele d\u00e1 dados falsos, teve at\u00e9 uma \u00e9poca que ele estava inflando, [falando em] n\u00fameros ainda maiores [de mortes em Gaza] do que os divulgados pelo Hamas, fazendo uma propaganda gratuita para eles\u201d, criticou.<\/p>\n<\/div>\n<p><br \/>\n<br \/>Fonte: <a href=\"https:\/\/www.gazetadopovo.com.br\/mundo\/atentado-em-washington-evidencia-aumento-mundial-do-antissemitismo\/\">Revista Oeste<\/a><\/p>\n","protected":false},"excerpt":{"rendered":"<p>O assassinato de dois funcion\u00e1rios da embaixada israelense em Washington, na noite de quarta-feira (21), \u00e9 apenas a manifesta\u00e7\u00e3o mais recente da onda de crescimento do antissemitismo no mundo desde os atentados do grupo terrorista Hamas em Israel, em 7 de outubro de 2023, e a guerra iniciada em seguida na Faixa de Gaza. Um [&hellip;]<\/p>\n","protected":false},"author":5,"featured_media":22448,"comment_status":"open","ping_status":"open","sticky":false,"template":"","format":"standard","meta":{"_seopress_robots_primary_cat":"","_seopress_titles_title":"","_seopress_titles_desc":"","_seopress_robots_index":"","footnotes":""},"categories":[1],"tags":[],"class_list":["post-22447","post","type-post","status-publish","format-standard","has-post-thumbnail","hentry","category-ultimas-noticias"],"_links":{"self":[{"href":"https:\/\/mussicom.com\/noticias\/wp-json\/wp\/v2\/posts\/22447","targetHints":{"allow":["GET"]}}],"collection":[{"href":"https:\/\/mussicom.com\/noticias\/wp-json\/wp\/v2\/posts"}],"about":[{"href":"https:\/\/mussicom.com\/noticias\/wp-json\/wp\/v2\/types\/post"}],"author":[{"embeddable":true,"href":"https:\/\/mussicom.com\/noticias\/wp-json\/wp\/v2\/users\/5"}],"replies":[{"embeddable":true,"href":"https:\/\/mussicom.com\/noticias\/wp-json\/wp\/v2\/comments?post=22447"}],"version-history":[{"count":0,"href":"https:\/\/mussicom.com\/noticias\/wp-json\/wp\/v2\/posts\/22447\/revisions"}],"wp:featuredmedia":[{"embeddable":true,"href":"https:\/\/mussicom.com\/noticias\/wp-json\/wp\/v2\/media\/22448"}],"wp:attachment":[{"href":"https:\/\/mussicom.com\/noticias\/wp-json\/wp\/v2\/media?parent=22447"}],"wp:term":[{"taxonomy":"category","embeddable":true,"href":"https:\/\/mussicom.com\/noticias\/wp-json\/wp\/v2\/categories?post=22447"},{"taxonomy":"post_tag","embeddable":true,"href":"https:\/\/mussicom.com\/noticias\/wp-json\/wp\/v2\/tags?post=22447"}],"curies":[{"name":"wp","href":"https:\/\/api.w.org\/{rel}","templated":true}]}}