{"id":22384,"date":"2025-05-22T21:07:32","date_gmt":"2025-05-23T00:07:32","guid":{"rendered":"https:\/\/mussicom.com\/forca-tarefa-fecha-dois-ferros-velhos-clandestinos-em-santos\/"},"modified":"2025-05-22T21:07:32","modified_gmt":"2025-05-23T00:07:32","slug":"forca-tarefa-fecha-dois-ferros-velhos-clandestinos-em-santos","status":"publish","type":"post","link":"https:\/\/mussicom.com\/noticias\/forca-tarefa-fecha-dois-ferros-velhos-clandestinos-em-santos\/","title":{"rendered":"For\u00e7a-tarefa fecha dois ferros-velhos clandestinos em Santos"},"content":{"rendered":"<p> <br \/>\n<\/p>\n<div>\n<p><strong>Motivo da interdi\u00e7\u00e3o foi a falta de alvar\u00e1 de funcionamento<\/strong><\/p>\n<p>Uma For\u00e7a-tarefa da Guarda Civil Municipal (GCM) e Secretaria de Finan\u00e7as e Gest\u00e3o (Sefin), em conjunto com a Pol\u00edcia Militar, resultou no fechamento de dois ferros-velhos clandestinos, na quarta-feira (21).<\/p>\n<p>A opera\u00e7\u00e3o, que teve como objetivo coibir o com\u00e9rcio irregular de produtos roubados e furtados, fiscalizou estabelecimentos em diferentes bairros. Durante a manh\u00e3, os agentes interditaram um ferro-velho na Avenida S\u00e3o Francisco, na Vila Nova. J\u00e1 no per\u00edodo da tarde, outro estabelecimento clandestino foi fechado na Rua Santos Dumont, no Macuco.<\/p>\n<p>Em ambos os casos, o motivo da interdi\u00e7\u00e3o foi a falta de alvar\u00e1 de funcionamento, requisito obrigat\u00f3rio para a opera\u00e7\u00e3o deste tipo de com\u00e9rcio.<\/p>\n<p><strong>REGULARIZA\u00c7\u00c3O<\/strong><\/p>\n<p>Os propriet\u00e1rios dos estabelecimentos interditados ter\u00e3o que regularizar a situa\u00e7\u00e3o junto \u00e0 Prefeitura para voltar a funcionar, o que inclui alvar\u00e1 de funcionamento e adequa\u00e7\u00e3o \u00e0s normas municipais para esta atividade comercial.<\/p>\n<p>As fiscaliza\u00e7\u00f5es \u2013 fundamentais para combater o com\u00e9rcio irregular de produtos il\u00edcitos, especialmente provenientes de furtos e roubos \u2013 continuar\u00e3o periodicamente em diversos pontos, como parte do esfor\u00e7o para garantir que todos os estabelecimentos comerciais operem dentro da legalidade.<\/p>\n<p>A popula\u00e7\u00e3o pode contribuir denunciando estabelecimentos suspeitos por meio dos canais oficiais da Prefeitura, como os telefones 153 (GCM) e 162 (Ouvidoria).<\/p>\n<\/div>\n<p><br \/>\n<br \/>Fonte: <a href=\"https:\/\/jornaldaorla.com.br\/noticias\/forca-tarefa-fecha-dois-ferros-velhos-clandestinos-em-santos\/\">Jornal Da Orla<\/a><\/p>\n","protected":false},"excerpt":{"rendered":"<p>Motivo da interdi\u00e7\u00e3o foi a falta de alvar\u00e1 de funcionamento Uma For\u00e7a-tarefa da Guarda Civil Municipal (GCM) e Secretaria de Finan\u00e7as e Gest\u00e3o (Sefin), em conjunto com a Pol\u00edcia Militar, resultou no fechamento de dois ferros-velhos clandestinos, na quarta-feira (21). A opera\u00e7\u00e3o, que teve como objetivo coibir o com\u00e9rcio irregular de produtos roubados e furtados, [&hellip;]<\/p>\n","protected":false},"author":5,"featured_media":22385,"comment_status":"open","ping_status":"open","sticky":false,"template":"","format":"standard","meta":{"_seopress_robots_primary_cat":"","_seopress_titles_title":"","_seopress_titles_desc":"","_seopress_robots_index":"","footnotes":""},"categories":[52],"tags":[],"class_list":["post-22384","post","type-post","status-publish","format-standard","has-post-thumbnail","hentry","category-santoseregiao"],"_links":{"self":[{"href":"https:\/\/mussicom.com\/noticias\/wp-json\/wp\/v2\/posts\/22384","targetHints":{"allow":["GET"]}}],"collection":[{"href":"https:\/\/mussicom.com\/noticias\/wp-json\/wp\/v2\/posts"}],"about":[{"href":"https:\/\/mussicom.com\/noticias\/wp-json\/wp\/v2\/types\/post"}],"author":[{"embeddable":true,"href":"https:\/\/mussicom.com\/noticias\/wp-json\/wp\/v2\/users\/5"}],"replies":[{"embeddable":true,"href":"https:\/\/mussicom.com\/noticias\/wp-json\/wp\/v2\/comments?post=22384"}],"version-history":[{"count":0,"href":"https:\/\/mussicom.com\/noticias\/wp-json\/wp\/v2\/posts\/22384\/revisions"}],"wp:featuredmedia":[{"embeddable":true,"href":"https:\/\/mussicom.com\/noticias\/wp-json\/wp\/v2\/media\/22385"}],"wp:attachment":[{"href":"https:\/\/mussicom.com\/noticias\/wp-json\/wp\/v2\/media?parent=22384"}],"wp:term":[{"taxonomy":"category","embeddable":true,"href":"https:\/\/mussicom.com\/noticias\/wp-json\/wp\/v2\/categories?post=22384"},{"taxonomy":"post_tag","embeddable":true,"href":"https:\/\/mussicom.com\/noticias\/wp-json\/wp\/v2\/tags?post=22384"}],"curies":[{"name":"wp","href":"https:\/\/api.w.org\/{rel}","templated":true}]}}