{"id":22369,"date":"2025-05-22T19:53:37","date_gmt":"2025-05-22T22:53:37","guid":{"rendered":"https:\/\/mussicom.com\/governo-lula-anuncia-bloqueio-de-r-31-bi-e-aumento-de-iof\/"},"modified":"2025-05-22T19:53:37","modified_gmt":"2025-05-22T22:53:37","slug":"governo-lula-anuncia-bloqueio-de-r-31-bi-e-aumento-de-iof","status":"publish","type":"post","link":"https:\/\/mussicom.com\/noticias\/governo-lula-anuncia-bloqueio-de-r-31-bi-e-aumento-de-iof\/","title":{"rendered":"Governo Lula anuncia bloqueio de R$ 31 bi e aumento de IOF"},"content":{"rendered":"<p> <br \/>\n<\/p>\n<div id=\"hd80s9wa1h892edh8192\">\n<p>O Or\u00e7amento de 2025 ter\u00e1 um congelamento de R$ 31,3 bilh\u00f5es de gastos n\u00e3o obrigat\u00f3rios, conforme anunciaram os ministros Fernando Haddad, da Fazenda, e Simone Tebet, do Planejamento, nesta quinta-feira, 22. O valor consta do Relat\u00f3rio Bimestral de Avalia\u00e7\u00e3o de Receitas e Despesas, documento enviado ao Congresso a cada dois meses que orienta a execu\u00e7\u00e3o do Or\u00e7amento pelo governo Lula.<\/p>\n<p>Desse total, R$ 20,7 bilh\u00f5es ser\u00e3o contingenciados temporariamente para cumprir a meta de resultado prim\u00e1rio. Embora a Lei de Diretrizes Or\u00e7ament\u00e1rias (LDO) de 2025 estabele\u00e7a meta de resultado prim\u00e1rio zero (nem d\u00e9ficit nem super\u00e1vit), a equipe econ\u00f4mica considerou o limite inferior de toler\u00e2ncia, que permite d\u00e9ficit de R$ 31 bilh\u00f5es para este ano.<\/p>\n<p>Os R$ 10,6 bilh\u00f5es de gastos discricion\u00e1rios restantes foram bloqueados para cumprir o limite de gastos do arcabou\u00e7o fiscal, que prev\u00ea crescimento dos gastos at\u00e9 2,5% acima da infla\u00e7\u00e3o para este ano. Segundo os minist\u00e9rios, o bloqueio foi necess\u00e1rio porque o governo ter\u00e1 de abrir cr\u00e9dito de R$ 12,4 bilh\u00f5es para acomodar o crescimento de gastos obrigat\u00f3rios.<\/p>\n<p>+\u00a0<strong>Leia mais not\u00edcias de\u00a0Economia\u00a0na Oeste<\/strong><\/p>\n<p>O congelamento dos R$ 31,3 bilh\u00f5es ser\u00e1 detalhado no pr\u00f3ximo dia 30, quando o governo pretende publicar um decreto presidencial com os limites de empenho (autoriza\u00e7\u00e3o de gastos) por minist\u00e9rios e \u00f3rg\u00e3os federais.<\/p>\n<p>Haddad justificou o bloqueio dos R$ 10,6 bilh\u00f5es pelo crescimento dos gastos com a Previd\u00eancia Social e com o Benef\u00edcio de Presta\u00e7\u00e3o Continuada (BPC), aux\u00edlio do governo pago a idosos com 65 anos ou mais e a pessoas com defici\u00eancia que n\u00e3o t\u00eam renda suficiente para se manter.<\/p>\n<p>\u201cO que est\u00e1 no nosso radar \u00e9 a quest\u00e3o da Previd\u00eancia, que ainda \u00e9 um desafio no Brasil, apesar das reformas feitas, e a quest\u00e3o do BPC\u201d, justificou o ministro. \u201c\u00c9 um programa que est\u00e1 com <strong>alto \u00edndice de judicializa\u00e7\u00e3o<\/strong>. N\u00e3o \u00e9 uma compet\u00eancia exclusiva do Poder Executivo, que tem regras de concess\u00e3o do benef\u00edcio na forma da Constitui\u00e7\u00e3o.\u201d<\/p>\n<p><related-posts class=\"border-y border-gray-300 py-5\"><\/p>\n<h2 class=\"!text-2xl text-black font-primary font-semibold leading-none mb-3\">\n    Leia mais:<br \/>\n  <\/h2>\n<p><\/related-posts><\/p>\n<p>Em rela\u00e7\u00e3o ao contingenciamento de R$ 20,7 bilh\u00f5es, Haddad explicou que a frustra\u00e7\u00e3o de receitas por parte do governo Lula levou \u00e0 medida. A principal, ressaltou o ministro, \u00e9 a insufici\u00eancia das medidas para compensar a desonera\u00e7\u00e3o da folha de pagamento, aprovadas pelo Congresso no ano passado.<\/p>\n<p>\u201cEsses R$ 20 bilh\u00f5es do contingenciamento se devem ao fato de que ocorreram algumas circunst\u00e2ncias posteriores ao encaminhamento do Or\u00e7amento\u201d, disse o ministro, que ainda afirmou que n\u00e3o houve a compensa\u00e7\u00e3o da desonera\u00e7\u00e3o da folha, que ficou parada no Supremo Tribunal Federal. \u201cS\u00e3o fatos que precisam ser avaliados.\u201d<\/p>\n<p>\u201cO segundo problema \u00e9 a paralisa\u00e7\u00e3o parcial da Receita Federal, que afeta o desempenho da arrecada\u00e7\u00e3o.\u201d O ministro acrescentou que a alta da taxa de juros tamb\u00e9m afetou a arrecada\u00e7\u00e3o neste ano, ao provocar a desacelera\u00e7\u00e3o da economia.<\/p>\n<h2 class=\"wp-block-heading\">IOF \u00e9 elevado para refor\u00e7ar arrecada\u00e7\u00e3o do governo Lula<\/h2>\n<p>Na mesma reuni\u00e3o, o governo anunciou altera\u00e7\u00f5es nas al\u00edquotas do Imposto sobre Opera\u00e7\u00f5es Financeiras (IOF), com entrada em vigor a partir desta sexta-feira, 23. As mudan\u00e7as afetam diversas modalidades, como cr\u00e9dito, c\u00e2mbio e seguros, com previs\u00e3o de arrecada\u00e7\u00e3o adicional de R$ 20,5 bilh\u00f5es em 2025 e R$ 41 bilh\u00f5es em 2026.<\/p>\n<p>No cr\u00e9dito para pessoas jur\u00eddicas, a al\u00edquota total passar\u00e1 de at\u00e9 1,88% ao ano para at\u00e9 3,95%. Para empresas do Simples Nacional, opera\u00e7\u00f5es de at\u00e9 R$ 30 mil passar\u00e3o de 0,88% para at\u00e9 1,95% ao ano. J\u00e1 o Microempreendedor Individual (<strong>MEI<\/strong>) ter\u00e1 mantidas as menores al\u00edquotas atualmente aplicadas.<\/p>\n<p>No caso de planos de seguro de vida com cl\u00e1usula de sobreviv\u00eancia, como o VGBL, haver\u00e1 cobran\u00e7a de 5% para aportes mensais acima de R$ 50 mil, medida que visa a reduzir a utiliza\u00e7\u00e3o desse produto como instrumento de investimento com baixa tributa\u00e7\u00e3o.<\/p>\n<figure class=\"wp-block-image aligncenter size-full is-resized\"><picture><source data-srcset=\"https:\/\/medias.revistaoeste.com\/wp-content\/uploads\/2024\/07\/AGE20240617018-1-scaled.jpg.webp 2560w, https:\/\/medias.revistaoeste.com\/wp-content\/uploads\/2024\/07\/AGE20240617018-1-300x200.jpg.webp 300w, https:\/\/medias.revistaoeste.com\/wp-content\/uploads\/2024\/07\/AGE20240617018-1-150x100.jpg.webp 150w\" data-sizes=\"(max-width: 2560px) 100vw, 2560px\" type=\"image\/webp\"><img fetchpriority=\"high\" decoding=\"async\" width=\"2560\" height=\"1706\" src=\"https:\/\/medias.revistaoeste.com\/wp-content\/uploads\/2024\/07\/AGE20240617018-1-scaled.jpg\" alt=\"governo lula\" class=\"wp-image-1552042\" style=\"width:754px;height:auto\" srcset=\"https:\/\/medias.revistaoeste.com\/wp-content\/uploads\/2024\/07\/AGE20240617018-1-scaled.jpg 2560w, https:\/\/medias.revistaoeste.com\/wp-content\/uploads\/2024\/07\/AGE20240617018-1-300x200.jpg 300w, https:\/\/medias.revistaoeste.com\/wp-content\/uploads\/2024\/07\/AGE20240617018-1-150x100.jpg 150w\" sizes=\"(max-width: 2560px) 100vw, 2560px\" data-eio=\"p\"\/><\/source><\/picture><figcaption class=\"wp-element-caption\">Os ministros Simone Tebet (Planejamento) e Fernando Haddad (Fazenda), durante entrevista coletiva depois de apresentarem ao presidente Lula o quadro fiscal do pa\u00eds \u2013 17\/06\/2024 | Foto: Wilton Junior\/Estad\u00e3o Conte\u00fado<\/figcaption><\/figure>\n<p>As opera\u00e7\u00f5es de c\u00e2mbio tamb\u00e9m sofreram altera\u00e7\u00f5es, com unifica\u00e7\u00e3o da al\u00edquota em 3,5% para remessas ao exterior com cart\u00f5es de cr\u00e9dito e d\u00e9bito internacionais, transfer\u00eancias para contas de brasileiros fora do pa\u00eds e empr\u00e9stimos externos de curto prazo. Opera\u00e7\u00f5es como exporta\u00e7\u00f5es, financiamentos rurais e programas sociais continuam isentas ou com al\u00edquota zero.<\/p>\n<p>As autoridades justificaram as medidas como parte do esfor\u00e7o de harmoniza\u00e7\u00e3o entre a pol\u00edtica fiscal e a pol\u00edtica monet\u00e1ria, com foco em estabilizar a economia, reduzir distor\u00e7\u00f5es e ampliar a justi\u00e7a fiscal.<\/p>\n<p><strong>Leia tamb\u00e9m:\u00a0\u201cTogas fora da lei\u201d, artigo de Augusto Nunes publicado na Edi\u00e7\u00e3o 245 da Revista Oeste<\/strong><\/p>\n<\/p><\/div>\n<p><br \/>\n<br \/>Fonte: <a href=\"https:\/\/revistaoeste.com\/economia\/governo-lula-anuncia-bloqueio-de-r-31-bi-e-aumento-de-iof\/\">Revista oeste<\/a><\/p>\n","protected":false},"excerpt":{"rendered":"<p>O Or\u00e7amento de 2025 ter\u00e1 um congelamento de R$ 31,3 bilh\u00f5es de gastos n\u00e3o obrigat\u00f3rios, conforme anunciaram os ministros Fernando Haddad, da Fazenda, e Simone Tebet, do Planejamento, nesta quinta-feira, 22. O valor consta do Relat\u00f3rio Bimestral de Avalia\u00e7\u00e3o de Receitas e Despesas, documento enviado ao Congresso a cada dois meses que orienta a execu\u00e7\u00e3o [&hellip;]<\/p>\n","protected":false},"author":5,"featured_media":22370,"comment_status":"open","ping_status":"open","sticky":false,"template":"","format":"standard","meta":{"_seopress_robots_primary_cat":"","_seopress_titles_title":"","_seopress_titles_desc":"","_seopress_robots_index":"","footnotes":""},"categories":[45],"tags":[],"class_list":["post-22369","post","type-post","status-publish","format-standard","has-post-thumbnail","hentry","category-economia"],"_links":{"self":[{"href":"https:\/\/mussicom.com\/noticias\/wp-json\/wp\/v2\/posts\/22369","targetHints":{"allow":["GET"]}}],"collection":[{"href":"https:\/\/mussicom.com\/noticias\/wp-json\/wp\/v2\/posts"}],"about":[{"href":"https:\/\/mussicom.com\/noticias\/wp-json\/wp\/v2\/types\/post"}],"author":[{"embeddable":true,"href":"https:\/\/mussicom.com\/noticias\/wp-json\/wp\/v2\/users\/5"}],"replies":[{"embeddable":true,"href":"https:\/\/mussicom.com\/noticias\/wp-json\/wp\/v2\/comments?post=22369"}],"version-history":[{"count":0,"href":"https:\/\/mussicom.com\/noticias\/wp-json\/wp\/v2\/posts\/22369\/revisions"}],"wp:featuredmedia":[{"embeddable":true,"href":"https:\/\/mussicom.com\/noticias\/wp-json\/wp\/v2\/media\/22370"}],"wp:attachment":[{"href":"https:\/\/mussicom.com\/noticias\/wp-json\/wp\/v2\/media?parent=22369"}],"wp:term":[{"taxonomy":"category","embeddable":true,"href":"https:\/\/mussicom.com\/noticias\/wp-json\/wp\/v2\/categories?post=22369"},{"taxonomy":"post_tag","embeddable":true,"href":"https:\/\/mussicom.com\/noticias\/wp-json\/wp\/v2\/tags?post=22369"}],"curies":[{"name":"wp","href":"https:\/\/api.w.org\/{rel}","templated":true}]}}