{"id":22367,"date":"2025-05-22T19:46:41","date_gmt":"2025-05-22T22:46:41","guid":{"rendered":"https:\/\/mussicom.com\/grito-de-palestina-livre-e-a-nova-versao-do-heil-hitler\/"},"modified":"2025-05-22T19:46:41","modified_gmt":"2025-05-22T22:46:41","slug":"grito-de-palestina-livre-e-a-nova-versao-do-heil-hitler","status":"publish","type":"post","link":"https:\/\/mussicom.com\/noticias\/grito-de-palestina-livre-e-a-nova-versao-do-heil-hitler\/","title":{"rendered":"grito de \u201cPalestina Livre\u201d \u00e9 a nova vers\u00e3o do \u201cHeil Hitler\u201d"},"content":{"rendered":"<p> <br \/>\n<\/p>\n<div>\n<p class=\"postParagraph_post-paragraph__juWZN\">O primeiro-ministro de Israel, Benjamin Netanyahu, condenou nesta quinta-feira (22) o assassinato a tiros de dois funcion\u00e1rios da embaixada do pa\u00eds em Washington, nos EUA, e disse que aqueles que hoje gritam &#8220;Palestina Livre&#8221;, como fez o atirador ap\u00f3s o ataque, \u00e9 como se imitassem a sauda\u00e7\u00e3o &#8220;Heil Hitler&#8221; usada pelos nazistas.<\/p>\n<p class=\"postParagraph_post-paragraph__juWZN\">&#8220;Para esses neonazistas, \u2018Palestina Livre\u2019 \u00e9 simplesmente a vers\u00e3o atual de \u2018Heil Hitler\u2019. Eles n\u00e3o querem um Estado palestino. Eles querem destruir o Estado judeu. Eles querem aniquilar o povo judeu, que est\u00e1 na Terra de Israel h\u00e1 3.500 anos&#8221;, afirmou Netanyahu em um pronunciamento.<\/p>\n<p class=\"postParagraph_post-paragraph__juWZN\">Ele tamb\u00e9m criticou Fran\u00e7a, Reino Unido e Canad\u00e1 por terem amea\u00e7ado impor san\u00e7\u00f5es contra Israel caso o pa\u00eds n\u00e3o interrompesse a ofensiva em Gaza e n\u00e3o mostrasse disposi\u00e7\u00e3o de reconhecer a Palestina como um Estado.<\/p>\n<p class=\"postParagraph_post-paragraph__juWZN\">&#8220;Esses l\u00edderes podem pensar que est\u00e3o promovendo a paz. N\u00e3o est\u00e3o. Eles est\u00e3o incentivando o (grupo isl\u00e2mico palestino) Hamas a continuar lutando para sempre&#8221;, declarou.<\/p>\n<p class=\"postParagraph_post-paragraph__juWZN\">&#8220;Eu digo ao presidente (franc\u00eas, Emmanuel) Macron, ao primeiro-ministro (canadense, Mark) Carney e ao primeiro-ministro (brit\u00e2nico, Keir) Starmer: quando assassinos em massa, estupradores, assassinos de beb\u00eas e sequestradores agradecem, voc\u00eas est\u00e3o do lado errado da justi\u00e7a&#8221;, acrescentou.<\/p>\n<p class=\"postParagraph_post-paragraph__juWZN\">Netanyahu destacou que um Estado palestino &#8220;pac\u00edfico&#8221; \u00e9 algo imposs\u00edvel e acusou os l\u00edderes europeus de terem &#8220;engolido a propaganda do Hamas&#8221;, inclusive sobre a fome em Gaza ap\u00f3s quase tr\u00eas meses de bloqueio de abastecimento.<\/p>\n<p class=\"postParagraph_post-paragraph__juWZN\">&#8220;Nosso objetivo desde o in\u00edcio foi levar alimentos aos civis palestinos, n\u00e3o aos terroristas&#8221;, disse o primeiro-ministro.<\/p>\n<p class=\"postParagraph_post-paragraph__juWZN\">Netanyahu insistiu que a ajuda humanit\u00e1ria ser\u00e1 distribu\u00edda em breve por &#8220;empresas americanas&#8221; diretamente aos chefes de fam\u00edlia em \u00e1reas militarizadas, o que tem a oposi\u00e7\u00e3o de ONGs e grupos humanit\u00e1rios no local.<\/p>\n<p class=\"postParagraph_post-paragraph__juWZN\">&#8220;Isso nos permitir\u00e1 concluir nosso objetivo de destruir o Hamas e, ao mesmo tempo, permitir que a ajuda chegue \u00e0 popula\u00e7\u00e3o civil. Concluiremos a constru\u00e7\u00e3o das primeiras \u00e1reas de distribui\u00e7\u00e3o nos pr\u00f3ximos dias&#8221;, afirmou.<\/p>\n<p class=\"postParagraph_post-paragraph__juWZN\">Nesta quarta-feira (21) e nesta quinta-feira, Netanyahu reiterou que toda a popula\u00e7\u00e3o de Gaza, de cerca de 2,1 milh\u00f5es de pessoas, ser\u00e1 deslocada para o sul de Gaza e somente l\u00e1 receber\u00e1 alimentos e produtos b\u00e1sicos.<\/p>\n<p class=\"postParagraph_post-paragraph__juWZN\">Em rela\u00e7\u00e3o aos assassinatos em Washington, o premi\u00ea disse que Yaron Lischinsky e Sara Milgrim &#8220;n\u00e3o foram v\u00edtimas de um crime aleat\u00f3rio&#8221;.<\/p>\n<p class=\"postParagraph_post-paragraph__juWZN\">&#8220;O terrorista que os matou com crueldade o fez por uma \u00fanica raz\u00e3o: ele queria matar judeus. E quando estava sendo levado, ele entoou &#8216;Palestina Livre!\u2019 Esse \u00e9 exatamente o mesmo c\u00e2ntico que ouvimos em 7 de outubro&#8221;, acrescentou, referindo-se ao massacre que o Hamas cometeu em territ\u00f3rio israelense que deu in\u00edcio ao atual conflito em Gaza.<\/p>\n<\/div>\n<p><br \/>\n<br \/>Fonte: <a href=\"https:\/\/www.gazetadopovo.com.br\/mundo\/israel-diz-que-grito-de-palestina-livre-e-a-nova-versao-do-heil-hitler\/\">Revista Oeste<\/a><\/p>\n","protected":false},"excerpt":{"rendered":"<p>O primeiro-ministro de Israel, Benjamin Netanyahu, condenou nesta quinta-feira (22) o assassinato a tiros de dois funcion\u00e1rios da embaixada do pa\u00eds em Washington, nos EUA, e disse que aqueles que hoje gritam &#8220;Palestina Livre&#8221;, como fez o atirador ap\u00f3s o ataque, \u00e9 como se imitassem a sauda\u00e7\u00e3o &#8220;Heil Hitler&#8221; usada pelos nazistas. &#8220;Para esses neonazistas, [&hellip;]<\/p>\n","protected":false},"author":5,"featured_media":22368,"comment_status":"open","ping_status":"open","sticky":false,"template":"","format":"standard","meta":{"_seopress_robots_primary_cat":"","_seopress_titles_title":"","_seopress_titles_desc":"","_seopress_robots_index":"","footnotes":""},"categories":[1],"tags":[],"class_list":["post-22367","post","type-post","status-publish","format-standard","has-post-thumbnail","hentry","category-ultimas-noticias"],"_links":{"self":[{"href":"https:\/\/mussicom.com\/noticias\/wp-json\/wp\/v2\/posts\/22367","targetHints":{"allow":["GET"]}}],"collection":[{"href":"https:\/\/mussicom.com\/noticias\/wp-json\/wp\/v2\/posts"}],"about":[{"href":"https:\/\/mussicom.com\/noticias\/wp-json\/wp\/v2\/types\/post"}],"author":[{"embeddable":true,"href":"https:\/\/mussicom.com\/noticias\/wp-json\/wp\/v2\/users\/5"}],"replies":[{"embeddable":true,"href":"https:\/\/mussicom.com\/noticias\/wp-json\/wp\/v2\/comments?post=22367"}],"version-history":[{"count":0,"href":"https:\/\/mussicom.com\/noticias\/wp-json\/wp\/v2\/posts\/22367\/revisions"}],"wp:featuredmedia":[{"embeddable":true,"href":"https:\/\/mussicom.com\/noticias\/wp-json\/wp\/v2\/media\/22368"}],"wp:attachment":[{"href":"https:\/\/mussicom.com\/noticias\/wp-json\/wp\/v2\/media?parent=22367"}],"wp:term":[{"taxonomy":"category","embeddable":true,"href":"https:\/\/mussicom.com\/noticias\/wp-json\/wp\/v2\/categories?post=22367"},{"taxonomy":"post_tag","embeddable":true,"href":"https:\/\/mussicom.com\/noticias\/wp-json\/wp\/v2\/tags?post=22367"}],"curies":[{"name":"wp","href":"https:\/\/api.w.org\/{rel}","templated":true}]}}