{"id":22332,"date":"2025-05-22T17:41:35","date_gmt":"2025-05-22T20:41:35","guid":{"rendered":"https:\/\/mussicom.com\/governo-lula-cancela-compra-de-galoes-de-agua-com-precos-600-mais-altos-que-o-mercado\/"},"modified":"2025-05-22T17:41:35","modified_gmt":"2025-05-22T20:41:35","slug":"governo-lula-cancela-compra-de-galoes-de-agua-com-precos-600-mais-altos-que-o-mercado","status":"publish","type":"post","link":"https:\/\/mussicom.com\/noticias\/governo-lula-cancela-compra-de-galoes-de-agua-com-precos-600-mais-altos-que-o-mercado\/","title":{"rendered":"governo Lula cancela compra de gal\u00f5es de \u00e1gua com pre\u00e7os 600% mais altos que o mercado"},"content":{"rendered":"<p> <br \/>\n<\/p>\n<div id=\"hd80s9wa1h892edh8192\">\n<p>O governo do presidente Luiz In\u00e1cio Lula da Silva (<strong>PT<\/strong>) enfrentou cr\u00edticas ao realizar uma licita\u00e7\u00e3o para a compra de gal\u00f5es de \u00e1gua destinados \u00e0 30\u00aa Confer\u00eancia das Na\u00e7\u00f5es Unidas sobre as Mudan\u00e7as Clim\u00e1ticas de 2025 (COP30), com pre\u00e7os de at\u00e9 611% mais caros que os valores pagos em outras compras p\u00fablicas. Isso resultaria em um preju\u00edzo potencial de R$ 896 mil, caso a licita\u00e7\u00e3o fosse executada conforme os valores inicialmente estipulados.<\/p>\n<p><strong>+ Leia mais not\u00edcias de Pol\u00edtica em Oeste<\/strong><\/p>\n<p>A licita\u00e7\u00e3o visava \u00e0 aquisi\u00e7\u00e3o de 51 mil gal\u00f5es de 20 litros de \u00e1gua para abastecer o evento, que ocorrer\u00e1 em Bel\u00e9m, no Par\u00e1, em novembro deste ano. O valor total estimado para a compra seria de cerca de R$ 1 milh\u00e3o. Dos 51 mil gal\u00f5es, 14,2 mil seriam adquiridos por R$ 30,22 cada um, enquanto os outros 37,5 mil teriam o custo unit\u00e1rio de R$ 18,27.<\/p>\n<p>Esses pre\u00e7os est\u00e3o bem acima dos praticados em outros contratos firmados pela administra\u00e7\u00e3o p\u00fablica. Um levantamento feito pela coluna Metr\u00f3poles mostrou que, no m\u00eas passado, o <strong>Senado<\/strong> comprou 60 mil gal\u00f5es por R$ 4,25 cada um, totalizando R$ 255 mil. Isso representa um pre\u00e7o at\u00e9 sete vezes inferior ao valor calculado para a COP30, apesar da quantidade similar de gal\u00f5es.<\/p>\n<p>Al\u00e9m disso, outros 11 contratos recentes mostram que o pre\u00e7o pago por gal\u00f5es de 20 litros variou entre R$ 3,30 e R$ 10,10 em compras p\u00fablicas realizadas em diferentes partes do Brasil. Diante disso, a Secretaria Extraordin\u00e1ria para a COP30, vinculada \u00e0 <strong>Casa Civil<\/strong>, afirmou que estava analisando a compatibilidade dos pre\u00e7os com o mercado local e que, em raz\u00e3o de propostas de patrocinadores, a compra de \u00e1gua foi retirada do contrato.<\/p>\n<figure class=\"wp-block-embed is-type-video is-provider-youtube wp-block-embed-youtube wp-embed-aspect-16-9 wp-has-aspect-ratio\">\n<div class=\"wp-block-embed__wrapper\">\n<div class=\"perfmatters-lazy-youtube\" data-src=\"https:\/\/www.youtube.com\/embed\/NTnEbAg_DZ8\" data-id=\"NTnEbAg_DZ8\" data-query=\"feature=oembed\" onclick=\"perfmattersLazyLoadYouTube(this);\">\n<div><img fetchpriority=\"high\" decoding=\"async\" src=\"https:\/\/i.ytimg.com\/vi\/NTnEbAg_DZ8\/hqdefault.jpg\" alt=\"YouTube video\" width=\"480\" height=\"360\" data-pin-nopin=\"true\" nopin=\"nopin\"\/><\/div>\n<\/div>\n<p><noscript><iframe title=\"Suspenso julgamento de Ives Gandra Martins na OAB-SP por suposta incita\u00e7\u00e3o ao &#039;golpe&#039;\" width=\"800\" height=\"450\" src=\"https:\/\/www.youtube.com\/embed\/NTnEbAg_DZ8?feature=oembed\" frameborder=\"0\" allow=\"accelerometer; autoplay; clipboard-write; encrypted-media; gyroscope; picture-in-picture; web-share\" referrerpolicy=\"strict-origin-when-cross-origin\" allowfullscreen><\/iframe><\/noscript>\n<\/div>\n<\/figure>\n<h2 class=\"wp-block-heading\"><strong>Posicionamento da OEI sobre a licita\u00e7\u00e3o da COP30<\/strong><\/h2>\n<p>Em nota divulgada nesta quarta-feira, 21, a Organiza\u00e7\u00e3o dos Estados Ibero-Americanos para a Educa\u00e7\u00e3o, a Ci\u00eancia e a Cultura (OEI), respons\u00e1vel pela coordena\u00e7\u00e3o da COP30, reafirmou seu compromisso com a transpar\u00eancia e a efici\u00eancia na gest\u00e3o dos recursos p\u00fablicos. A OEI afirmou que o contrato ainda n\u00e3o foi assinado e est\u00e1 passando por tr\u00e2mites de conformidade e <em>compliance<\/em>, de acordo com as melhores pr\u00e1ticas de transpar\u00eancia.<\/p>\n<p>A organiza\u00e7\u00e3o tamb\u00e9m explicou que os valores apresentados na licita\u00e7\u00e3o s\u00e3o estimativas de custo, comuns em processos licitat\u00f3rios, e podem variar com base em fatores como infla\u00e7\u00e3o, log\u00edstica e disponibilidade de recursos. A OEI ainda destacou que a mat\u00e9ria publicada n\u00e3o abordou outros custos contemplados na licita\u00e7\u00e3o, como reposi\u00e7\u00e3o e abastecimento cont\u00ednuo de \u00e1gua em locais estrat\u00e9gicos durante o evento.<\/p>\n<figure class=\"wp-block-embed is-type-video is-provider-youtube wp-block-embed-youtube wp-embed-aspect-16-9 wp-has-aspect-ratio\">\n<div class=\"wp-block-embed__wrapper\">\n<div class=\"perfmatters-lazy-youtube\" data-src=\"https:\/\/www.youtube.com\/embed\/8TJw9MR3F8I\" data-id=\"8TJw9MR3F8I\" data-query=\"feature=oembed\" onclick=\"perfmattersLazyLoadYouTube(this);\">\n<div><img decoding=\"async\" alt=\"YouTube video\" width=\"480\" height=\"360\" data-pin-nopin=\"true\" nopin=\"nopin\" class=\"perfmatters-lazy\" src=\"https:\/\/i.ytimg.com\/vi\/8TJw9MR3F8I\/hqdefault.jpg\"\/><img decoding=\"async\" src=\"https:\/\/i.ytimg.com\/vi\/8TJw9MR3F8I\/hqdefault.jpg\" alt=\"YouTube video\" width=\"480\" height=\"360\" data-pin-nopin=\"true\" nopin=\"nopin\"\/><\/div>\n<\/div>\n<p><noscript><iframe title=\"INSS: entidade ligada ao filho de Lewandowski arrecada R$ 15 milh\u00f5es em um ano\" width=\"800\" height=\"450\" src=\"https:\/\/www.youtube.com\/embed\/8TJw9MR3F8I?feature=oembed\" frameborder=\"0\" allow=\"accelerometer; autoplay; clipboard-write; encrypted-media; gyroscope; picture-in-picture; web-share\" referrerpolicy=\"strict-origin-when-cross-origin\" allowfullscreen><\/iframe><\/noscript>\n<\/div>\n<\/figure>\n<p>\u201cCabe ressaltar que os valores apresentados s\u00e3o estimativas de custo, normais em um processo de abertura de licita\u00e7\u00f5es p\u00fablicas, quando se estima a precifica\u00e7\u00e3o baseada em vari\u00e1veis de infla\u00e7\u00e3o, disponibilidade, log\u00edstica etc.\u201d, diz a nota.<\/p>\n<p>A nota de esclarecimento ressaltou que, apesar de a licita\u00e7\u00e3o n\u00e3o ter sido finalizada, os valores apresentados s\u00e3o parte do processo preliminar, e a OEI continua comprometida com a efici\u00eancia e a transpar\u00eancia na gest\u00e3o dos recursos destinados \u00e0 COP30.<\/p>\n<h2 class=\"wp-block-heading\"><strong>O custo da transpar\u00eancia e os desafios de organizar um evento global<\/strong><\/h2>\n<p>A 30\u00aa Confer\u00eancia das Na\u00e7\u00f5es Unidas sobre as Mudan\u00e7as Clim\u00e1ticas (COP30) ser\u00e1 um dos maiores eventos ambientais do mundo, reunindo l\u00edderes mundiais, organiza\u00e7\u00f5es n\u00e3o governamentais e pesquisadores. O evento ocorrer\u00e1 em Bel\u00e9m, no Par\u00e1, e deve atrair mais de 40 mil visitantes.<\/p>\n<\/p><\/div>\n<p><br \/>\n<br \/>Fonte: <a href=\"https:\/\/revistaoeste.com\/politica\/cop30-governo-lula-cancela-compra-de-galoes-de-agua-com-precos-600-mais-altos-que-o-mercado\/\">Ag\u00eancia Brasil<\/a><\/p>\n","protected":false},"excerpt":{"rendered":"<p>O governo do presidente Luiz In\u00e1cio Lula da Silva (PT) enfrentou cr\u00edticas ao realizar uma licita\u00e7\u00e3o para a compra de gal\u00f5es de \u00e1gua destinados \u00e0 30\u00aa Confer\u00eancia das Na\u00e7\u00f5es Unidas sobre as Mudan\u00e7as Clim\u00e1ticas de 2025 (COP30), com pre\u00e7os de at\u00e9 611% mais caros que os valores pagos em outras compras p\u00fablicas. Isso resultaria em [&hellip;]<\/p>\n","protected":false},"author":5,"featured_media":17086,"comment_status":"open","ping_status":"open","sticky":false,"template":"","format":"standard","meta":{"_seopress_robots_primary_cat":"","_seopress_titles_title":"","_seopress_titles_desc":"","_seopress_robots_index":"","footnotes":""},"categories":[47,1],"tags":[],"class_list":["post-22332","post","type-post","status-publish","format-standard","has-post-thumbnail","hentry","category-politica","category-ultimas-noticias"],"_links":{"self":[{"href":"https:\/\/mussicom.com\/noticias\/wp-json\/wp\/v2\/posts\/22332","targetHints":{"allow":["GET"]}}],"collection":[{"href":"https:\/\/mussicom.com\/noticias\/wp-json\/wp\/v2\/posts"}],"about":[{"href":"https:\/\/mussicom.com\/noticias\/wp-json\/wp\/v2\/types\/post"}],"author":[{"embeddable":true,"href":"https:\/\/mussicom.com\/noticias\/wp-json\/wp\/v2\/users\/5"}],"replies":[{"embeddable":true,"href":"https:\/\/mussicom.com\/noticias\/wp-json\/wp\/v2\/comments?post=22332"}],"version-history":[{"count":0,"href":"https:\/\/mussicom.com\/noticias\/wp-json\/wp\/v2\/posts\/22332\/revisions"}],"wp:featuredmedia":[{"embeddable":true,"href":"https:\/\/mussicom.com\/noticias\/wp-json\/wp\/v2\/media\/17086"}],"wp:attachment":[{"href":"https:\/\/mussicom.com\/noticias\/wp-json\/wp\/v2\/media?parent=22332"}],"wp:term":[{"taxonomy":"category","embeddable":true,"href":"https:\/\/mussicom.com\/noticias\/wp-json\/wp\/v2\/categories?post=22332"},{"taxonomy":"post_tag","embeddable":true,"href":"https:\/\/mussicom.com\/noticias\/wp-json\/wp\/v2\/tags?post=22332"}],"curies":[{"name":"wp","href":"https:\/\/api.w.org\/{rel}","templated":true}]}}