{"id":22319,"date":"2025-05-22T16:51:05","date_gmt":"2025-05-22T19:51:05","guid":{"rendered":"https:\/\/mussicom.com\/projecao-do-mercado-para-inflacao-cai-pela-5a-semana-seguida-2\/"},"modified":"2025-05-22T16:51:05","modified_gmt":"2025-05-22T19:51:05","slug":"projecao-do-mercado-para-inflacao-cai-pela-5a-semana-seguida-2","status":"publish","type":"post","link":"https:\/\/mussicom.com\/noticias\/projecao-do-mercado-para-inflacao-cai-pela-5a-semana-seguida-2\/","title":{"rendered":"Proje\u00e7\u00e3o do mercado para infla\u00e7\u00e3o cai pela 5\u00aa semana seguida"},"content":{"rendered":"<p> <br \/>\n<\/p>\n<div id=\"hd80s9wa1h892edh8192\">\n<p>A mediana das proje\u00e7\u00f5es do Boletim Focus para a infla\u00e7\u00e3o acumulada de 2025 recuou de 5,51% para 5,50%, a quinta queda consecutiva. De acordo com a pesquisa semanal do <strong>Banco Central<\/strong>, divulgada nesta segunda-feira, 19, a estimativa continua 1 ponto porcentual acima do teto da meta, de 4,50%.\u00a0<\/p>\n<p>Considerando apenas as 63 estimativas mais recentes, dos \u00faltimos cinco dias \u00fateis, a mediana das proje\u00e7\u00f5es para o \u00cdndice de Pre\u00e7os ao Consumidor Amplo (IPCA) \u2014 considerado a medida oficial de infla\u00e7\u00e3o do pa\u00eds \u2014 caiu de 5,50% para 5,47%.<\/p>\n<p><strong>+ Leia mais not\u00edcias de Economia em Oeste<\/strong><\/p>\n<p>Para 2026, a previs\u00e3o ficou est\u00e1vel em 4,50%, no limite superior da meta e no mesmo valor de um m\u00eas atr\u00e1s. Entre as 62 proje\u00e7\u00f5es mais recentes, a mediana tamb\u00e9m ficou em 4,50%.<\/p>\n<figure class=\"wp-block-image aligncenter size-full\"><picture><source data-srcset=\"https:\/\/medias.revistaoeste.com\/wp-content\/uploads\/2025\/05\/mediana-focus.jpg.webp 1792w, https:\/\/medias.revistaoeste.com\/wp-content\/uploads\/2025\/05\/mediana-focus-300x71.jpg.webp 300w, https:\/\/medias.revistaoeste.com\/wp-content\/uploads\/2025\/05\/mediana-focus-150x35.jpg.webp 150w\" data-sizes=\"(max-width: 1792px) 100vw, 1792px\" type=\"image\/webp\"><img alt=\"\" fetchpriority=\"high\" decoding=\"async\" width=\"1792\" height=\"424\" src=\"https:\/\/medias.revistaoeste.com\/wp-content\/uploads\/2025\/05\/mediana-focus.jpg\" alt=\"\" class=\"wp-image-1996927\" srcset=\"https:\/\/medias.revistaoeste.com\/wp-content\/uploads\/2025\/05\/mediana-focus.jpg 1792w, https:\/\/medias.revistaoeste.com\/wp-content\/uploads\/2025\/05\/mediana-focus-300x71.jpg 300w, https:\/\/medias.revistaoeste.com\/wp-content\/uploads\/2025\/05\/mediana-focus-150x35.jpg 150w\" sizes=\"(max-width: 1792px) 100vw, 1792px\" data-eio=\"p\"\/><\/source><\/picture><figcaption class=\"wp-element-caption\">Mediana das proje\u00e7\u00f5es do Boletim Focus desta segunda-feira, 19 | Foto: Reprodu\u00e7\u00e3o\/Banco Central<\/figcaption><\/figure>\n<p>A expectativa do Banco Central \u00e9 de que o IPCA feche 2025 em 4,8% e 2026 em 3,6%, conforme o comunicado do <strong>Comit\u00ea de Pol\u00edtica Monet\u00e1ria (Copom)<\/strong> de maio. O final do ano que vem \u00e9 o horizonte relevante da pol\u00edtica monet\u00e1ria.\u00a0<\/p>\n<p>Na \u00faltima reuni\u00e3o, o Copom subiu a taxa Selic em 0,5 ponto porcentual, de 14,25% para 14,75%, o maior n\u00edvel desde julho de 2006. Desde o in\u00edcio do ciclo de alta, em setembro, os juros j\u00e1 subiram 4,25 pontos.<\/p>\n<p>A partir deste ano, a meta de infla\u00e7\u00e3o \u00e9 cont\u00ednua, baseada no IPCA acumulado em 12 meses. O centro da meta \u00e9 3%, com toler\u00e2ncia de 1,5 ponto porcentual para mais ou para menos. Se o \u00edndice ficar fora desse intervalo por seis meses seguidos, o BC \u00e9 considerado como tendo descumprido a meta.<\/p>\n<p>A proje\u00e7\u00e3o para o IPCA de 2027 segue em 4% pela 13\u00aa semana consecutiva. Para 2028, permanece em 3,80%, mesmo valor de um m\u00eas atr\u00e1s.<\/p>\n<blockquote class=\"instagram-media\" data-instgrm-captioned=\"\" data-instgrm-permalink=\"https:\/\/www.instagram.com\/p\/DJ1WrzpAcFv\/?utm_source=ig_embed&amp;utm_campaign=loading\" data-instgrm-version=\"14\" style=\" background:#FFF; border:0; border-radius:3px; box-shadow:0 0 1px 0 rgba(0,0,0,0.5),0 1px 10px 0 rgba(0,0,0,0.15); margin: 1px; max-width:540px; min-width:326px; padding:0; width:99.375%; width:-webkit-calc(100% - 2px); width:calc(100% - 2px);\"\/>\n<h2 class=\"wp-block-heading\"><strong>Selic deve seguir alta para controlar infla\u00e7\u00e3o<\/strong>, segundo estimativas<\/h2>\n<p>A mediana de proje\u00e7\u00f5es para a <strong>taxa Selic<\/strong> ao fim de 2025 ficou em 14,75% pela terceira semana consecutiva \u2014 os juros est\u00e3o nesse patamar desde 7 de maio. Entre as 73 estimativas atualizadas nos \u00faltimos cinco dias \u00fateis, o valor tamb\u00e9m se manteve.<\/p>\n<p>Na ata da \u00faltima reuni\u00e3o, divulgada na semana passada, o Copom destacou que a Selic est\u00e1 em n\u00edvel \u201csignificativamente contracionista\u201d e que \u201cj\u00e1 tem contribu\u00eddo e seguir\u00e1 contribuindo para a modera\u00e7\u00e3o do crescimento\u201d. O comit\u00ea ainda ressaltou que os efeitos da pol\u00edtica monet\u00e1ria tendem a se intensificar nos pr\u00f3ximos trimestres.<\/p>\n<p>No comunicado anterior \u00e0 ata, o Copom havia tornado seu balan\u00e7o de riscos sim\u00e9trico e abandonado o <em>forward guidance<\/em> \u2014 isto \u00e9, a previs\u00e3o para a pr\u00f3xima reuni\u00e3o de pol\u00edtica monet\u00e1ria \u2014, o que abre margem para diferentes decis\u00f5es na reuni\u00e3o de 17 e 18 de junho.<\/p>\n<figure class=\"wp-block-image aligncenter size-full\"><picture><source data-srcset=\"https:\/\/medias.revistaoeste.com\/wp-content\/uploads\/2024\/12\/O-Comite-de-Politica-Monetaria-Copom-do-Banco-Central-e-responsavel-por-definir-a-taxa-basica-de-juros-no-Brasil.jpg.webp 1920w, https:\/\/medias.revistaoeste.com\/wp-content\/uploads\/2024\/12\/O-Comite-de-Politica-Monetaria-Copom-do-Banco-Central-e-responsavel-por-definir-a-taxa-basica-de-juros-no-Brasil-300x200.jpg.webp 300w, https:\/\/medias.revistaoeste.com\/wp-content\/uploads\/2024\/12\/O-Comite-de-Politica-Monetaria-Copom-do-Banco-Central-e-responsavel-por-definir-a-taxa-basica-de-juros-no-Brasil-150x100.jpg.webp 150w\" data-sizes=\"(max-width: 1920px) 100vw, 1920px\" type=\"image\/webp\"><img decoding=\"async\" width=\"1920\" height=\"1280\" alt=\"O Comit\u00ea de Pol\u00edtica Monet\u00e1ria (Copom), do Banco Central, \u00e9 respons\u00e1vel por definir a taxa b\u00e1sica de juros no Brasil\" class=\"wp-image-1786719 perfmatters-lazy\" data-eio=\"p\" src=\"https:\/\/medias.revistaoeste.com\/wp-content\/uploads\/2024\/12\/O-Comite-de-Politica-Monetaria-Copom-do-Banco-Central-e-responsavel-por-definir-a-taxa-basica-de-juros-no-Brasil.jpg\" srcset=\"https:\/\/medias.revistaoeste.com\/wp-content\/uploads\/2024\/12\/O-Comite-de-Politica-Monetaria-Copom-do-Banco-Central-e-responsavel-por-definir-a-taxa-basica-de-juros-no-Brasil.jpg 1920w, https:\/\/medias.revistaoeste.com\/wp-content\/uploads\/2024\/12\/O-Comite-de-Politica-Monetaria-Copom-do-Banco-Central-e-responsavel-por-definir-a-taxa-basica-de-juros-no-Brasil-300x200.jpg 300w, https:\/\/medias.revistaoeste.com\/wp-content\/uploads\/2024\/12\/O-Comite-de-Politica-Monetaria-Copom-do-Banco-Central-e-responsavel-por-definir-a-taxa-basica-de-juros-no-Brasil-150x100.jpg 150w\" data-sizes=\"(max-width: 1920px) 100vw, 1920px\"\/><img decoding=\"async\" width=\"1920\" height=\"1280\" src=\"https:\/\/medias.revistaoeste.com\/wp-content\/uploads\/2024\/12\/O-Comite-de-Politica-Monetaria-Copom-do-Banco-Central-e-responsavel-por-definir-a-taxa-basica-de-juros-no-Brasil.jpg\" alt=\"O Comit\u00ea de Pol\u00edtica Monet\u00e1ria (Copom), do Banco Central, \u00e9 respons\u00e1vel por definir a taxa b\u00e1sica de juros no Brasil\" class=\"wp-image-1786719\" srcset=\"https:\/\/medias.revistaoeste.com\/wp-content\/uploads\/2024\/12\/O-Comite-de-Politica-Monetaria-Copom-do-Banco-Central-e-responsavel-por-definir-a-taxa-basica-de-juros-no-Brasil.jpg 1920w, https:\/\/medias.revistaoeste.com\/wp-content\/uploads\/2024\/12\/O-Comite-de-Politica-Monetaria-Copom-do-Banco-Central-e-responsavel-por-definir-a-taxa-basica-de-juros-no-Brasil-300x200.jpg 300w, https:\/\/medias.revistaoeste.com\/wp-content\/uploads\/2024\/12\/O-Comite-de-Politica-Monetaria-Copom-do-Banco-Central-e-responsavel-por-definir-a-taxa-basica-de-juros-no-Brasil-150x100.jpg 150w\" sizes=\"(max-width: 1920px) 100vw, 1920px\" data-eio=\"p\"\/><\/source><\/picture><figcaption class=\"wp-element-caption\"> O Comit\u00ea de Pol\u00edtica Monet\u00e1ria (Copom), do Banco Central, \u00e9 respons\u00e1vel por definir a taxa b\u00e1sica de juros no Brasil | Foto Markus Winkler<\/figcaption><\/figure>\n<p>Para 2026, a mediana da Selic seguiu em 12,50% pela 16\u00aa semana. No entanto, entre as 72 estimativas mais recentes, houve recuo de 12,50% para 12,25%, sinalizando maior possibilidade de corte nos juros em 2026.\u00a0<\/p>\n<p>A mediana das estimativas para a Selic ao fim de 2027 e 2028 tamb\u00e9m ficou est\u00e1vel, em 10,50% e 10%, respectivamente, pelas 14\u00aa e 21\u00aa semanas seguidas.<\/p>\n<h2 class=\"wp-block-heading\"><strong>Mercado projeta alta do d\u00f3lar at\u00e9 o fim do ano<\/strong><\/h2>\n<p>A expectativa de crescimento do Produto Interno Bruto (PIB) em 2025 subiu de 2% para 2,02%, depois de tr\u00eas semanas sem altera\u00e7\u00e3o. Consideradas apenas as 36 proje\u00e7\u00f5es mais recentes, houve leve queda, de 2,01% para 2%. O BC projeta alta de 1,9% para o PIB neste ano.<\/p>\n<blockquote class=\"twitter-tweet\" data-dnt=\"true\" align=\"center\">\n<p lang=\"pt\" dir=\"ltr\">A Selic voltou ao patamar de 2006: 14,75% ao ano, o maior n\u00edvel dos \u00faltimos 20 anos.<\/p>\n<p>Parab\u00e9ns aos envolvidos. <a href=\"https:\/\/t.co\/GNuPsLixU5\">pic.twitter.com\/GNuPsLixU5<\/a><\/p>\n<p>\u2014 Faria Lima Elevator (@FariaLimaElevat) <a href=\"https:\/\/twitter.com\/FariaLimaElevat\/status\/1920232055687823648?ref_src=twsrc%5Etfw\">May 7, 2025<\/a><\/p><\/blockquote>\n<p>Para 2026, a mediana de proje\u00e7\u00f5es para o PIB permaneceu em 1,70% pela quarta semana seguida. Entre as 35 estimativas mais recentes, a proje\u00e7\u00e3o caiu de 1,81% para 1,70%. As previs\u00f5es para 2027 e 2028 se mantiveram em 2%.<\/p>\n<p>J\u00e1 a estimativa para o d\u00f3lar no fim de 2025 caiu pela terceira semana seguida, de R$ 5,85 para R$ 5,82 \u2014 abaixo dos R$ 5,90 registrados h\u00e1 um m\u00eas. Para 2026, a proje\u00e7\u00e3o continua em R$ 5,90. J\u00e1 a previs\u00e3o para 2027 permaneceu em R$ 5,80, depois de tr\u00eas semanas de recuo. Para 2028, a estimativa subiu de R$ 5,82 para R$ 5,85, mesmo valor de quatro semanas atr\u00e1s.<\/p>\n<p>Desde 2021, as proje\u00e7\u00f5es anuais de c\u00e2mbio no Focus s\u00e3o calculadas com base na m\u00e9dia da taxa em dezembro, e n\u00e3o mais com base no valor projetado para o \u00faltimo dia \u00fatil de cada ano, como ocorria at\u00e9 2020.<\/p>\n<\/p><\/div>\n<p><script async src=\"\/\/platform.twitter.com\/widgets.js\" charset=\"utf-8\"><\/script><script async src=\"\/\/www.instagram.com\/embed.js\"><\/script><br \/>\n<br \/><br \/>\n<br \/>Fonte: <a href=\"https:\/\/revistaoeste.com\/economia\/projecao-do-mercado-para-inflacao-cai-pela-5a-semana-seguida\/\">Revista oeste<\/a><\/p>\n","protected":false},"excerpt":{"rendered":"<p>A mediana das proje\u00e7\u00f5es do Boletim Focus para a infla\u00e7\u00e3o acumulada de 2025 recuou de 5,51% para 5,50%, a quinta queda consecutiva. De acordo com a pesquisa semanal do Banco Central, divulgada nesta segunda-feira, 19, a estimativa continua 1 ponto porcentual acima do teto da meta, de 4,50%.\u00a0 Considerando apenas as 63 estimativas mais recentes, [&hellip;]<\/p>\n","protected":false},"author":5,"featured_media":21451,"comment_status":"open","ping_status":"open","sticky":false,"template":"","format":"standard","meta":{"_seopress_robots_primary_cat":"","_seopress_titles_title":"","_seopress_titles_desc":"","_seopress_robots_index":"","footnotes":""},"categories":[45],"tags":[],"class_list":["post-22319","post","type-post","status-publish","format-standard","has-post-thumbnail","hentry","category-economia"],"_links":{"self":[{"href":"https:\/\/mussicom.com\/noticias\/wp-json\/wp\/v2\/posts\/22319","targetHints":{"allow":["GET"]}}],"collection":[{"href":"https:\/\/mussicom.com\/noticias\/wp-json\/wp\/v2\/posts"}],"about":[{"href":"https:\/\/mussicom.com\/noticias\/wp-json\/wp\/v2\/types\/post"}],"author":[{"embeddable":true,"href":"https:\/\/mussicom.com\/noticias\/wp-json\/wp\/v2\/users\/5"}],"replies":[{"embeddable":true,"href":"https:\/\/mussicom.com\/noticias\/wp-json\/wp\/v2\/comments?post=22319"}],"version-history":[{"count":0,"href":"https:\/\/mussicom.com\/noticias\/wp-json\/wp\/v2\/posts\/22319\/revisions"}],"wp:featuredmedia":[{"embeddable":true,"href":"https:\/\/mussicom.com\/noticias\/wp-json\/wp\/v2\/media\/21451"}],"wp:attachment":[{"href":"https:\/\/mussicom.com\/noticias\/wp-json\/wp\/v2\/media?parent=22319"}],"wp:term":[{"taxonomy":"category","embeddable":true,"href":"https:\/\/mussicom.com\/noticias\/wp-json\/wp\/v2\/categories?post=22319"},{"taxonomy":"post_tag","embeddable":true,"href":"https:\/\/mussicom.com\/noticias\/wp-json\/wp\/v2\/tags?post=22319"}],"curies":[{"name":"wp","href":"https:\/\/api.w.org\/{rel}","templated":true}]}}