{"id":22154,"date":"2025-05-21T23:47:44","date_gmt":"2025-05-22T02:47:44","guid":{"rendered":"https:\/\/mussicom.com\/kelly-hansen-anuncia-no-the-voice-que-deixara-de-ser-vocalista-do-foreigner\/"},"modified":"2025-05-21T23:47:44","modified_gmt":"2025-05-22T02:47:44","slug":"kelly-hansen-anuncia-no-the-voice-que-deixara-de-ser-vocalista-do-foreigner","status":"publish","type":"post","link":"https:\/\/mussicom.com\/noticias\/kelly-hansen-anuncia-no-the-voice-que-deixara-de-ser-vocalista-do-foreigner\/","title":{"rendered":"Kelly Hansen anuncia no \u2018The Voice\u2019 que deixar\u00e1 de ser vocalista do Foreigner"},"content":{"rendered":"<p> <br \/>\n<\/p>\n<div>\n<p>A banda <strong>Foreigner<\/strong> anunciou a sa\u00edda de seu vocalista de longa data, <strong>Kelly Hansen<\/strong>. A revela\u00e7\u00e3o foi feita ao vivo na final do <strong><em>The Voice<\/em><\/strong> na \u00faltima ter\u00e7a-feira, 20, junto com a not\u00edcia de que o guitarrista <strong>Luis Maldonado<\/strong> assumir\u00e1 os vocais principais.<\/p>\n<p>Hansen disse em comunicado:<\/p>\n<blockquote class=\"citacao\"><p><em>\u201cSer a voz do Foreigner foi uma das maiores honras da minha vida. Mas chegou a hora de passar o microfone. Luis tem a voz, a energia e a alma para levar essas m\u00fasicas adiante. N\u00e3o poderia estar mais orgulhoso de entregar isso a ele.\u201d<\/em><\/p><\/blockquote>\n<p>Maldonado acrescentou:\u00a0<\/p>\n<blockquote class=\"citacao\"><p><em>\u201cEssas m\u00fasicas fazem parte da minha vida desde que me lembro. Estou pronto para honrar o legado do Foreigner e colocar meu cora\u00e7\u00e3o em cada apresenta\u00e7\u00e3o.\u201d<\/em><\/p><\/blockquote>\n<figure class=\"image\"><figcaption>Foreigner, com Lou Gramm e Luis Maldonado, durante show no Equador em 2025; eles vieram ao Brasil na sequ\u00eancia &#8211; Foto: Franklin Jacome \/ Agencia Press South \/ Getty Images<\/figcaption><\/figure>\n<p>Hansen entrou para o Foreigner em 2005 e, desde ent\u00e3o, esteve \u00e0 frente da banda, que celebrar\u00e1 50 anos de forma\u00e7\u00e3o no ano que vem. A turn\u00ea atual contar\u00e1 com Hansen e Maldonado juntos no palco, em uma transi\u00e7\u00e3o simb\u00f3lica.<\/p>\n<p>O fundador da banda, <strong>Mick Jones<\/strong>, declarou:\u00a0<\/p>\n<blockquote class=\"citacao\"><p><em>\u201cEm 1976, meu objetivo era montar o melhor grupo de m\u00fasicos que eu pudesse encontrar. Os resultados mostraram que funcionou! Cerca de 30 anos depois, <\/em><strong><em>Jason Bonham<\/em><\/strong><em> me incentivou a fazer tudo de novo e criar um Foreigner totalmente novo e a m\u00e1gica ainda estava l\u00e1. Fui especialmente aben\u00e7oado na escolha do vocalista. Kelly Hansen \u00e9 um dos melhores frontmen do nosso ramo e, nos \u00faltimos 20 anos, deu nova vida \u00e0s nossas m\u00fasicas. Sua energia incans\u00e1vel e talento impec\u00e1vel nos ajudaram a escalar a montanha e a abrir caminho para que Luis Maldonado, guitarrista e agora vocalista do Foreigner, nos leve para casa.\u201d<\/em><\/p><\/blockquote>\n<p>O m\u00fasico completou:\u00a0<\/p>\n<blockquote class=\"citacao\"><p><em>\u201cDesejo a Kelly toda felicidade em seus pr\u00f3ximos projetos depois da turn\u00ea e dou as boas-vindas ao Luis em sua nova fun\u00e7\u00e3o. Luis foi minha escolha como guitarrista e j\u00e1 mostrou do que \u00e9 capaz como vocalista, liderando a banda na Am\u00e9rica do Sul com cr\u00edticas incr\u00edveis. Em breve, ele comandar\u00e1 a pr\u00f3xima fase que nos levar\u00e1 a novos patamares.\u201d<\/em><\/p><\/blockquote>\n<p>Durante a apresenta\u00e7\u00e3o na final do <strong><em>The Voice<\/em><\/strong>, o Foreigner fez um medley de seus sucessos, incluindo <strong>\u201cFeels Like the First Time\u201d<\/strong> e <strong>\u201cI Want to Know What Love Is\u201d<\/strong>.<\/p>\n<p><iframe title=\"Foreigner Performs a Medley of &quot;I Want to Know What Love Is&quot; and More | The Voice Live Finale | NBC\" width=\"800\" height=\"450\" src=\"https:\/\/www.youtube.com\/embed\/FlTIrVCMg_Q?feature=oembed\" frameborder=\"0\" allow=\"accelerometer; autoplay; clipboard-write; encrypted-media; gyroscope; picture-in-picture; web-share\" referrerpolicy=\"strict-origin-when-cross-origin\" allowfullscreen><\/iframe><\/p>\n<h3>Foreigner no Rock and Roll Hall of Fame<\/h3>\n<p>No ano passado, o Foreigner foi inclu\u00eddo no Rock and Roll Hall of Fame, embora a forma\u00e7\u00e3o atual da banda \u2014 por n\u00e3o fazer parte da forma\u00e7\u00e3o original \u2014 n\u00e3o tenha sido contemplada na homenagem. Os membros inclu\u00eddos foram o baterista <strong>Dennis Elliott<\/strong>, o baixista <strong>Ed Gagliardi<\/strong> (falecido em 2014), o vocalista <strong>Lou Gramm<\/strong>, o tecladista <strong>Al Greenwood<\/strong>, Jones, o guitarrista\/tecladista <strong>Ian McDonald<\/strong> (falecido em 2022) e o baixista <strong>Rick Wills<\/strong>.<\/p>\n<p>Gramm contou \u00e0 <strong>Rolling Stone EUA<\/strong>:<\/p>\n<blockquote class=\"citacao\"><p><em>\u201cEstou emocionado por finalmente fazermos parte disso. Por muitos anos, n\u00e3o est\u00e1vamos. Quebrei a cabe\u00e7a tentando entender por que nem sequer \u00e9ramos indicados. Simplesmente n\u00e3o conseguia encontrar uma resposta&#8230; [Mas] a justi\u00e7a foi feita.\u201d\u00a0<\/em><\/p><\/blockquote>\n<p>Ele tamb\u00e9m comentou que o an\u00fancio da atual forma\u00e7\u00e3o sobre uma turn\u00ea de despedida \u00e9 <em>\u201cuma pilha de besteiras para fazer as pessoas comprarem mais discos, porque pode ser o \u00faltimo.\u201d<\/em><\/p>\n<p>O Foreigner est\u00e1 em turn\u00ea pela Am\u00e9rica do Norte at\u00e9 novembro. A banda tamb\u00e9m se apresentar\u00e1 no festival Bourbon &amp; Beyond, em Louisville, Kentucky, em setembro. Em 2026, eles far\u00e3o uma s\u00e9rie de shows como atra\u00e7\u00e3o principal no Venetian Theatre, em Las Vegas.<\/p>\n<p><strong>+++ LEIA MAIS: Foreigner no Brasil: Lou Gramm fala \u00e0 RS sobre show, Hall of Fame e hit que at\u00e9 Edson e Hudson regravaram<\/strong><br \/><strong>+++ LEIA MAIS: <\/strong><strong>A banda cl\u00e1ssica que arrebatou f\u00e3s em SP a poucos metros do show do System of a Down<\/strong><\/p>\n<\/div>\n<p><br \/>\n<br \/>Fonte: <a href=\"https:\/\/rollingstone.com.br\/musica\/kelly-hansen-anuncia-no-the-voice-que-deixara-de-ser-vocalista-do-foreigner\/\">rollingstone.com.br<\/a><\/p>\n","protected":false},"excerpt":{"rendered":"<p>A banda Foreigner anunciou a sa\u00edda de seu vocalista de longa data, Kelly Hansen. A revela\u00e7\u00e3o foi feita ao vivo na final do The Voice na \u00faltima ter\u00e7a-feira, 20, junto com a not\u00edcia de que o guitarrista Luis Maldonado assumir\u00e1 os vocais principais. Hansen disse em comunicado: \u201cSer a voz do Foreigner foi uma das [&hellip;]<\/p>\n","protected":false},"author":5,"featured_media":22155,"comment_status":"open","ping_status":"open","sticky":false,"template":"","format":"standard","meta":{"_seopress_robots_primary_cat":"","_seopress_titles_title":"","_seopress_titles_desc":"","_seopress_robots_index":"","footnotes":""},"categories":[51],"tags":[],"class_list":["post-22154","post","type-post","status-publish","format-standard","has-post-thumbnail","hentry","category-musica"],"_links":{"self":[{"href":"https:\/\/mussicom.com\/noticias\/wp-json\/wp\/v2\/posts\/22154","targetHints":{"allow":["GET"]}}],"collection":[{"href":"https:\/\/mussicom.com\/noticias\/wp-json\/wp\/v2\/posts"}],"about":[{"href":"https:\/\/mussicom.com\/noticias\/wp-json\/wp\/v2\/types\/post"}],"author":[{"embeddable":true,"href":"https:\/\/mussicom.com\/noticias\/wp-json\/wp\/v2\/users\/5"}],"replies":[{"embeddable":true,"href":"https:\/\/mussicom.com\/noticias\/wp-json\/wp\/v2\/comments?post=22154"}],"version-history":[{"count":0,"href":"https:\/\/mussicom.com\/noticias\/wp-json\/wp\/v2\/posts\/22154\/revisions"}],"wp:featuredmedia":[{"embeddable":true,"href":"https:\/\/mussicom.com\/noticias\/wp-json\/wp\/v2\/media\/22155"}],"wp:attachment":[{"href":"https:\/\/mussicom.com\/noticias\/wp-json\/wp\/v2\/media?parent=22154"}],"wp:term":[{"taxonomy":"category","embeddable":true,"href":"https:\/\/mussicom.com\/noticias\/wp-json\/wp\/v2\/categories?post=22154"},{"taxonomy":"post_tag","embeddable":true,"href":"https:\/\/mussicom.com\/noticias\/wp-json\/wp\/v2\/tags?post=22154"}],"curies":[{"name":"wp","href":"https:\/\/api.w.org\/{rel}","templated":true}]}}