{"id":22113,"date":"2025-05-21T20:42:43","date_gmt":"2025-05-21T23:42:43","guid":{"rendered":"https:\/\/mussicom.com\/santos-emite-alerta-de-ressaca-para-esta-quinta\/"},"modified":"2025-05-21T20:42:43","modified_gmt":"2025-05-21T23:42:43","slug":"santos-emite-alerta-de-ressaca-para-esta-quinta","status":"publish","type":"post","link":"https:\/\/mussicom.com\/noticias\/santos-emite-alerta-de-ressaca-para-esta-quinta\/","title":{"rendered":"Santos emite alerta de ressaca para esta quinta"},"content":{"rendered":"<p> <br \/>\n<\/p>\n<div>\n<p data-start=\"278\" data-end=\"391\"><strong>Defesa Civil emite alerta para ventos fortes, mar\u00e9 elevada e chuva moderada at\u00e9 domingo (25)<\/strong><\/p>\n<p>O avan\u00e7o de uma frente fria em Santos deve causar mar agitado e ventos intensos na regi\u00e3o costeira a partir da tarde desta quinta-feira (22), o que pode resultar em ressacas. Segundo o boletim do N\u00facleo de Pesquisas Hidrodin\u00e2micas da Unisanta (NPH\u2013 Unisanta), divulgado nesta quarta (21), o mar deve ficar agitado at\u00e9 a madrugada de domingo (25), com ondas que dever\u00e3o alcan\u00e7ar entre dois e tr\u00eas metros.<\/p>\n<p>A instabilidade na ba\u00eda de Santos deve resultar em ondas de mais de 2,5 m de altura\u00a0 entre a tarde de quinta-feira e a madrugada de domingo. A mar\u00e9 poder\u00e1 alcan\u00e7ar 1,6 metro na ba\u00eda de Santos e 1,9 metro no interior do estu\u00e1rio, com altura m\u00e1xima prevista para quinta-feira e sexta-feira (23), por volta de meio-dia.<\/p>\n<p>De acordo com o Plano Municipal de Conting\u00eancia para Ressacas e Inunda\u00e7\u00f5es de Santos, o estado \u00e9 de aten\u00e7\u00e3o na regi\u00e3o da orla e no interior do estu\u00e1rio. Se as previs\u00f5es se confirmarem, h\u00e1 possibilidade de alagamentos nos per\u00edodos de mar\u00e9 alta, que podem ser potencializados em caso de chuva, que tem previs\u00e3o de ser de fraca a moderada no per\u00edodo.<\/p>\n<p>Dia 21<\/p>\n<p>Probabilidade: 60%. Intensidade: moderada a fraca. Volume: 0-5mm<\/p>\n<p>Dia 22<\/p>\n<p>Probabilidade: 80%. Intensidade: moderada. Volume: 15-30mm<\/p>\n<p>Dia 23<\/p>\n<p>Probabilidade: 80%. Intensidade: moderada. Volume: 10-20mm<\/p>\n<p>Dia 24<\/p>\n<p>Probabilidade: 60%. Intensidade: moderada a fraca. Volume: 5-10mm<\/p>\n<p>Dia 25<\/p>\n<p>Probabilidade: 30%. Intensidade: sem previs\u00e3o de chuva. Volume: 0mm<\/p>\n<p><strong>Recomenda\u00e7\u00f5es<\/strong><\/p>\n<p>As recomenda\u00e7\u00f5es da Defesa Civil incluem n\u00e3o entrar em \u00e1reas alagadas, buscar abrigo em poss\u00edveis momentos de tempestade e n\u00e3o enfrentar alagamentos ao transitar com um ve\u00edculo. A Defesa Civil pode ser acionada pelo n\u00famero 199.<\/p>\n<p>Al\u00e9m disso, o \u00f3rg\u00e3o recomenda que todos os mun\u00edcipes se cadastrem para receber alertas. Basta enviar SMS com o n\u00famero do CEP da resid\u00eancia para 40199.<\/p>\n<\/div>\n<p><br \/>\n<br \/>Fonte: <a href=\"https:\/\/jornaldaorla.com.br\/noticias\/santos-tem-alerta-de-ressaca-a-partir-desta-quinta-feira\/\">Jornal Da Orla<\/a><\/p>\n","protected":false},"excerpt":{"rendered":"<p>Defesa Civil emite alerta para ventos fortes, mar\u00e9 elevada e chuva moderada at\u00e9 domingo (25) O avan\u00e7o de uma frente fria em Santos deve causar mar agitado e ventos intensos na regi\u00e3o costeira a partir da tarde desta quinta-feira (22), o que pode resultar em ressacas. Segundo o boletim do N\u00facleo de Pesquisas Hidrodin\u00e2micas da [&hellip;]<\/p>\n","protected":false},"author":5,"featured_media":22114,"comment_status":"open","ping_status":"open","sticky":false,"template":"","format":"standard","meta":{"_seopress_robots_primary_cat":"","_seopress_titles_title":"","_seopress_titles_desc":"","_seopress_robots_index":"","footnotes":""},"categories":[52],"tags":[],"class_list":["post-22113","post","type-post","status-publish","format-standard","has-post-thumbnail","hentry","category-santoseregiao"],"_links":{"self":[{"href":"https:\/\/mussicom.com\/noticias\/wp-json\/wp\/v2\/posts\/22113","targetHints":{"allow":["GET"]}}],"collection":[{"href":"https:\/\/mussicom.com\/noticias\/wp-json\/wp\/v2\/posts"}],"about":[{"href":"https:\/\/mussicom.com\/noticias\/wp-json\/wp\/v2\/types\/post"}],"author":[{"embeddable":true,"href":"https:\/\/mussicom.com\/noticias\/wp-json\/wp\/v2\/users\/5"}],"replies":[{"embeddable":true,"href":"https:\/\/mussicom.com\/noticias\/wp-json\/wp\/v2\/comments?post=22113"}],"version-history":[{"count":0,"href":"https:\/\/mussicom.com\/noticias\/wp-json\/wp\/v2\/posts\/22113\/revisions"}],"wp:featuredmedia":[{"embeddable":true,"href":"https:\/\/mussicom.com\/noticias\/wp-json\/wp\/v2\/media\/22114"}],"wp:attachment":[{"href":"https:\/\/mussicom.com\/noticias\/wp-json\/wp\/v2\/media?parent=22113"}],"wp:term":[{"taxonomy":"category","embeddable":true,"href":"https:\/\/mussicom.com\/noticias\/wp-json\/wp\/v2\/categories?post=22113"},{"taxonomy":"post_tag","embeddable":true,"href":"https:\/\/mussicom.com\/noticias\/wp-json\/wp\/v2\/tags?post=22113"}],"curies":[{"name":"wp","href":"https:\/\/api.w.org\/{rel}","templated":true}]}}