{"id":22042,"date":"2025-05-21T14:48:34","date_gmt":"2025-05-21T17:48:34","guid":{"rendered":"https:\/\/mussicom.com\/abrasel-baixada-santista-faz-encontro-de-graca-em-cubatao-para-empresarios-de-bares-e-restaurantes\/"},"modified":"2025-05-21T14:48:34","modified_gmt":"2025-05-21T17:48:34","slug":"abrasel-baixada-santista-faz-encontro-de-graca-em-cubatao-para-empresarios-de-bares-e-restaurantes","status":"publish","type":"post","link":"https:\/\/mussicom.com\/noticias\/abrasel-baixada-santista-faz-encontro-de-graca-em-cubatao-para-empresarios-de-bares-e-restaurantes\/","title":{"rendered":"Abrasel Baixada Santista faz encontro de gra\u00e7a em Cubat\u00e3o para empres\u00e1rios de bares e restaurantes"},"content":{"rendered":"<p> <br \/>\n<\/p>\n<div id=\"texto\">\n<p>Falar sobre m\u00e3o de obra, quest\u00f5es econ\u00f4micas e demais assuntos que interessam o setor de alimenta\u00e7\u00e3o fora do lar, esse \u00e9 o objetivo de um encontro promovido pela Associa\u00e7\u00e3o Brasileira de Bares e Restaurantes de S\u00e3o Paulo, a Abrasel Baixada Santista, em Cubat\u00e3o.<\/p>\n<p>\u00a0<\/p>\n<p>O evento ser\u00e1 na quinta-feira, dia 22 de maio, \u00e0s 8h30, no Sicredi Cubat\u00e3o (Av. 9 de Abril, 1910 \u2013 Centro). Os interessados precisam ter o CNPJ do ramo de alimenta\u00e7\u00e3o fora do lar da Cidade do evento e podem se inscrever gratuitamente pelo link https:\/\/linke.to\/inscricao_cafedenegocios<br \/>&#13;<br \/>\n\u00a0<\/p>\n<p>O encontro vai abordar demandas presentes na vida de comerciantes de bares e restaurantes como taxas de servi\u00e7o mais atraentes, debates sobre gera\u00e7\u00e3o de empregos e equil\u00edbrio financeiro no setor.\u00a0<\/p>\n<p>\u00a0<\/p>\n<p>Para o l\u00edder de relacionamento Abrasel Baixada Santista, Guilherme Karaoglan, os encontros s\u00e3o muito positivos. &#8220;Este olho no olho faz a gente entender as reais necessidades dos comerciantes. \u00c9 um momento de unir ideias e for\u00e7as para desenvolver um dos setores que mais emprega na Baixada Santista&#8221;.<\/p>\n<p>\u00a0<\/p>\n<p>J\u00e1 para o l\u00edder institucional da Abrasel Baixada Santista, Luan Paiva, a agenda tamb\u00e9m \u00e9 importante para fortalecer o networking. &#8220;Este momento faz a gente compreender a realidade dos comerciantes de cada cidade, por isso, em breve, teremos outros encontros como este. Queremos mostrar que a Abrasel est\u00e1 presente para fazer a ponte entre o setor e o poder p\u00fablico&#8221;.<\/p>\n<p>\u00a0<\/p>\n<p><strong>Abrasel SP N\u00facleo Baixada Santista &#8211;<\/strong>\u00a0Criada em abril\/2024, a Abrasel est\u00e1 presente nas nove cidades da regi\u00e3o: Bertioga, Cubat\u00e3o, Guaruj\u00e1, Itanha\u00e9m, Mongagu\u00e1, Peru\u00edbe, Praia Grande, Santos e S\u00e3o Vicente.<\/p>\n<\/p><\/div>\n<p><script async defer crossorigin=\"anonymous\" src=\"https:\/\/connect.facebook.net\/pt_BR\/sdk.js#xfbml=1&#038;version=v12.0&#038;appId=&#038;autoLogAppEvents=1\" nonce=\"ou0fI1lo\"><\/script><br \/>\n<br \/><br \/>\n<br \/>Fonte: <a href=\"https:\/\/www.bs9.com.br\/variedades\/abrasel-baixada-santista-faz-encontro-de-graca-em-cubatao-para\/31848\/\">BS9<\/a><\/p>\n","protected":false},"excerpt":{"rendered":"<p>Falar sobre m\u00e3o de obra, quest\u00f5es econ\u00f4micas e demais assuntos que interessam o setor de alimenta\u00e7\u00e3o fora do lar, esse \u00e9 o objetivo de um encontro promovido pela Associa\u00e7\u00e3o Brasileira de Bares e Restaurantes de S\u00e3o Paulo, a Abrasel Baixada Santista, em Cubat\u00e3o. \u00a0 O evento ser\u00e1 na quinta-feira, dia 22 de maio, \u00e0s 8h30, [&hellip;]<\/p>\n","protected":false},"author":5,"featured_media":22043,"comment_status":"open","ping_status":"open","sticky":false,"template":"","format":"standard","meta":{"_seopress_robots_primary_cat":"","_seopress_titles_title":"","_seopress_titles_desc":"","_seopress_robots_index":"","footnotes":""},"categories":[52],"tags":[],"class_list":["post-22042","post","type-post","status-publish","format-standard","has-post-thumbnail","hentry","category-santoseregiao"],"_links":{"self":[{"href":"https:\/\/mussicom.com\/noticias\/wp-json\/wp\/v2\/posts\/22042","targetHints":{"allow":["GET"]}}],"collection":[{"href":"https:\/\/mussicom.com\/noticias\/wp-json\/wp\/v2\/posts"}],"about":[{"href":"https:\/\/mussicom.com\/noticias\/wp-json\/wp\/v2\/types\/post"}],"author":[{"embeddable":true,"href":"https:\/\/mussicom.com\/noticias\/wp-json\/wp\/v2\/users\/5"}],"replies":[{"embeddable":true,"href":"https:\/\/mussicom.com\/noticias\/wp-json\/wp\/v2\/comments?post=22042"}],"version-history":[{"count":0,"href":"https:\/\/mussicom.com\/noticias\/wp-json\/wp\/v2\/posts\/22042\/revisions"}],"wp:featuredmedia":[{"embeddable":true,"href":"https:\/\/mussicom.com\/noticias\/wp-json\/wp\/v2\/media\/22043"}],"wp:attachment":[{"href":"https:\/\/mussicom.com\/noticias\/wp-json\/wp\/v2\/media?parent=22042"}],"wp:term":[{"taxonomy":"category","embeddable":true,"href":"https:\/\/mussicom.com\/noticias\/wp-json\/wp\/v2\/categories?post=22042"},{"taxonomy":"post_tag","embeddable":true,"href":"https:\/\/mussicom.com\/noticias\/wp-json\/wp\/v2\/tags?post=22042"}],"curies":[{"name":"wp","href":"https:\/\/api.w.org\/{rel}","templated":true}]}}