{"id":22009,"date":"2025-05-21T12:23:30","date_gmt":"2025-05-21T15:23:30","guid":{"rendered":"https:\/\/mussicom.com\/petrobras-se-prepara-para-perfurar-poco-na-foz-do-amazonas\/"},"modified":"2025-05-21T12:23:30","modified_gmt":"2025-05-21T15:23:30","slug":"petrobras-se-prepara-para-perfurar-poco-na-foz-do-amazonas","status":"publish","type":"post","link":"https:\/\/mussicom.com\/noticias\/petrobras-se-prepara-para-perfurar-poco-na-foz-do-amazonas\/","title":{"rendered":"Petrobras se prepara para perfurar po\u00e7o na Foz do Amazonas"},"content":{"rendered":"<p> <br \/>\n<\/p>\n<div id=\"hd80s9wa1h892edh8192\">\n<p>A <strong>Petrobras<\/strong> est\u00e1 perto de iniciar a perfura\u00e7\u00e3o do primeiro po\u00e7o em \u00e1guas profundas na Bacia da Foz do Amazonas. A empresa aguarda apenas a libera\u00e7\u00e3o do Instituto Brasileiro do Meio Ambiente e Recursos Naturais Renov\u00e1veis (Ibama) para realizar um teste operacional, etapa final antes da concess\u00e3o da licen\u00e7a para a explora\u00e7\u00e3o.<\/p>\n<p>A estatal pretende realizar o ensaio ainda em junho. O <strong>Ibama<\/strong>, no entanto, ainda n\u00e3o definiu a data oficial para o teste.<\/p>\n<p>A estrutura que permitir\u00e1 o teste foi aprovada nesta segunda-feira, 19. Trata-se de uma base de resgate \u00e0 fauna instalada no munic\u00edpio de Oiapoque, no Amap\u00e1.<\/p>\n<p><strong>+ Leia mais not\u00edcias de Economia em Oeste <\/strong><\/p>\n<p>Como resultado, a autoriza\u00e7\u00e3o abre caminho para o que a Petrobras chama de avalia\u00e7\u00e3o pr\u00e9via operacional \u2014 uma simula\u00e7\u00e3o de vazamento de petr\u00f3leo, feita para demonstrar a capacidade de resposta da estatal em caso de acidente durante a perfura\u00e7\u00e3o.<\/p>\n<p>Antes de seguir para o local da perfura\u00e7\u00e3o, a cerca de 175 quil\u00f4metros da costa, a Petrobras finaliza a limpeza do casco da unidade perfuradora, que ainda apresenta presen\u00e7a de corais.<\/p>\n<p>Segundo fontes ligadas ao processo, os trabalhos devem ser conclu\u00eddos at\u00e9 o fim do m\u00eas. A travessia at\u00e9 o ponto da opera\u00e7\u00e3o deve levar entre dez e 20 dias.<\/p>\n<figure class=\"wp-block-embed aligncenter is-type-video is-provider-youtube wp-block-embed-youtube wp-embed-aspect-16-9 wp-has-aspect-ratio\">\n<div class=\"wp-block-embed__wrapper\">\n<div class=\"perfmatters-lazy-youtube\" data-src=\"https:\/\/www.youtube.com\/embed\/Q5iQMxAl5Lo\" data-id=\"Q5iQMxAl5Lo\" data-query=\"feature=oembed\" onclick=\"perfmattersLazyLoadYouTube(this);\">\n<div><img fetchpriority=\"high\" decoding=\"async\" src=\"https:\/\/i.ytimg.com\/vi\/Q5iQMxAl5Lo\/hqdefault.jpg\" alt=\"YouTube video\" width=\"480\" height=\"360\" data-pin-nopin=\"true\" nopin=\"nopin\"\/><\/div>\n<\/div>\n<p><noscript><iframe title=\"Presidente da Petrobras aponta dificuldades na gest\u00e3o da estatal: &#039;Hora de apertar os cintos&#039;\" width=\"800\" height=\"450\" src=\"https:\/\/www.youtube.com\/embed\/Q5iQMxAl5Lo?feature=oembed\" frameborder=\"0\" allow=\"accelerometer; autoplay; clipboard-write; encrypted-media; gyroscope; picture-in-picture; web-share\" referrerpolicy=\"strict-origin-when-cross-origin\" allowfullscreen><\/iframe><\/noscript>\n<\/div>\n<\/figure>\n<p>O projeto se tornou s\u00edmbolo do impasse entre o setor energ\u00e9tico e a ala ambiental do governo federal. Entidades ambientalistas criticam a abertura de novas fronteiras de explora\u00e7\u00e3o de petr\u00f3leo, especialmente \u00e0s v\u00e9speras da COP30, em Bel\u00e9m.<\/p>\n<p>J\u00e1 os defensores do projeto afirmam que a descoberta pode ser decisiva para a seguran\u00e7a energ\u00e9tica do pa\u00eds e para o desenvolvimento econ\u00f4mico da Regi\u00e3o Norte.<\/p>\n<h2 class=\"wp-block-heading\"><strong>Amap\u00e1 pode virar polo da Petrobras at\u00e9 o fim de 2029<\/strong><\/h2>\n<p>A press\u00e3o por avan\u00e7os na explora\u00e7\u00e3o partiu tamb\u00e9m do Congresso. O presidente do Senado, Davi Alcolumbre (Uni\u00e3o Brasil-AP), lidera articula\u00e7\u00f5es favor\u00e1veis ao projeto e tem defendido a libera\u00e7\u00e3o do po\u00e7o como forma de gera\u00e7\u00e3o de empregos e renda para o Estado.<\/p>\n<p>Segundo o Instituto Brasileiro de Petr\u00f3leo e G\u00e1s (IBP), o potencial da bacia pode alcan\u00e7ar 1,1 milh\u00e3o de barris por dia at\u00e9 2029 \u2014 o equivalente a cerca de um ter\u00e7o da produ\u00e7\u00e3o brasileira atual.<\/p>\n<figure class=\"wp-block-embed aligncenter is-type-video is-provider-youtube wp-block-embed-youtube wp-embed-aspect-16-9 wp-has-aspect-ratio\">\n<div class=\"wp-block-embed__wrapper\">\n<div class=\"perfmatters-lazy-youtube\" data-src=\"https:\/\/www.youtube.com\/embed\/30ZPWpPfH10\" data-id=\"30ZPWpPfH10\" data-query=\"start=11&amp;feature=oembed\" onclick=\"perfmattersLazyLoadYouTube(this);\">\n<div><img decoding=\"async\" alt=\"YouTube video\" width=\"480\" height=\"360\" data-pin-nopin=\"true\" nopin=\"nopin\" class=\"perfmatters-lazy\" src=\"https:\/\/i.ytimg.com\/vi\/30ZPWpPfH10\/hqdefault.jpg\"\/><img decoding=\"async\" src=\"https:\/\/i.ytimg.com\/vi\/30ZPWpPfH10\/hqdefault.jpg\" alt=\"YouTube video\" width=\"480\" height=\"360\" data-pin-nopin=\"true\" nopin=\"nopin\"\/><\/div>\n<\/div>\n<p><noscript><iframe title=\"Funcion\u00e1ria da Petrobras reclama de trabalho presencial: &#039;Estresse e sintomas f\u00edsicos&#039;\" width=\"800\" height=\"450\" src=\"https:\/\/www.youtube.com\/embed\/30ZPWpPfH10?feature=oembed\" frameborder=\"0\" allow=\"accelerometer; autoplay; clipboard-write; encrypted-media; gyroscope; picture-in-picture; web-share\" referrerpolicy=\"strict-origin-when-cross-origin\" allowfullscreen><\/iframe><\/noscript>\n<\/div>\n<\/figure>\n<p>Em nota, o IBP afirmou que a produ\u00e7\u00e3o na regi\u00e3o pode refor\u00e7ar as reservas nacionais e garantir a seguran\u00e7a energ\u00e9tica do pa\u00eds. A entidade tamb\u00e9m citou o impacto positivo no desenvolvimento socioecon\u00f4mico da popula\u00e7\u00e3o do Amap\u00e1.<\/p>\n<p>Apesar do entusiasmo, ambientalistas argumentam que a libera\u00e7\u00e3o do po\u00e7o enfraquece o discurso do governo em defesa da transi\u00e7\u00e3o energ\u00e9tica.<\/p>\n<p>Eles ressaltam, por exemplo, que o in\u00edcio da explora\u00e7\u00e3o contradiz a imagem de lideran\u00e7a ambiental que o Brasil tenta projetar no cen\u00e1rio internacional.<\/p>\n<p><strong>+ Leia tamb\u00e9m: \u201cIbama aprova plano da Petrobras para teste na Margem Equatorial\u201d <\/strong><\/p>\n<p>Em meio ao embate, o governo federal deve licitar 47 novas \u00e1reas explorat\u00f3rias na Bacia da Foz do Amazonas em junho.<\/p>\n<p>Se o Ibama autorizar a perfura\u00e7\u00e3o, empresas devem iniciar uma corrida por novas concess\u00f5es na regi\u00e3o. Nos \u00faltimos leil\u00f5es, a \u00e1rea ficou de fora por causa da incerteza regulat\u00f3ria e da resist\u00eancia ambiental.<\/p>\n<\/p><\/div>\n<p><br \/>\n<br \/>Fonte: <a href=\"https:\/\/revistaoeste.com\/economia\/petrobras-se-prepara-para-perfurar-poco-na-foz-do-amazonas\/\">Revista oeste<\/a><\/p>\n","protected":false},"excerpt":{"rendered":"<p>A Petrobras est\u00e1 perto de iniciar a perfura\u00e7\u00e3o do primeiro po\u00e7o em \u00e1guas profundas na Bacia da Foz do Amazonas. A empresa aguarda apenas a libera\u00e7\u00e3o do Instituto Brasileiro do Meio Ambiente e Recursos Naturais Renov\u00e1veis (Ibama) para realizar um teste operacional, etapa final antes da concess\u00e3o da licen\u00e7a para a explora\u00e7\u00e3o. A estatal pretende [&hellip;]<\/p>\n","protected":false},"author":5,"featured_media":22010,"comment_status":"open","ping_status":"open","sticky":false,"template":"","format":"standard","meta":{"_seopress_robots_primary_cat":"","_seopress_titles_title":"","_seopress_titles_desc":"","_seopress_robots_index":"","footnotes":""},"categories":[45],"tags":[],"class_list":["post-22009","post","type-post","status-publish","format-standard","has-post-thumbnail","hentry","category-economia"],"_links":{"self":[{"href":"https:\/\/mussicom.com\/noticias\/wp-json\/wp\/v2\/posts\/22009","targetHints":{"allow":["GET"]}}],"collection":[{"href":"https:\/\/mussicom.com\/noticias\/wp-json\/wp\/v2\/posts"}],"about":[{"href":"https:\/\/mussicom.com\/noticias\/wp-json\/wp\/v2\/types\/post"}],"author":[{"embeddable":true,"href":"https:\/\/mussicom.com\/noticias\/wp-json\/wp\/v2\/users\/5"}],"replies":[{"embeddable":true,"href":"https:\/\/mussicom.com\/noticias\/wp-json\/wp\/v2\/comments?post=22009"}],"version-history":[{"count":0,"href":"https:\/\/mussicom.com\/noticias\/wp-json\/wp\/v2\/posts\/22009\/revisions"}],"wp:featuredmedia":[{"embeddable":true,"href":"https:\/\/mussicom.com\/noticias\/wp-json\/wp\/v2\/media\/22010"}],"wp:attachment":[{"href":"https:\/\/mussicom.com\/noticias\/wp-json\/wp\/v2\/media?parent=22009"}],"wp:term":[{"taxonomy":"category","embeddable":true,"href":"https:\/\/mussicom.com\/noticias\/wp-json\/wp\/v2\/categories?post=22009"},{"taxonomy":"post_tag","embeddable":true,"href":"https:\/\/mussicom.com\/noticias\/wp-json\/wp\/v2\/tags?post=22009"}],"curies":[{"name":"wp","href":"https:\/\/api.w.org\/{rel}","templated":true}]}}