{"id":21974,"date":"2025-05-21T09:07:45","date_gmt":"2025-05-21T12:07:45","guid":{"rendered":"https:\/\/mussicom.com\/governo-lula-paga-ate-611-mais-caro-por-galoes-de-agua\/"},"modified":"2025-05-21T09:07:45","modified_gmt":"2025-05-21T12:07:45","slug":"governo-lula-paga-ate-611-mais-caro-por-galoes-de-agua","status":"publish","type":"post","link":"https:\/\/mussicom.com\/noticias\/governo-lula-paga-ate-611-mais-caro-por-galoes-de-agua\/","title":{"rendered":"governo Lula paga at\u00e9 611% mais caro por gal\u00f5es de \u00e1gua"},"content":{"rendered":"<p> <br \/>\n<\/p>\n<div id=\"hd80s9wa1h892edh8192\">\n<p>O governo do presidente Luiz In\u00e1cio Lula da Silva (<strong>PT<\/strong>) autorizou a compra de gal\u00f5es de \u00e1gua para a 30\u00aa <strong>Confer\u00eancia das Na\u00e7\u00f5es Unidas sobre as Mudan\u00e7as Clim\u00e1ticas<\/strong> (COP30) com pre\u00e7os at\u00e9 611% maiores que os praticados em outras compras p\u00fablicas. O preju\u00edzo estimado chega a R$ 896 mil.<\/p>\n<p>O valor total do contrato para abastecimento do evento alcan\u00e7a R$ 1 milh\u00e3o. Ser\u00e3o 51 mil gal\u00f5es de 20 litros destinados \u00e0s duas semanas da confer\u00eancia. Desse montante, 14,2 mil unidades custaram R$ 30,22 cada um. Outras 37,5 mil sa\u00edram por R$ 18,27 a unidade.<\/p>\n<p><strong>+ Leia mais not\u00edcias de Pol\u00edtica em Oeste<\/strong><\/p>\n<p>Ambos os valores ultrapassam, e muito, os pre\u00e7os firmados em contratos semelhantes. Dados do Painel de Pre\u00e7os do governo federal revelam essa diferen\u00e7a.<\/p>\n<p>No fim de abril, o <strong>Senado<\/strong> fechou contrato para adquirir 60 mil gal\u00f5es. Pagou R$ 4,25 por unidade, somando R$ 255 mil. A compara\u00e7\u00e3o mostra que o custo da COP30 ficou at\u00e9 sete vezes mais alto, embora os volumes sejam pr\u00f3ximos.<\/p>\n<figure class=\"wp-block-embed is-type-video is-provider-youtube wp-block-embed-youtube wp-embed-aspect-16-9 wp-has-aspect-ratio\">\n<div class=\"wp-block-embed__wrapper\">\n<div class=\"perfmatters-lazy-youtube\" data-src=\"https:\/\/www.youtube.com\/embed\/-3B4fMY6CeM\" data-id=\"-3B4fMY6CeM\" data-query=\"feature=oembed\" onclick=\"perfmattersLazyLoadYouTube(this);\">\n<div><img fetchpriority=\"high\" decoding=\"async\" src=\"https:\/\/i.ytimg.com\/vi\/-3B4fMY6CeM\/hqdefault.jpg\" alt=\"YouTube video\" width=\"480\" height=\"360\" data-pin-nopin=\"true\" nopin=\"nopin\"\/><\/div>\n<\/div>\n<p><noscript><iframe title=\"Grupo Prerrogativas aciona PGR contra Bia Kicis por &#039;extrapolar liberdade de express\u00e3o&#039;\" width=\"800\" height=\"450\" src=\"https:\/\/www.youtube.com\/embed\/-3B4fMY6CeM?feature=oembed\" frameborder=\"0\" allow=\"accelerometer; autoplay; clipboard-write; encrypted-media; gyroscope; picture-in-picture; web-share\" referrerpolicy=\"strict-origin-when-cross-origin\" allowfullscreen><\/iframe><\/noscript>\n<\/div>\n<\/figure>\n<p>O levantamento, feito pelo portal Metr\u00f3poles, identificou outros 11 contratos recentes com valores significativamente mais baixos. Os pre\u00e7os variaram entre R$ 3,30 e R$ 10,10 por unidade.<\/p>\n<h2 class=\"wp-block-heading\">A Secretaria Extraordin\u00e1ria da COP30, vinculada \u00e0 Casa Civil, informou que os valores est\u00e3o sob an\u00e1lise<\/h2>\n<p>A Secretaria Extraordin\u00e1ria da COP30, vinculada \u00e0 Casa Civil, informou que os valores est\u00e3o sob an\u00e1lise. O \u00f3rg\u00e3o alega que os custos consideram a realidade local de Bel\u00e9m.<\/p>\n<p>A responsabilidade pela organiza\u00e7\u00e3o do evento est\u00e1 nas m\u00e3os da Organiza\u00e7\u00e3o dos Estados Ibero-Americanos para a Educa\u00e7\u00e3o, Ci\u00eancia e Cultura (OIE). O conv\u00eanio, firmado sem licita\u00e7\u00e3o, prev\u00ea um repasse de R$ 480 milh\u00f5es. Desse total, a entidade recebe 5% como taxa de administra\u00e7\u00e3o.<\/p>\n<p>O or\u00e7amento inicial apresentado pela OIE j\u00e1 indicava valores elevados. A previs\u00e3o chegava a R$ 2,23 milh\u00f5es apenas para aquisi\u00e7\u00e3o dos gal\u00f5es. Cada unidade foi cotada, na \u00e9poca, a R$ 60,44 para a Zona Verde e R$ 36,54 para a Zona Azul.<\/p>\n<figure class=\"wp-block-embed is-type-video is-provider-youtube wp-block-embed-youtube wp-embed-aspect-16-9 wp-has-aspect-ratio\">\n<div class=\"wp-block-embed__wrapper\">\n<div class=\"perfmatters-lazy-youtube\" data-src=\"https:\/\/www.youtube.com\/embed\/bb62zCGwOr4\" data-id=\"bb62zCGwOr4\" data-query=\"feature=oembed\" onclick=\"perfmattersLazyLoadYouTube(this);\">\n<div><img decoding=\"async\" alt=\"YouTube video\" width=\"480\" height=\"360\" data-pin-nopin=\"true\" nopin=\"nopin\" class=\"perfmatters-lazy\" src=\"https:\/\/i.ytimg.com\/vi\/bb62zCGwOr4\/hqdefault.jpg\"\/><img decoding=\"async\" src=\"https:\/\/i.ytimg.com\/vi\/bb62zCGwOr4\/hqdefault.jpg\" alt=\"YouTube video\" width=\"480\" height=\"360\" data-pin-nopin=\"true\" nopin=\"nopin\"\/><\/div>\n<\/div>\n<p><noscript><iframe title=\"Com Moraes na lideran\u00e7a, Senado acumula 55 pedidos de impeachment contra ministros do STF\" width=\"800\" height=\"450\" src=\"https:\/\/www.youtube.com\/embed\/bb62zCGwOr4?feature=oembed\" frameborder=\"0\" allow=\"accelerometer; autoplay; clipboard-write; encrypted-media; gyroscope; picture-in-picture; web-share\" referrerpolicy=\"strict-origin-when-cross-origin\" allowfullscreen><\/iframe><\/noscript>\n<\/div>\n<\/figure>\n<p>O governo informou que os pre\u00e7os finais foram reduzidos durante o processo conduzido pela OIE. Mesmo assim, os valores permaneceram elevados: R$ 18,27 para a Zona Azul e R$ 30,22 para a Zona Verde.<\/p>\n<p>O edital da confer\u00eancia estipula o fornecimento di\u00e1rio de 2,5 mil gal\u00f5es para o pavilh\u00e3o da Zona Azul. A Zona Verde exige 950 unidades por dia. A soma atinge 51 mil gal\u00f5es ao longo dos 15 dias do evento.<\/p>\n<p>O caso dos gal\u00f5es de \u00e1gua n\u00e3o \u00e9 isolado. Uma reportagem da <em>Folha de S.Paulo<\/em> revelou que as garrafas de 500 ml tamb\u00e9m foram superfaturadas. Cada unidade foi inicialmente cotada a R$ 17,50.<\/p>\n<figure class=\"wp-block-embed is-type-video is-provider-youtube wp-block-embed-youtube wp-embed-aspect-16-9 wp-has-aspect-ratio\">\n<div class=\"wp-block-embed__wrapper\">\n<div class=\"perfmatters-lazy-youtube\" data-src=\"https:\/\/www.youtube.com\/embed\/oxgjAhbZQMY\" data-id=\"oxgjAhbZQMY\" data-query=\"feature=oembed\" onclick=\"perfmattersLazyLoadYouTube(this);\">\n<div><img loading=\"lazy\" decoding=\"async\" alt=\"YouTube video\" width=\"480\" height=\"360\" data-pin-nopin=\"true\" nopin=\"nopin\" class=\"perfmatters-lazy\" src=\"https:\/\/i.ytimg.com\/vi\/oxgjAhbZQMY\/hqdefault.jpg\"\/><img loading=\"lazy\" decoding=\"async\" src=\"https:\/\/i.ytimg.com\/vi\/oxgjAhbZQMY\/hqdefault.jpg\" alt=\"YouTube video\" width=\"480\" height=\"360\" data-pin-nopin=\"true\" nopin=\"nopin\"\/><\/div>\n<\/div>\n<p><noscript><iframe title=\"Justi\u00e7a determina prazo de 20 dias para governo Lula explicar gastos de Janja\" width=\"800\" height=\"450\" src=\"https:\/\/www.youtube.com\/embed\/oxgjAhbZQMY?feature=oembed\" frameborder=\"0\" allow=\"accelerometer; autoplay; clipboard-write; encrypted-media; gyroscope; picture-in-picture; web-share\" referrerpolicy=\"strict-origin-when-cross-origin\" allowfullscreen><\/iframe><\/noscript>\n<\/div>\n<\/figure>\n<h2 class=\"wp-block-heading\">A COP30 est\u00e1 prevista para novembro, em Bel\u00e9m, no Par\u00e1<\/h2>\n<p>A COP30 est\u00e1 prevista para novembro, em Bel\u00e9m, no <strong>Par\u00e1<\/strong>. A expectativa \u00e9 que mais de 40 mil pessoas circulem pelo evento. Entre os participantes est\u00e3o chefes de Estado, ONGs e pesquisadores.<\/p>\n<p>O evento ser\u00e1 realizado em dois pavilh\u00f5es, montados no Parque da Cidade, na capital paraense. A especifica\u00e7\u00e3o de consumo de \u00e1gua aparece detalhada no edital que rege o contrato.<\/p>\n<\/p><\/div>\n<p><br \/>\n<br \/>Fonte: <a href=\"https:\/\/revistaoeste.com\/politica\/governo-lula-paga-ate-611-mais-caro-por-galoes-de-agua-para-a-cop-30\/\">Ag\u00eancia Brasil<\/a><\/p>\n","protected":false},"excerpt":{"rendered":"<p>O governo do presidente Luiz In\u00e1cio Lula da Silva (PT) autorizou a compra de gal\u00f5es de \u00e1gua para a 30\u00aa Confer\u00eancia das Na\u00e7\u00f5es Unidas sobre as Mudan\u00e7as Clim\u00e1ticas (COP30) com pre\u00e7os at\u00e9 611% maiores que os praticados em outras compras p\u00fablicas. O preju\u00edzo estimado chega a R$ 896 mil. O valor total do contrato para [&hellip;]<\/p>\n","protected":false},"author":5,"featured_media":21975,"comment_status":"open","ping_status":"open","sticky":false,"template":"","format":"standard","meta":{"_seopress_robots_primary_cat":"","_seopress_titles_title":"","_seopress_titles_desc":"","_seopress_robots_index":"","footnotes":""},"categories":[47,1],"tags":[],"class_list":["post-21974","post","type-post","status-publish","format-standard","has-post-thumbnail","hentry","category-politica","category-ultimas-noticias"],"_links":{"self":[{"href":"https:\/\/mussicom.com\/noticias\/wp-json\/wp\/v2\/posts\/21974","targetHints":{"allow":["GET"]}}],"collection":[{"href":"https:\/\/mussicom.com\/noticias\/wp-json\/wp\/v2\/posts"}],"about":[{"href":"https:\/\/mussicom.com\/noticias\/wp-json\/wp\/v2\/types\/post"}],"author":[{"embeddable":true,"href":"https:\/\/mussicom.com\/noticias\/wp-json\/wp\/v2\/users\/5"}],"replies":[{"embeddable":true,"href":"https:\/\/mussicom.com\/noticias\/wp-json\/wp\/v2\/comments?post=21974"}],"version-history":[{"count":0,"href":"https:\/\/mussicom.com\/noticias\/wp-json\/wp\/v2\/posts\/21974\/revisions"}],"wp:featuredmedia":[{"embeddable":true,"href":"https:\/\/mussicom.com\/noticias\/wp-json\/wp\/v2\/media\/21975"}],"wp:attachment":[{"href":"https:\/\/mussicom.com\/noticias\/wp-json\/wp\/v2\/media?parent=21974"}],"wp:term":[{"taxonomy":"category","embeddable":true,"href":"https:\/\/mussicom.com\/noticias\/wp-json\/wp\/v2\/categories?post=21974"},{"taxonomy":"post_tag","embeddable":true,"href":"https:\/\/mussicom.com\/noticias\/wp-json\/wp\/v2\/tags?post=21974"}],"curies":[{"name":"wp","href":"https:\/\/api.w.org\/{rel}","templated":true}]}}