{"id":21939,"date":"2025-05-21T05:03:30","date_gmt":"2025-05-21T08:03:30","guid":{"rendered":"https:\/\/mussicom.com\/correcao-da-tabela-do-imposto-de-renda-custaria-r-100-bi\/"},"modified":"2025-05-21T05:03:30","modified_gmt":"2025-05-21T08:03:30","slug":"correcao-da-tabela-do-imposto-de-renda-custaria-r-100-bi","status":"publish","type":"post","link":"https:\/\/mussicom.com\/noticias\/correcao-da-tabela-do-imposto-de-renda-custaria-r-100-bi\/","title":{"rendered":"Corre\u00e7\u00e3o da tabela do Imposto de Renda custaria R$ 100 bi"},"content":{"rendered":"<p> <br \/>\n<\/p>\n<div id=\"hd80s9wa1h892edh8192\">\n<p>Segundo o Minist\u00e9rio da Fazenda, o impacto fiscal de uma atualiza\u00e7\u00e3o total na tabela do <strong>Imposto de Renda das Pessoas F\u00edsicas (IRPF)<\/strong> superaria R$ 100 bilh\u00f5es por ano. A declara\u00e7\u00e3o foi feita Marcos Pinto, secret\u00e1rio de Reformas Econ\u00f4micas do <strong>Minist\u00e9rio da Fazenda<\/strong>, em audi\u00eancia p\u00fablica nesta ter\u00e7a-feira, 20.<\/p>\n<p>Segundo ele, a limita\u00e7\u00e3o or\u00e7ament\u00e1ria impede o <strong>governo Lula<\/strong> de promover uma corre\u00e7\u00e3o integral, levando a proposta a priorizar isen\u00e7\u00e3o para quem recebe at\u00e9 R$ 5 mil e benef\u00edcio parcial para rendas entre R$ 5 mil e R$ 7 mil. <\/p>\n<blockquote class=\"wp-block-quote is-layout-flow wp-block-quote-is-layout-flow\">\n<p>\u201cNossa proposta \u00e9 fazer uma reforma do IR neutra, cujo primeiro passo \u00e9 isentar quem ganha at\u00e9 R$ 5 mil, e dar um benef\u00edcio para quem ganha entre R$ 5 mil e R$ 7 mil\u201d, disse. \u201cCorrigir a tabela toda [do Imposto de Renda] ia custar mais de R$ 100 bilh\u00f5es, n\u00e3o temos condi\u00e7\u00f5es de fazer isso. Diminu\u00edmos a conta para R$ 25 bilh\u00f5es, que a gente consegue pensar com imposto m\u00ednimo.\u201d<\/p>\n<\/blockquote>\n<h2 class=\"wp-block-heading\">Tabela do Imposto de Renda est\u00e1 defasada, diz estudo<\/h2>\n<figure class=\"wp-block-image aligncenter size-full is-resized\"><picture><source data-srcset=\"https:\/\/medias.revistaoeste.com\/wp-content\/uploads\/2023\/10\/principais-duvidas-carne-leao.jpg.webp 2560w, https:\/\/medias.revistaoeste.com\/wp-content\/uploads\/2023\/10\/principais-duvidas-carne-leao-300x200.jpg.webp 300w\" data-sizes=\"(max-width: 2560px) 100vw, 2560px\" type=\"image\/webp\"><img fetchpriority=\"high\" decoding=\"async\" width=\"2560\" height=\"1707\" src=\"https:\/\/medias.revistaoeste.com\/wp-content\/uploads\/2023\/10\/principais-duvidas-carne-leao.jpg\" alt=\"16,9 milh\u00f5es de brasileiros pagam Imposto de Renda por defasagem na tabela, diz Sindifisco | Divulga\u00e7\u00e3o\/Receita Federal\" class=\"wp-image-1107706\" style=\"width:526px;height:auto\" srcset=\"https:\/\/medias.revistaoeste.com\/wp-content\/uploads\/2023\/10\/principais-duvidas-carne-leao.jpg 2560w, https:\/\/medias.revistaoeste.com\/wp-content\/uploads\/2023\/10\/principais-duvidas-carne-leao-300x200.jpg 300w\" sizes=\"(max-width: 2560px) 100vw, 2560px\" data-eio=\"p\"\/><\/source><\/picture><figcaption class=\"wp-element-caption\">16,9 milh\u00f5es de brasileiros pagam Imposto de Renda por defasagem na tabela, diz Sindifisco | Divulga\u00e7\u00e3o\/Receita Federal<\/figcaption><\/figure>\n<p>De acordo com an\u00e1lise t\u00e9cnica do Departamento Intersindical de Estat\u00edstica e Estudos Socioecon\u00f4micos, a tabela do IRPF apresenta defasagem m\u00e9dia de 154,67% entre 1996 e 2024, em raz\u00e3o da infla\u00e7\u00e3o oficial. <\/p>\n<p>Os benef\u00edcios da proposta se restringem a quem recebe at\u00e9 R$ 7 mil, mantendo a incid\u00eancia vigente para rendas superiores a esse valor.<\/p>\n<p>Assim, contribuintes com vencimentos acima de R$ 7 mil seguir\u00e3o submetidos \u00e0s mesmas regras, sem altera\u00e7\u00e3o no valor do imposto. A partir de 2026, o governo sugere elevar a faixa de isen\u00e7\u00e3o de R$ 2.824 para R$ 5 mil, o que pode excluir cerca de dez milh\u00f5es de pessoas da obrigatoriedade de recolher IR.<\/p>\n<h2 class=\"wp-block-heading\">Medidas compensat\u00f3rias e limites de tributa\u00e7\u00e3o<\/h2>\n<p>Al\u00e9m disso, a equipe econ\u00f4mica prop\u00f4s que, para rendimentos entre R$ 5 mil e R$ 7 mil, haja isen\u00e7\u00e3o parcial. Para compensar a redu\u00e7\u00e3o na arrecada\u00e7\u00e3o, o Minist\u00e9rio da Fazenda planeja tributar contribuintes com renda mensal acima de R$ 50 mil, equivalente a R$ 600 mil anuais.<\/p>\n<p>O texto do governo estabelece, ainda, que a soma da tributa\u00e7\u00e3o sobre dividendos de pessoas f\u00edsicas e empresas n\u00e3o ultrapasse 34% para empresas e 45% para institui\u00e7\u00f5es financeiras.<\/p>\n<p><strong>+ Leia mais not\u00edcias de Pol\u00edtica em Oeste<\/strong><\/p>\n<\/p><\/div>\n<p><br \/>\n<br \/>Fonte: <a href=\"https:\/\/revistaoeste.com\/politica\/correcao-da-tabela-do-imposto-de-renda-custaria-mais-de-r-100-bi-diz-ministerio-da-fazenda\/\">Ag\u00eancia Brasil<\/a><\/p>\n","protected":false},"excerpt":{"rendered":"<p>Segundo o Minist\u00e9rio da Fazenda, o impacto fiscal de uma atualiza\u00e7\u00e3o total na tabela do Imposto de Renda das Pessoas F\u00edsicas (IRPF) superaria R$ 100 bilh\u00f5es por ano. A declara\u00e7\u00e3o foi feita Marcos Pinto, secret\u00e1rio de Reformas Econ\u00f4micas do Minist\u00e9rio da Fazenda, em audi\u00eancia p\u00fablica nesta ter\u00e7a-feira, 20. Segundo ele, a limita\u00e7\u00e3o or\u00e7ament\u00e1ria impede o [&hellip;]<\/p>\n","protected":false},"author":5,"featured_media":21940,"comment_status":"open","ping_status":"open","sticky":false,"template":"","format":"standard","meta":{"_seopress_robots_primary_cat":"","_seopress_titles_title":"","_seopress_titles_desc":"","_seopress_robots_index":"","footnotes":""},"categories":[47,1],"tags":[],"class_list":["post-21939","post","type-post","status-publish","format-standard","has-post-thumbnail","hentry","category-politica","category-ultimas-noticias"],"_links":{"self":[{"href":"https:\/\/mussicom.com\/noticias\/wp-json\/wp\/v2\/posts\/21939","targetHints":{"allow":["GET"]}}],"collection":[{"href":"https:\/\/mussicom.com\/noticias\/wp-json\/wp\/v2\/posts"}],"about":[{"href":"https:\/\/mussicom.com\/noticias\/wp-json\/wp\/v2\/types\/post"}],"author":[{"embeddable":true,"href":"https:\/\/mussicom.com\/noticias\/wp-json\/wp\/v2\/users\/5"}],"replies":[{"embeddable":true,"href":"https:\/\/mussicom.com\/noticias\/wp-json\/wp\/v2\/comments?post=21939"}],"version-history":[{"count":0,"href":"https:\/\/mussicom.com\/noticias\/wp-json\/wp\/v2\/posts\/21939\/revisions"}],"wp:featuredmedia":[{"embeddable":true,"href":"https:\/\/mussicom.com\/noticias\/wp-json\/wp\/v2\/media\/21940"}],"wp:attachment":[{"href":"https:\/\/mussicom.com\/noticias\/wp-json\/wp\/v2\/media?parent=21939"}],"wp:term":[{"taxonomy":"category","embeddable":true,"href":"https:\/\/mussicom.com\/noticias\/wp-json\/wp\/v2\/categories?post=21939"},{"taxonomy":"post_tag","embeddable":true,"href":"https:\/\/mussicom.com\/noticias\/wp-json\/wp\/v2\/tags?post=21939"}],"curies":[{"name":"wp","href":"https:\/\/api.w.org\/{rel}","templated":true}]}}