{"id":21934,"date":"2025-05-21T04:10:35","date_gmt":"2025-05-21T07:10:35","guid":{"rendered":"https:\/\/mussicom.com\/israel-aumenta-pressao-contra-o-hamas\/"},"modified":"2025-05-21T04:10:35","modified_gmt":"2025-05-21T07:10:35","slug":"israel-aumenta-pressao-contra-o-hamas","status":"publish","type":"post","link":"https:\/\/mussicom.com\/noticias\/israel-aumenta-pressao-contra-o-hamas\/","title":{"rendered":"Israel aumenta press\u00e3o contra o Hamas"},"content":{"rendered":"<p> <br \/>\n<\/p>\n<div>\n<p class=\"postParagraph_post-paragraph__juWZN\">O Ex\u00e9rcito de Israel anunciou nesta ter\u00e7a-feira (20) que pretende intensificar as opera\u00e7\u00f5es militares e ampliar o controle sobre a Faixa de Gaza se o grupo terrorista Hamas n\u00e3o libertar todos os ref\u00e9ns que est\u00e3o sendo mantidos no enclave desde o in\u00edcio do conflito. O comunicado foi feito pelo chefe do Estado-Maior, general Eyal Zamir, durante inspe\u00e7\u00e3o das tropas em Gaza.<\/p>\n<p class=\"postParagraph_post-paragraph__juWZN\">De acordo com Zamir, a liberta\u00e7\u00e3o dos ref\u00e9ns \u00e9 o \u00fanico fator capaz de alterar o curso da ofensiva. \u201cSe houver um acordo, as FDI saber\u00e3o como ajustar suas opera\u00e7\u00f5es\u201d, declarou o comandante militar. Ele destacou ainda que as For\u00e7as de Defesa de Israel atuam \u201cde acordo com os valores das FDI, a legisla\u00e7\u00e3o israelense e o direito internacional\u201d, rebatendo cr\u00edticas da oposi\u00e7\u00e3o interna quanto \u00e0 conduta dos soldados.<\/p>\n<p class=\"postParagraph_post-paragraph__juWZN\">Nos \u00faltimos dias, Israel intensificou ataques contra posi\u00e7\u00f5es estrat\u00e9gicas do Hamas, atingindo mais de 100 alvos ligados ao grupo terrorista, segundo informa\u00e7\u00f5es oficiais. O objetivo central, segundo Zamir, \u00e9 for\u00e7ar o Hamas a libertar os ref\u00e9ns e enfraquecer de forma permanente a infraestrutura da organiza\u00e7\u00e3o terrorista.<\/p>\n<p class=\"postParagraph_post-paragraph__juWZN\">O primeiro-ministro Benjamin Netanyahu reiterou seu apoio total \u00e0s For\u00e7as de Defesa de Israel, chamando-as de \u201co ex\u00e9rcito mais moral do mundo\u201d. Netanyahu frisou que as a\u00e7\u00f5es visam proteger os cidad\u00e3os israelenses diante das amea\u00e7as terroristas e garantir a seguran\u00e7a nacional.<\/p>\n<\/div>\n<p><br \/>\n<br \/>Fonte: <a href=\"https:\/\/www.gazetadopovo.com.br\/mundo\/israel-vai-expandir-ainda-mais-ofensiva-em-gaza-caso-hamas-nao-liberte-todos-os-refens\/\">Revista Oeste<\/a><\/p>\n","protected":false},"excerpt":{"rendered":"<p>O Ex\u00e9rcito de Israel anunciou nesta ter\u00e7a-feira (20) que pretende intensificar as opera\u00e7\u00f5es militares e ampliar o controle sobre a Faixa de Gaza se o grupo terrorista Hamas n\u00e3o libertar todos os ref\u00e9ns que est\u00e3o sendo mantidos no enclave desde o in\u00edcio do conflito. O comunicado foi feito pelo chefe do Estado-Maior, general Eyal Zamir, [&hellip;]<\/p>\n","protected":false},"author":5,"featured_media":7837,"comment_status":"open","ping_status":"open","sticky":false,"template":"","format":"standard","meta":{"_seopress_robots_primary_cat":"","_seopress_titles_title":"","_seopress_titles_desc":"","_seopress_robots_index":"","footnotes":""},"categories":[1],"tags":[],"class_list":["post-21934","post","type-post","status-publish","format-standard","has-post-thumbnail","hentry","category-ultimas-noticias"],"_links":{"self":[{"href":"https:\/\/mussicom.com\/noticias\/wp-json\/wp\/v2\/posts\/21934","targetHints":{"allow":["GET"]}}],"collection":[{"href":"https:\/\/mussicom.com\/noticias\/wp-json\/wp\/v2\/posts"}],"about":[{"href":"https:\/\/mussicom.com\/noticias\/wp-json\/wp\/v2\/types\/post"}],"author":[{"embeddable":true,"href":"https:\/\/mussicom.com\/noticias\/wp-json\/wp\/v2\/users\/5"}],"replies":[{"embeddable":true,"href":"https:\/\/mussicom.com\/noticias\/wp-json\/wp\/v2\/comments?post=21934"}],"version-history":[{"count":0,"href":"https:\/\/mussicom.com\/noticias\/wp-json\/wp\/v2\/posts\/21934\/revisions"}],"wp:featuredmedia":[{"embeddable":true,"href":"https:\/\/mussicom.com\/noticias\/wp-json\/wp\/v2\/media\/7837"}],"wp:attachment":[{"href":"https:\/\/mussicom.com\/noticias\/wp-json\/wp\/v2\/media?parent=21934"}],"wp:term":[{"taxonomy":"category","embeddable":true,"href":"https:\/\/mussicom.com\/noticias\/wp-json\/wp\/v2\/categories?post=21934"},{"taxonomy":"post_tag","embeddable":true,"href":"https:\/\/mussicom.com\/noticias\/wp-json\/wp\/v2\/tags?post=21934"}],"curies":[{"name":"wp","href":"https:\/\/api.w.org\/{rel}","templated":true}]}}