{"id":21880,"date":"2025-05-20T22:18:57","date_gmt":"2025-05-21T01:18:57","guid":{"rendered":"https:\/\/mussicom.com\/santos-cria-selo-para-identificar-veiculos-com-pessoas-autistas\/"},"modified":"2025-05-20T22:18:57","modified_gmt":"2025-05-21T01:18:57","slug":"santos-cria-selo-para-identificar-veiculos-com-pessoas-autistas","status":"publish","type":"post","link":"https:\/\/mussicom.com\/noticias\/santos-cria-selo-para-identificar-veiculos-com-pessoas-autistas\/","title":{"rendered":"Santos cria selo para identificar ve\u00edculos com pessoas autistas"},"content":{"rendered":"<p> <br \/>\n<\/p>\n<div>\n<p data-start=\"213\" data-end=\"310\"><strong>Identifica\u00e7\u00e3o \u201cAutista a Bordo\u201d ser\u00e1 concedida pela Prefeitura e visa seguran\u00e7a e conscientiza\u00e7\u00e3o<\/strong><\/p>\n<p>Santos instituiu, por meio da Lei n\u00ba 4.627, o selo \u2018Autista a Bordo\u2019, voltado \u00e0 identifica\u00e7\u00e3o de ve\u00edculos que transportam pessoas com Transtorno do Espectro Autista (TEA). A medida foi sancionada pela Prefeitura ap\u00f3s aprova\u00e7\u00e3o da C\u00e2mara Municipal e entrar\u00e1 em vigor 90 dias ap\u00f3s sua publica\u00e7\u00e3o no Di\u00e1rio Oficial, nesta segunda-feira (19).<\/p>\n<p>A concess\u00e3o do selo poder\u00e1 ser feita ao pr\u00f3prio autista ou a seus respons\u00e1veis legais, mediante solicita\u00e7\u00e3o \u00e0 Prefeitura e apresenta\u00e7\u00e3o de laudo m\u00e9dico que comprove a condi\u00e7\u00e3o. Mais detalhes ser\u00e3o divulgadas em breve.<\/p>\n<p>O objetivo do selo \u00e9 n\u00e3o apenas sinalizar os autom\u00f3veis para facilitar a aten\u00e7\u00e3o em situa\u00e7\u00f5es de risco, mas tamb\u00e9m promover a conscientiza\u00e7\u00e3o da sociedade sobre os cuidados e atitudes necess\u00e1rias com esse p\u00fablico.<\/p>\n<\/div>\n<p><br \/>\n<br \/>Fonte: <a href=\"https:\/\/jornaldaorla.com.br\/noticias\/santos-cria-selo-para-identificar-veiculos-com-pessoas-autistas\/\">Jornal Da Orla<\/a><\/p>\n","protected":false},"excerpt":{"rendered":"<p>Identifica\u00e7\u00e3o \u201cAutista a Bordo\u201d ser\u00e1 concedida pela Prefeitura e visa seguran\u00e7a e conscientiza\u00e7\u00e3o Santos instituiu, por meio da Lei n\u00ba 4.627, o selo \u2018Autista a Bordo\u2019, voltado \u00e0 identifica\u00e7\u00e3o de ve\u00edculos que transportam pessoas com Transtorno do Espectro Autista (TEA). A medida foi sancionada pela Prefeitura ap\u00f3s aprova\u00e7\u00e3o da C\u00e2mara Municipal e entrar\u00e1 em vigor [&hellip;]<\/p>\n","protected":false},"author":5,"featured_media":21881,"comment_status":"open","ping_status":"open","sticky":false,"template":"","format":"standard","meta":{"_seopress_robots_primary_cat":"","_seopress_titles_title":"","_seopress_titles_desc":"","_seopress_robots_index":"","footnotes":""},"categories":[52],"tags":[],"class_list":["post-21880","post","type-post","status-publish","format-standard","has-post-thumbnail","hentry","category-santoseregiao"],"_links":{"self":[{"href":"https:\/\/mussicom.com\/noticias\/wp-json\/wp\/v2\/posts\/21880","targetHints":{"allow":["GET"]}}],"collection":[{"href":"https:\/\/mussicom.com\/noticias\/wp-json\/wp\/v2\/posts"}],"about":[{"href":"https:\/\/mussicom.com\/noticias\/wp-json\/wp\/v2\/types\/post"}],"author":[{"embeddable":true,"href":"https:\/\/mussicom.com\/noticias\/wp-json\/wp\/v2\/users\/5"}],"replies":[{"embeddable":true,"href":"https:\/\/mussicom.com\/noticias\/wp-json\/wp\/v2\/comments?post=21880"}],"version-history":[{"count":0,"href":"https:\/\/mussicom.com\/noticias\/wp-json\/wp\/v2\/posts\/21880\/revisions"}],"wp:featuredmedia":[{"embeddable":true,"href":"https:\/\/mussicom.com\/noticias\/wp-json\/wp\/v2\/media\/21881"}],"wp:attachment":[{"href":"https:\/\/mussicom.com\/noticias\/wp-json\/wp\/v2\/media?parent=21880"}],"wp:term":[{"taxonomy":"category","embeddable":true,"href":"https:\/\/mussicom.com\/noticias\/wp-json\/wp\/v2\/categories?post=21880"},{"taxonomy":"post_tag","embeddable":true,"href":"https:\/\/mussicom.com\/noticias\/wp-json\/wp\/v2\/tags?post=21880"}],"curies":[{"name":"wp","href":"https:\/\/api.w.org\/{rel}","templated":true}]}}