{"id":21841,"date":"2025-05-20T19:29:19","date_gmt":"2025-05-20T22:29:19","guid":{"rendered":"https:\/\/mussicom.com\/praia-grande-sp-firma-convenio-com-o-creci-sp-para-avaliacoes-mercadologicas-e-imobiliarias\/"},"modified":"2025-05-20T19:29:19","modified_gmt":"2025-05-20T22:29:19","slug":"praia-grande-sp-firma-convenio-com-o-creci-sp-para-avaliacoes-mercadologicas-e-imobiliarias","status":"publish","type":"post","link":"https:\/\/mussicom.com\/noticias\/praia-grande-sp-firma-convenio-com-o-creci-sp-para-avaliacoes-mercadologicas-e-imobiliarias\/","title":{"rendered":"Praia Grande\/SP firma conv\u00eanio com o Creci-SP para avalia\u00e7\u00f5es mercadol\u00f3gicas e imobili\u00e1rias"},"content":{"rendered":"<p> <br \/>\n<\/p>\n<div id=\"texto\">\n<p>A Prefeitura de Praia Grande firmou, novo conv\u00eanio com o Conselho Regional de Corretores de Im\u00f3veis \u00a0(Creci-SP), mantendo ativo um termo de coopera\u00e7\u00e3o com a entidade. \u00a0Dentre os benef\u00edcios para a Cidade est\u00e1 a presta\u00e7\u00e3o de aux\u00edlio \u00a0t\u00e9cnico-cient\u00edfico para avalia\u00e7\u00e3o imobili\u00e1ria por meio de inspe\u00e7\u00f5es, \u00a0vistorias, realiza\u00e7\u00e3o de estudos, per\u00edcias e documentos t\u00e9cnicos, sem \u00a0custos para a Prefeitura. A inten\u00e7\u00e3o \u00e9 instruir procedimentos \u00a0administrativos da Cidade relacionados \u00e0 patrim\u00f4nio imobili\u00e1rio e \u00a0avalia\u00e7\u00f5es mercadol\u00f3gicas.<\/p>\n<p>O prazo de vig\u00eancia do termo \u00e9 de quarenta e oito meses, contados a \u00a0partir da data de sua assinatura e publica\u00e7\u00e3o no Di\u00e1rio Oficial da \u00a0Uni\u00e3o, podendo ser prorrogado a crit\u00e9rio das partes. O conv\u00eanio ficar\u00e1 \u00a0sob gest\u00e3o da Secretaria de Finan\u00e7as (Sefin).<br \/>&#13;<br \/>\n\u00a0<\/p>\n<p>A assinatura do termo foi realizada no Pa\u00e7o Municipal, e contou com a \u00a0presen\u00e7a do prefeito de Praia Grande, Alberto Mour\u00e3o, o presidente do \u00a0CRECI-SP, Jos\u00e9 Augusto Viana Neto, al\u00e9m de representantes da entidade \u00a0e da Administra\u00e7\u00e3o Municipal, como os secret\u00e1rios de Finan\u00e7as, \u00a0Cristiano Mola, de Governo, C\u00e1ssio Navarro, de Projetos Especiais e \u00a0Estrat\u00e9gicos, Lucas Mour\u00e3o Glerean, e de Transportes, Leandro Avelino.<br \/>&#13;<br \/>\n\u00a0<\/p>\n<p>O prefeito de Praia Grande, Alberto Mour\u00e3o, destacou que essa parceria \u00a0traz diversos benef\u00edcios para o andamento das atividades relacionadas \u00a0ao setor imobili\u00e1rio dentro das responsabilidades da Prefeitura. &#8220;O \u00a0Creci \u00e9 um \u00f3rg\u00e3o de renome e credibilidade. Esse conv\u00eanio \u00e9 uma forma \u00a0de oferecer o melhor servi\u00e7o p\u00fablico para a popula\u00e7\u00e3o, sem \u00f4nus aos \u00a0cofres p\u00fablicos, pois os servi\u00e7os ser\u00e3o prestados em regime de \u00a0coopera\u00e7\u00e3o m\u00fatua&#8221;, explicou.<br \/>&#13;<br \/>\n\u00a0<\/p>\n<p>De acordo com o presidente do Creci-SP, Jos\u00e9 Augusto Viana Neto, essa \u00a0parceria \u00e9 importante pela participa\u00e7\u00e3o dos corretores que desenvolvem \u00a0esse trabalho de avalia\u00e7\u00e3o do valor de mercado da propriedade \u00a0mobili\u00e1ria. \u201cAl\u00e9m disso, tamb\u00e9m \u00e9 essencial para a avalia\u00e7\u00e3o da \u00a0propriedade mobili\u00e1ria de interesse p\u00fablico, uma vez que a Prefeitura \u00a0tamb\u00e9m tem que prestar contas em seus processos, como de loca\u00e7\u00e3o e de \u00a0renova\u00e7\u00e3o de loca\u00e7\u00e3o. Por isso \u00e9 importante essa avalia\u00e7\u00e3o com \u00a0credibilidade, como \u00e9 a realizada pelos profissionais do Creci\u201d, \u00a0concluiu.<\/p>\n<\/p><\/div>\n<p><script async defer crossorigin=\"anonymous\" src=\"https:\/\/connect.facebook.net\/pt_BR\/sdk.js#xfbml=1&#038;version=v12.0&#038;appId=&#038;autoLogAppEvents=1\" nonce=\"ou0fI1lo\"><\/script><br \/>\n<br \/><br \/>\n<br \/>Fonte: <a href=\"https:\/\/www.bs9.com.br\/litoral\/praia-grandesp-firma-convenio-com-o-creci-sp-para-avaliacoes\/31827\/\">BS9<\/a><\/p>\n","protected":false},"excerpt":{"rendered":"<p>A Prefeitura de Praia Grande firmou, novo conv\u00eanio com o Conselho Regional de Corretores de Im\u00f3veis \u00a0(Creci-SP), mantendo ativo um termo de coopera\u00e7\u00e3o com a entidade. \u00a0Dentre os benef\u00edcios para a Cidade est\u00e1 a presta\u00e7\u00e3o de aux\u00edlio \u00a0t\u00e9cnico-cient\u00edfico para avalia\u00e7\u00e3o imobili\u00e1ria por meio de inspe\u00e7\u00f5es, \u00a0vistorias, realiza\u00e7\u00e3o de estudos, per\u00edcias e documentos t\u00e9cnicos, sem \u00a0custos [&hellip;]<\/p>\n","protected":false},"author":5,"featured_media":21398,"comment_status":"open","ping_status":"open","sticky":false,"template":"","format":"standard","meta":{"_seopress_robots_primary_cat":"","_seopress_titles_title":"","_seopress_titles_desc":"","_seopress_robots_index":"","footnotes":""},"categories":[52],"tags":[],"class_list":["post-21841","post","type-post","status-publish","format-standard","has-post-thumbnail","hentry","category-santoseregiao"],"_links":{"self":[{"href":"https:\/\/mussicom.com\/noticias\/wp-json\/wp\/v2\/posts\/21841","targetHints":{"allow":["GET"]}}],"collection":[{"href":"https:\/\/mussicom.com\/noticias\/wp-json\/wp\/v2\/posts"}],"about":[{"href":"https:\/\/mussicom.com\/noticias\/wp-json\/wp\/v2\/types\/post"}],"author":[{"embeddable":true,"href":"https:\/\/mussicom.com\/noticias\/wp-json\/wp\/v2\/users\/5"}],"replies":[{"embeddable":true,"href":"https:\/\/mussicom.com\/noticias\/wp-json\/wp\/v2\/comments?post=21841"}],"version-history":[{"count":0,"href":"https:\/\/mussicom.com\/noticias\/wp-json\/wp\/v2\/posts\/21841\/revisions"}],"wp:featuredmedia":[{"embeddable":true,"href":"https:\/\/mussicom.com\/noticias\/wp-json\/wp\/v2\/media\/21398"}],"wp:attachment":[{"href":"https:\/\/mussicom.com\/noticias\/wp-json\/wp\/v2\/media?parent=21841"}],"wp:term":[{"taxonomy":"category","embeddable":true,"href":"https:\/\/mussicom.com\/noticias\/wp-json\/wp\/v2\/categories?post=21841"},{"taxonomy":"post_tag","embeddable":true,"href":"https:\/\/mussicom.com\/noticias\/wp-json\/wp\/v2\/tags?post=21841"}],"curies":[{"name":"wp","href":"https:\/\/api.w.org\/{rel}","templated":true}]}}