{"id":21782,"date":"2025-05-20T15:54:43","date_gmt":"2025-05-20T18:54:43","guid":{"rendered":"https:\/\/mussicom.com\/musk-diz-que-gastara-bem-menos-em-campanhas-politicas\/"},"modified":"2025-05-20T15:54:43","modified_gmt":"2025-05-20T18:54:43","slug":"musk-diz-que-gastara-bem-menos-em-campanhas-politicas","status":"publish","type":"post","link":"https:\/\/mussicom.com\/noticias\/musk-diz-que-gastara-bem-menos-em-campanhas-politicas\/","title":{"rendered":"Musk diz que gastar\u00e1 \u201cbem menos\u201d em campanhas pol\u00edticas"},"content":{"rendered":"<p> <br \/>\n<\/p>\n<div>\n<p class=\"postParagraph_post-paragraph__juWZN\">O empres\u00e1rio americano Elon Musk, coordenador do Departamento de Efici\u00eancia Governamental (Doge, na sigla em ingl\u00eas) no governo do presidente dos Estados Unidos, Donald Trump, disse nesta ter\u00e7a-feira (20) que pretende \u201cgastar bem menos\u201d em doa\u00e7\u00f5es para campanhas eleitorais.<\/p>\n<p class=\"postParagraph_post-paragraph__juWZN\">Segundo informa\u00e7\u00f5es do site da revista Fortune, Musk falou sobre o assunto em um debate por videoconfer\u00eancia durante um f\u00f3rum da Bloomberg em Doha, no Catar.<\/p>\n<p class=\"postParagraph_post-paragraph__juWZN\">Ao ser perguntado sobre seus planos de doa\u00e7\u00f5es para campanhas pol\u00edticas, Musk respondeu: \u201cVou gastar bem menos no futuro\u201d. Quando questionado sobre o motivo, respondeu apenas: \u201cAcho que j\u00e1 fiz o suficiente\u201d.<\/p>\n<p class=\"postParagraph_post-paragraph__juWZN\">Entretanto, o empres\u00e1rio n\u00e3o descartou a possibilidade de voltar a investir fortemente em campanhas eleitorais. \u201cSe eu enxergar um motivo para gastar em pol\u00edtica no futuro, farei isso\u201d, afirmou.<\/p>\n<p class=\"postParagraph_post-paragraph__juWZN\">Musk \u00e9 o homem mais rico do mundo e no ano passado doou mais de US$ 290 milh\u00f5es para as campanhas de Trump para a presid\u00eancia e de outros pol\u00edticos republicanos para o Congresso dos Estados Unidos.<\/p>\n<p class=\"postParagraph_post-paragraph__juWZN\">Este ano, ele tamb\u00e9m fez doa\u00e7\u00f5es para a campanha do juiz Brad Schimel para a Suprema Corte do Wisconsin, mas seu candidato acabou derrotado pela ju\u00edza progressista Susan Crawford.<\/p>\n<p class=\"postParagraph_post-paragraph__juWZN\">Musk andou distante dos holofotes nas \u00faltimas semanas, em meio a boatos de que poder\u00e1 deixar em breve a gest\u00e3o Trump.<\/p>\n<\/div>\n<p><br \/>\n<br \/>Fonte: <a href=\"https:\/\/www.gazetadopovo.com.br\/mundo\/musk-diz-que-gastara-bem-menos-em-campanhas-politicas\/\">Revista Oeste<\/a><\/p>\n","protected":false},"excerpt":{"rendered":"<p>O empres\u00e1rio americano Elon Musk, coordenador do Departamento de Efici\u00eancia Governamental (Doge, na sigla em ingl\u00eas) no governo do presidente dos Estados Unidos, Donald Trump, disse nesta ter\u00e7a-feira (20) que pretende \u201cgastar bem menos\u201d em doa\u00e7\u00f5es para campanhas eleitorais. Segundo informa\u00e7\u00f5es do site da revista Fortune, Musk falou sobre o assunto em um debate por [&hellip;]<\/p>\n","protected":false},"author":5,"featured_media":21783,"comment_status":"open","ping_status":"open","sticky":false,"template":"","format":"standard","meta":{"_seopress_robots_primary_cat":"","_seopress_titles_title":"","_seopress_titles_desc":"","_seopress_robots_index":"","footnotes":""},"categories":[1],"tags":[],"class_list":["post-21782","post","type-post","status-publish","format-standard","has-post-thumbnail","hentry","category-ultimas-noticias"],"_links":{"self":[{"href":"https:\/\/mussicom.com\/noticias\/wp-json\/wp\/v2\/posts\/21782","targetHints":{"allow":["GET"]}}],"collection":[{"href":"https:\/\/mussicom.com\/noticias\/wp-json\/wp\/v2\/posts"}],"about":[{"href":"https:\/\/mussicom.com\/noticias\/wp-json\/wp\/v2\/types\/post"}],"author":[{"embeddable":true,"href":"https:\/\/mussicom.com\/noticias\/wp-json\/wp\/v2\/users\/5"}],"replies":[{"embeddable":true,"href":"https:\/\/mussicom.com\/noticias\/wp-json\/wp\/v2\/comments?post=21782"}],"version-history":[{"count":0,"href":"https:\/\/mussicom.com\/noticias\/wp-json\/wp\/v2\/posts\/21782\/revisions"}],"wp:featuredmedia":[{"embeddable":true,"href":"https:\/\/mussicom.com\/noticias\/wp-json\/wp\/v2\/media\/21783"}],"wp:attachment":[{"href":"https:\/\/mussicom.com\/noticias\/wp-json\/wp\/v2\/media?parent=21782"}],"wp:term":[{"taxonomy":"category","embeddable":true,"href":"https:\/\/mussicom.com\/noticias\/wp-json\/wp\/v2\/categories?post=21782"},{"taxonomy":"post_tag","embeddable":true,"href":"https:\/\/mussicom.com\/noticias\/wp-json\/wp\/v2\/tags?post=21782"}],"curies":[{"name":"wp","href":"https:\/\/api.w.org\/{rel}","templated":true}]}}