{"id":21612,"date":"2025-05-19T23:08:29","date_gmt":"2025-05-20T02:08:29","guid":{"rendered":"https:\/\/mussicom.com\/parada-pedagogica-para-profissionais-da-educacao-infantil-ii-aborda-educacao-antirracista\/"},"modified":"2025-05-19T23:08:29","modified_gmt":"2025-05-20T02:08:29","slug":"parada-pedagogica-para-profissionais-da-educacao-infantil-ii-aborda-educacao-antirracista","status":"publish","type":"post","link":"https:\/\/mussicom.com\/noticias\/parada-pedagogica-para-profissionais-da-educacao-infantil-ii-aborda-educacao-antirracista\/","title":{"rendered":"Parada Pedag\u00f3gica para profissionais da Educa\u00e7\u00e3o Infantil II aborda educa\u00e7\u00e3o antirracista"},"content":{"rendered":"<p> <br \/>\n<\/p>\n<div id=\"texto\">\n<p>A Secretaria de Educa\u00e7\u00e3o de Cubat\u00e3o (Seduc), por meio do Centro de Apoio Pedag\u00f3gico e Forma\u00e7\u00e3o Continuada (CAPFC), realiza na quarta-feira (21) mais uma edi\u00e7\u00e3o da Parada Pedag\u00f3gica, voltada aos profissionais da Educa\u00e7\u00e3o Infantil II. A atividade acontece no Bloco Cultural nos per\u00edodos da manh\u00e3 e da tarde, tem apoio da empresa Unipar e aborda &#8220;A import\u00e2ncia de refer\u00eancias na inf\u00e2ncia para uma educa\u00e7\u00e3o afropositivadora&#8221;.<\/p>\n<p>\u00a0<\/p>\n<p>A Forma\u00e7\u00e3o ser\u00e1 ministrada pela educadora Giselda Per\u00ea, Mestra em Arte\/Educa\u00e7\u00e3o pela UNESP, a forma\u00e7\u00e3o re\u00fane professores e gestores para refletir sobre o antirracismo na inf\u00e2ncia. Fundadora do Agbal\u00e1 Conta, n\u00facleo de pesquisa de culturas africanas, afro-brasileiras e ind\u00edgenas, Giselda tem mais de 20 anos de atua\u00e7\u00e3o em projetos educativos, como no Museu Afro Brasil, e dirige a Per\u00ea Produ\u00e7\u00f5es, focada em arte e ancestralidade.<\/p>\n<p>\u00a0<\/p>\n<p>A Parada Pedag\u00f3gica \u00e9 uma iniciativa consolidada da Seduc, promovendo di\u00e1logo e forma\u00e7\u00e3o continuada para fortalecer pr\u00e1ticas pedag\u00f3gicas. O evento destaca o papel dos educadores na constru\u00e7\u00e3o de refer\u00eancias culturais e afetivas das crian\u00e7as, incentivando equidade e respeito \u00e0 diversidade desde a primeira inf\u00e2ncia.<\/p>\n<\/p><\/div>\n<p><script async defer crossorigin=\"anonymous\" src=\"https:\/\/connect.facebook.net\/pt_BR\/sdk.js#xfbml=1&#038;version=v12.0&#038;appId=&#038;autoLogAppEvents=1\" nonce=\"ou0fI1lo\"><\/script><br \/>\n<br \/><br \/>\n<br \/>Fonte: <a href=\"https:\/\/www.bs9.com.br\/litoral\/parada-pedagogica-para-profissionais-da-educacao-infantil-ii-aborda\/31808\/\">BS9<\/a><\/p>\n","protected":false},"excerpt":{"rendered":"<p>A Secretaria de Educa\u00e7\u00e3o de Cubat\u00e3o (Seduc), por meio do Centro de Apoio Pedag\u00f3gico e Forma\u00e7\u00e3o Continuada (CAPFC), realiza na quarta-feira (21) mais uma edi\u00e7\u00e3o da Parada Pedag\u00f3gica, voltada aos profissionais da Educa\u00e7\u00e3o Infantil II. A atividade acontece no Bloco Cultural nos per\u00edodos da manh\u00e3 e da tarde, tem apoio da empresa Unipar e aborda [&hellip;]<\/p>\n","protected":false},"author":5,"featured_media":21613,"comment_status":"open","ping_status":"open","sticky":false,"template":"","format":"standard","meta":{"_seopress_robots_primary_cat":"","_seopress_titles_title":"","_seopress_titles_desc":"","_seopress_robots_index":"","footnotes":""},"categories":[52],"tags":[],"class_list":["post-21612","post","type-post","status-publish","format-standard","has-post-thumbnail","hentry","category-santoseregiao"],"_links":{"self":[{"href":"https:\/\/mussicom.com\/noticias\/wp-json\/wp\/v2\/posts\/21612","targetHints":{"allow":["GET"]}}],"collection":[{"href":"https:\/\/mussicom.com\/noticias\/wp-json\/wp\/v2\/posts"}],"about":[{"href":"https:\/\/mussicom.com\/noticias\/wp-json\/wp\/v2\/types\/post"}],"author":[{"embeddable":true,"href":"https:\/\/mussicom.com\/noticias\/wp-json\/wp\/v2\/users\/5"}],"replies":[{"embeddable":true,"href":"https:\/\/mussicom.com\/noticias\/wp-json\/wp\/v2\/comments?post=21612"}],"version-history":[{"count":0,"href":"https:\/\/mussicom.com\/noticias\/wp-json\/wp\/v2\/posts\/21612\/revisions"}],"wp:featuredmedia":[{"embeddable":true,"href":"https:\/\/mussicom.com\/noticias\/wp-json\/wp\/v2\/media\/21613"}],"wp:attachment":[{"href":"https:\/\/mussicom.com\/noticias\/wp-json\/wp\/v2\/media?parent=21612"}],"wp:term":[{"taxonomy":"category","embeddable":true,"href":"https:\/\/mussicom.com\/noticias\/wp-json\/wp\/v2\/categories?post=21612"},{"taxonomy":"post_tag","embeddable":true,"href":"https:\/\/mussicom.com\/noticias\/wp-json\/wp\/v2\/tags?post=21612"}],"curies":[{"name":"wp","href":"https:\/\/api.w.org\/{rel}","templated":true}]}}