{"id":21573,"date":"2025-05-19T20:47:46","date_gmt":"2025-05-19T23:47:46","guid":{"rendered":"https:\/\/mussicom.com\/governo-apura-novo-foco-de-gripe-aviaria-em-santa-catarina\/"},"modified":"2025-05-19T20:47:46","modified_gmt":"2025-05-19T23:47:46","slug":"governo-apura-novo-foco-de-gripe-aviaria-em-santa-catarina","status":"publish","type":"post","link":"https:\/\/mussicom.com\/noticias\/governo-apura-novo-foco-de-gripe-aviaria-em-santa-catarina\/","title":{"rendered":"Governo apura novo foco de gripe avi\u00e1ria em Santa Catarina"},"content":{"rendered":"<p> <br \/>\n<\/p>\n<div id=\"hd80s9wa1h892edh8192\">\n<p>O Minist\u00e9rio da Agricultura e Pecu\u00e1ria (Mapa) iniciou uma nova investiga\u00e7\u00e3o sanit\u00e1ria depois de identificar ind\u00edcios de <strong>gripe avi\u00e1ria<\/strong> em uma granja localizada em Ipumirim, munic\u00edpio do oeste catarinense.<\/p>\n<p>O caso se soma a outras duas suspeitas da <em>influenza <\/em>avi\u00e1ria de alta patogenicidade (Iaap) em ambientes comerciais. Uma delas envolve uma granja em Aguiarn\u00f3polis, no Tocantins, e a outra j\u00e1 foi confirmada no Rio Grande do Sul.<\/p>\n<p><strong>+ Leia mais not\u00edcias de Agroneg\u00f3cio em Oeste <\/strong><\/p>\n<p>Se o governo confirmar os dois focos em an\u00e1lise, o Brasil registrar\u00e1 tr\u00eas ocorr\u00eancias comerciais da doen\u00e7a. Trata-se de uma infec\u00e7\u00e3o altamente transmiss\u00edvel, com potencial de comprometer as exporta\u00e7\u00f5es do setor av\u00edcola.<\/p>\n<p>T\u00e9cnicos do <strong>Mapa<\/strong> mant\u00eam aten\u00e7\u00e3o redobrada sobre esses surtos por envolverem granjas com potencial produtivo e impacto direto sobre a economia.<\/p>\n<p>Al\u00e9m dos epis\u00f3dios em estruturas comerciais, quatro investiga\u00e7\u00f5es envolvem aves criadas em regime dom\u00e9stico e de subsist\u00eancia. Esses registros, segundo o minist\u00e9rio, n\u00e3o oferecem riscos diretos \u00e0 cadeia produtiva, mas exigem vigil\u00e2ncia para evitar a dissemina\u00e7\u00e3o viral.<\/p>\n<figure class=\"wp-block-embed aligncenter is-type-video is-provider-youtube wp-block-embed-youtube wp-embed-aspect-16-9 wp-has-aspect-ratio\">\n<div class=\"wp-block-embed__wrapper\">\n<div class=\"perfmatters-lazy-youtube\" data-src=\"https:\/\/www.youtube.com\/embed\/psiwCvhYMfs\" data-id=\"psiwCvhYMfs\" data-query=\"feature=oembed\" onclick=\"perfmattersLazyLoadYouTube(this);\">\n<div><img fetchpriority=\"high\" decoding=\"async\" src=\"https:\/\/i.ytimg.com\/vi\/psiwCvhYMfs\/hqdefault.jpg\" alt=\"YouTube video\" width=\"480\" height=\"360\" data-pin-nopin=\"true\" nopin=\"nopin\"\/><\/div>\n<\/div>\n<p><noscript><iframe title=\"L\u00e9lis F\u00e9lix detalha evento que movimenta milh\u00f5es ao agroneg\u00f3cio\" width=\"800\" height=\"450\" src=\"https:\/\/www.youtube.com\/embed\/psiwCvhYMfs?feature=oembed\" frameborder=\"0\" allow=\"accelerometer; autoplay; clipboard-write; encrypted-media; gyroscope; picture-in-picture; web-share\" referrerpolicy=\"strict-origin-when-cross-origin\" allowfullscreen><\/iframe><\/noscript>\n<\/div>\n<\/figure>\n<p>As investiga\u00e7\u00f5es se concentram em seis munic\u00edpios. Em Aguiarn\u00f3polis, no Tocantins, e Ipumirim, em Santa Catarina, as suspeitas envolvem granjas comerciais.<\/p>\n<p>J\u00e1 nos demais casos \u2014 localizados em Triunfo, no Rio Grande do Sul; Nova Brasil\u00e2ndia, em Mato Grosso; Gracho Cardoso, em Sergipe; e Salitre, no Cear\u00e1 \u2014 as ocorr\u00eancias referem-se a cria\u00e7\u00f5es dom\u00e9sticas voltadas \u00e0 subsist\u00eancia.<\/p>\n<h2 class=\"wp-block-heading\"><strong>Brasil contabiliza 164 registros de gripe avi\u00e1ria em animais silvestres<\/strong><\/h2>\n<p>Desde junho de 2023, quando o Brasil confirmou o primeiro caso da Iaap em uma ave de subsist\u00eancia, o pa\u00eds j\u00e1 identificou tr\u00eas focos desse tipo e contabilizou 164 registros entre aves silvestres.<\/p>\n<p>Apesar do aumento de casos entre animais silvestres e cria\u00e7\u00f5es familiares, o setor industrial segue autorizado a operar normalmente. A decis\u00e3o conta com o respaldo da Organiza\u00e7\u00e3o Mundial de Sa\u00fade Animal.<\/p>\n<p><strong>+ Leia tamb\u00e9m: \u201cNove destinos internacionais vetam frango do Brasil por gripe avi\u00e1ria\u201d <\/strong><\/p>\n<p>O <em>status <\/em>sanit\u00e1rio do Brasil como pa\u00eds livre da gripe avi\u00e1ria em produ\u00e7\u00e3o comercial continua mantido, ao menos por ora.<\/p>\n<\/p><\/div>\n<p><br \/>\n<br \/>Fonte: <a href=\"https:\/\/revistaoeste.com\/agronegocio\/governo-apura-novo-foco-de-gripe-aviaria-em-santa-catarina\/\">Revista Oeste<\/a><\/p>\n","protected":false},"excerpt":{"rendered":"<p>O Minist\u00e9rio da Agricultura e Pecu\u00e1ria (Mapa) iniciou uma nova investiga\u00e7\u00e3o sanit\u00e1ria depois de identificar ind\u00edcios de gripe avi\u00e1ria em uma granja localizada em Ipumirim, munic\u00edpio do oeste catarinense. O caso se soma a outras duas suspeitas da influenza avi\u00e1ria de alta patogenicidade (Iaap) em ambientes comerciais. Uma delas envolve uma granja em Aguiarn\u00f3polis, no [&hellip;]<\/p>\n","protected":false},"author":5,"featured_media":21574,"comment_status":"open","ping_status":"open","sticky":false,"template":"","format":"standard","meta":{"_seopress_robots_primary_cat":"","_seopress_titles_title":"","_seopress_titles_desc":"","_seopress_robots_index":"","footnotes":""},"categories":[53],"tags":[],"class_list":["post-21573","post","type-post","status-publish","format-standard","has-post-thumbnail","hentry","category-agronegocio"],"_links":{"self":[{"href":"https:\/\/mussicom.com\/noticias\/wp-json\/wp\/v2\/posts\/21573","targetHints":{"allow":["GET"]}}],"collection":[{"href":"https:\/\/mussicom.com\/noticias\/wp-json\/wp\/v2\/posts"}],"about":[{"href":"https:\/\/mussicom.com\/noticias\/wp-json\/wp\/v2\/types\/post"}],"author":[{"embeddable":true,"href":"https:\/\/mussicom.com\/noticias\/wp-json\/wp\/v2\/users\/5"}],"replies":[{"embeddable":true,"href":"https:\/\/mussicom.com\/noticias\/wp-json\/wp\/v2\/comments?post=21573"}],"version-history":[{"count":0,"href":"https:\/\/mussicom.com\/noticias\/wp-json\/wp\/v2\/posts\/21573\/revisions"}],"wp:featuredmedia":[{"embeddable":true,"href":"https:\/\/mussicom.com\/noticias\/wp-json\/wp\/v2\/media\/21574"}],"wp:attachment":[{"href":"https:\/\/mussicom.com\/noticias\/wp-json\/wp\/v2\/media?parent=21573"}],"wp:term":[{"taxonomy":"category","embeddable":true,"href":"https:\/\/mussicom.com\/noticias\/wp-json\/wp\/v2\/categories?post=21573"},{"taxonomy":"post_tag","embeddable":true,"href":"https:\/\/mussicom.com\/noticias\/wp-json\/wp\/v2\/tags?post=21573"}],"curies":[{"name":"wp","href":"https:\/\/api.w.org\/{rel}","templated":true}]}}