{"id":21478,"date":"2025-05-19T16:31:02","date_gmt":"2025-05-19T19:31:02","guid":{"rendered":"https:\/\/mussicom.com\/o-que-o-governo-lula-vai-fazer\/"},"modified":"2025-05-19T16:31:02","modified_gmt":"2025-05-19T19:31:02","slug":"o-que-o-governo-lula-vai-fazer","status":"publish","type":"post","link":"https:\/\/mussicom.com\/noticias\/o-que-o-governo-lula-vai-fazer\/","title":{"rendered":"o que o governo Lula vai fazer"},"content":{"rendered":"<p> <br \/>\n<\/p>\n<div>\n<p class=\"postParagraph_post-paragraph-innerHtml__Q5vwc\"><strong>&#8211; Podcast 15 Minutos fala sobre como o governo Lula pretende ainda evitar que a CPMI do INSS seja instalada no Congresso Nacional.<\/strong><\/p>\n<p class=\"postParagraph_post-paragraph-innerHtml__Q5vwc\">*) Ao que tudo indica, o governo Lula segue tentando segurar a instala\u00e7\u00e3o da CPMI do Inss no Congresso Nacional. Mas, est\u00e1 cada vez mais dif\u00edcil acreditar que ir\u00e1 conseguir.\u00a0<\/p>\n<p class=\"postParagraph_post-paragraph-innerHtml__Q5vwc\">Aliado do Planalto, o presidente do Senado, Davi Alcolumbre (Uni\u00e3o-AP), esteve com Lula em recente viagem \u00e0 China. Disse que at\u00e9 pode segurar, mas dificilmente vai evitar que, em algum momento, a CPMI seja instalada.\u00a0\u00a0<\/p>\n<p class=\"postParagraph_post-paragraph-innerHtml__Q5vwc\">Agora, o governo Lula vai tentar evitar que a prov\u00e1vel CPMI cause estrago ainda maior no Pal\u00e1cio do Planalto.\u00a0<\/p>\n<p class=\"postParagraph_post-paragraph-innerHtml__Q5vwc\">Esse epis\u00f3dio do <strong>podcast 15 Minutos<\/strong> fala sobre como o governo Lula pretende ainda evitar que a CPMI do INSS seja instalada no Congresso Nacional. O convidado para falar desse assunto \u00e9 o <strong>Wesley Oliveira, da equipe de Rep\u00fablica da Gazeta do Povo, em Bras\u00edlia, que est\u00e1 acompanhando esse assunto.\u00a0<\/strong><\/p>\n<div class=\"postViewMore_post-view-more-container___5wai\" data-mrf-recirculation=\"Post - Veja tamb\u00e9m\">\n<p class=\"gp-styles-module-size-small-afeYRa gp-styles-module-font-family2-afeYRa gp-styles-module-color-secondary-afeYRa gp-styles-module-weight-bold-afeYRa\">VEJA TAMB\u00c9M:<\/p>\n<ul class=\"postViewMore_post-view-more-list__CU_CE\">\n<li class=\"postViewMore_post-view-more-item__2MzRb\"><span class=\"postViewMore_post-view-more-link-icon___stPC\"><svg xmlns=\"http:\/\/www.w3.org\/2000\/svg\" width=\"16\" height=\"16\" viewbox=\"0 0 16 16\"><rect width=\"16\" height=\"16\" fill=\"none\"\/><g transform=\"translate(3 3)\"><path d=\"M22.5,15l3.4,3.4-3.4,3.4\" transform=\"translate(-15.896 -11.793)\" fill=\"none\" stroke=\"#717171\" stroke-linecap=\"round\" stroke-width=\"1.4\"\/><path d=\"M6,6v4.2a2.452,2.452,0,0,0,2.5,2.4H16\" transform=\"translate(-6 -6)\" fill=\"none\" stroke=\"#717171\" stroke-linecap=\"round\" stroke-width=\"1.4\"\/><\/g><\/svg><\/span><span class=\"postViewMore_post-view-more-link-text__hO_kM\">Lula tenta evitar que CPMI leve crise do INSS para o Planalto<\/span><\/li>\n<\/ul>\n<\/div>\n<p class=\"postParagraph_post-paragraph-innerHtml__Q5vwc\">***<br \/>O podcast 15 minutos \u00e9 um espa\u00e7o para discuss\u00e3o de assuntos importantes, sempre com an\u00e1lise e a participa\u00e7\u00e3o da equipe de jornalistas da Gazeta do Povo. De segunda a sexta, de forma leve e din\u00e2mica, com a dura\u00e7\u00e3o que cabe na correria do seu dia. Apresenta\u00e7\u00e3o \u00e9 do jornalista M\u00e1rcio Miranda.<\/p>\n<p class=\"postParagraph_post-paragraph-innerHtml__Q5vwc\">***<br \/><strong>Ficha t\u00e9cnica:<\/strong> \u201815 minutos\u2019, podcast de not\u00edcias da Gazeta do Povo #<strong>Apresenta\u00e7\u00e3o e roteiro:<\/strong> M\u00e1rcio Miranda; <strong>dire\u00e7\u00e3o de conte\u00fado:<\/strong> Rodrigo Fernandes; <strong> sonoriza\u00e7\u00e3o: <\/strong>Leonardo Bechtloff; <strong>estrat\u00e9gia de distribui\u00e7\u00e3o:<\/strong> Marcus Ayres.<\/p>\n<\/div>\n<p><br \/>\n<br \/>Fonte: <a href=\"https:\/\/www.gazetadopovo.com.br\/republica\/cpmi-inss-oposicao-governo-davi-alcolumbre\/\">Revista Oeste<\/a><\/p>\n","protected":false},"excerpt":{"rendered":"<p>&#8211; Podcast 15 Minutos fala sobre como o governo Lula pretende ainda evitar que a CPMI do INSS seja instalada no Congresso Nacional. *) Ao que tudo indica, o governo Lula segue tentando segurar a instala\u00e7\u00e3o da CPMI do Inss no Congresso Nacional. Mas, est\u00e1 cada vez mais dif\u00edcil acreditar que ir\u00e1 conseguir.\u00a0 Aliado do [&hellip;]<\/p>\n","protected":false},"author":5,"featured_media":19948,"comment_status":"open","ping_status":"open","sticky":false,"template":"","format":"standard","meta":{"_seopress_robots_primary_cat":"","_seopress_titles_title":"","_seopress_titles_desc":"","_seopress_robots_index":"","footnotes":""},"categories":[1],"tags":[],"class_list":["post-21478","post","type-post","status-publish","format-standard","has-post-thumbnail","hentry","category-ultimas-noticias"],"_links":{"self":[{"href":"https:\/\/mussicom.com\/noticias\/wp-json\/wp\/v2\/posts\/21478","targetHints":{"allow":["GET"]}}],"collection":[{"href":"https:\/\/mussicom.com\/noticias\/wp-json\/wp\/v2\/posts"}],"about":[{"href":"https:\/\/mussicom.com\/noticias\/wp-json\/wp\/v2\/types\/post"}],"author":[{"embeddable":true,"href":"https:\/\/mussicom.com\/noticias\/wp-json\/wp\/v2\/users\/5"}],"replies":[{"embeddable":true,"href":"https:\/\/mussicom.com\/noticias\/wp-json\/wp\/v2\/comments?post=21478"}],"version-history":[{"count":0,"href":"https:\/\/mussicom.com\/noticias\/wp-json\/wp\/v2\/posts\/21478\/revisions"}],"wp:featuredmedia":[{"embeddable":true,"href":"https:\/\/mussicom.com\/noticias\/wp-json\/wp\/v2\/media\/19948"}],"wp:attachment":[{"href":"https:\/\/mussicom.com\/noticias\/wp-json\/wp\/v2\/media?parent=21478"}],"wp:term":[{"taxonomy":"category","embeddable":true,"href":"https:\/\/mussicom.com\/noticias\/wp-json\/wp\/v2\/categories?post=21478"},{"taxonomy":"post_tag","embeddable":true,"href":"https:\/\/mussicom.com\/noticias\/wp-json\/wp\/v2\/tags?post=21478"}],"curies":[{"name":"wp","href":"https:\/\/api.w.org\/{rel}","templated":true}]}}