{"id":21465,"date":"2025-05-19T14:59:51","date_gmt":"2025-05-19T17:59:51","guid":{"rendered":"https:\/\/mussicom.com\/porto-diverso-2a-edicao-setor-portuario-se-une-pela-igualdade-etnico-racial\/"},"modified":"2025-05-19T14:59:51","modified_gmt":"2025-05-19T17:59:51","slug":"porto-diverso-2a-edicao-setor-portuario-se-une-pela-igualdade-etnico-racial","status":"publish","type":"post","link":"https:\/\/mussicom.com\/noticias\/porto-diverso-2a-edicao-setor-portuario-se-une-pela-igualdade-etnico-racial\/","title":{"rendered":"Porto Diverso &#8211; 2\u00aa Edi\u00e7\u00e3o: setor portu\u00e1rio se une pela igualdade \u00e9tnico-racial"},"content":{"rendered":"<p> <br \/>\n<\/p>\n<div id=\"texto\">\n<p>O evento, que acontecer\u00e1 no Terminal Concais em Santos\/SP, reunir\u00e1 lideran\u00e7as do setor, especialistas e autoridades, no pr\u00f3ximo dia 21, para debater a import\u00e2ncia da diversidade nos ambientes corporativos, com foco especial para a ODS 18 &#8211; Igualdade \u00c9tnico-Racial.\u00a0<\/p>\n<p>\u00a0<\/p>\n<p>Criado a partir da iniciativa do Grupo RH Porto Baixada, formado por profissionais de gest\u00e3o de pessoas de diferentes empresas do setor portu\u00e1rio santista, o Porto Diverso tem como objetivo incentivar o di\u00e1logo, valorizar a diversidade e contribuir para a transforma\u00e7\u00e3o de organiza\u00e7\u00f5es em espa\u00e7os mais inclusivos e psicologicamente seguros.\u00a0<\/p>\n<p>\u00a0<\/p>\n<p>O destaque da programa\u00e7\u00e3o ser\u00e1 a palestra magna da fil\u00f3sofa e escritora Djamila Ribeiro, refer\u00eancia nacional em quest\u00f5es raciais e feminismo negro. O evento tamb\u00e9m contar\u00e1 com a participa\u00e7\u00e3o de representantes do Minist\u00e9rio de Portos e Aeroportos e da Secretaria de Coordena\u00e7\u00e3o e Governan\u00e7a das Empresas Estatais.\u00a0<\/p>\n<p>\u00a0<\/p>\n<p>Durante o encontro, ser\u00e1 realizada a assinatura da Carta de Compromisso com a DIEP, (colocar por extenso o nome da diretoria), no Porto de Santos por novos signat\u00e1rios, refor\u00e7ando o engajamento do setor com pr\u00e1ticas inclusivas. \u00a0<\/p>\n<p>\u00a0<\/p>\n<p>&#8220;O Porto Diverso representa um marco na transforma\u00e7\u00e3o cultural do setor portu\u00e1rio brasileiro. Estamos comprometidos em criar ambientes de trabalho que valorizem a diversidade e promovam a inclus\u00e3o como pilares estrat\u00e9gicos para o desenvolvimento sustent\u00e1vel&#8221;, afirma a organiza\u00e7\u00e3o do evento.\u00a0<\/p>\n<p>\u00a0<\/p>\n<p>O evento \u00e9 gratuito e aberto a profissionais do setor portu\u00e1rio e interessados no tema. H\u00e1 inscri\u00e7\u00f5es presenciais e online. Como forma de contribui\u00e7\u00e3o social, os participantes s\u00e3o convidados a doar 1 litro de leite, que ser\u00e1 destinado ao Projeto Tia Egle.\u00a0<\/p>\n<p>\u00a0<\/p>\n<p><strong>INFORMA\u00c7\u00d5ES IMPORTANTES\u00a0<\/strong><\/p>\n<p>&#13;<br \/>\n<strong>Evento:<\/strong> Porto Diverso \u2013 2\u00aa Edi\u00e7\u00e3o\u00a0<\/p>\n<p><strong>Data:<\/strong> 21\/05\/2025\u00a0<\/p>\n<p><strong>Hor\u00e1rio:<\/strong> 8h15 \u00e0s 12h30\u00a0<\/p>\n<p><strong>Local:<\/strong> Terminal Concais &#8211; Santos\/SP\u00a0<\/p>\n<p><strong>Inscri\u00e7\u00f5es gratuitas:<\/strong> https:\/\/www.even3.com.br\/portodiverso2\/\u00a0<\/p>\n<p>&#13;<br \/>\n<strong>Contribui\u00e7\u00e3o solid\u00e1ria: 1 litro de leite para o Projeto Tia Egle\u00a0<\/strong><\/p>\n<p>\u00a0\u00a0<\/p>\n<p><strong>Programa\u00e7\u00e3o:\u00a0<\/strong><\/p>\n<p><strong>08h15 \u00e0s 8h55:<\/strong> Credenciamento, Recebimento de Doa\u00e7\u00f5es e Exposi\u00e7\u00f5es\u00a0<\/p>\n<p><strong>09h00:<\/strong> Abertura Oficial com Representante do Minist\u00e9rio de Portos e Aeroportos\u00a0<\/p>\n<p><strong>09h35:<\/strong> Apresenta\u00e7\u00e3o Cultural\u00a0<\/p>\n<p><strong>09h45:<\/strong> Mesa de Debates: Fatos e Dados, com representantes das Empresas Portu\u00e1rias\u00a0<\/p>\n<p><strong>10h15:<\/strong> Assinatura da Carta de Compromisso com a DIEP no Porto de Santos\u00a0<\/p>\n<p><strong>10h20:<\/strong> Apresenta\u00e7\u00e3o do Pacto de Diversidade das Empresas Estatais\u00a0<\/p>\n<p><strong>10h30:<\/strong> Coffee Break e Exposi\u00e7\u00f5es\u00a0<\/p>\n<p><strong>11h00: <\/strong>Cena: Contr&#8221;A&#8221;taque &#8211; Plataforma\u00a0<\/p>\n<p><strong>11h20:<\/strong> Palestra Magna &#8211; Djamila Ribeiro &#8211; ODS 18 &#8211; Igualdade \u00c9tnico-Racial\u00a0<\/p>\n<p><strong>12h30:<\/strong> Encerramento\u00a0<\/p>\n<p>\u00a0<\/p>\n<p><strong>Patrocinadores:\u00a0<\/strong><\/p>\n<p>O evento conta com o patroc\u00ednio de importantes empresas do setor portu\u00e1rio: Autoridade Portu\u00e1ria de Santos, TEG, TEAG, TES, ADM do Brasil, BTP Terminais Portu\u00e1rios, Grupo ABA Infra e Ecoporto, Adonai East Terminal de L\u00edquidos, Terminal XXXIX de Santos, Ageo, DP World, Eldorado Brasil Celulose Log\u00edstica, COFCO e SOPESP.\u00a0<\/p>\n<p>\u00a0\u00a0<\/p>\n<p><strong>Apoiadores:\u00a0<\/strong><\/p>\n<p>ABRH-SP &#8211; Regional Baixada Santista, Associa\u00e7\u00e3o dos Engenheiros e Arquitetos de Santos, Funda\u00e7\u00e3o Centro de Excel\u00eancia Portu\u00e1ria de Santos (Funda\u00e7\u00e3o Cenep), Instituto Modo Parites, Bufet Stoco, Coletivo Afrotu, Sebrae, Tia Egle, OGMO-Santos, Pense Fora da Caixinha, OAB Santos, In Movimento Inclusivo, UNIMES, CIEE, Rising Capital Humano, APAE Santos e S\u00e3o Vicente, Santos Bureau.\u00a0<\/p>\n<p>\u00a0\u00a0<\/p>\n<p><strong>Sobre o RH Porto Baixada:\u00a0<\/strong><\/p>\n<p>O RH Porto Baixada \u00e9 um grupo formado por profissionais de gest\u00e3o de pessoas de diferentes empresas do setor portu\u00e1rio, que se re\u00fane periodicamente para compartilhar boas pr\u00e1ticas e promover iniciativas que contribuam para o desenvolvimento do setor.\u00a0<\/p>\n<\/p><\/div>\n<p><script async defer crossorigin=\"anonymous\" src=\"https:\/\/connect.facebook.net\/pt_BR\/sdk.js#xfbml=1&#038;version=v12.0&#038;appId=&#038;autoLogAppEvents=1\" nonce=\"ou0fI1lo\"><\/script><br \/>\n<br \/><br \/>\n<br \/>Fonte: <a href=\"https:\/\/www.bs9.com.br\/variedades\/porto-diverso-2a-edicao-setor-portuario-se-une-pela-igualdade\/31795\/\">BS9<\/a><\/p>\n","protected":false},"excerpt":{"rendered":"<p>O evento, que acontecer\u00e1 no Terminal Concais em Santos\/SP, reunir\u00e1 lideran\u00e7as do setor, especialistas e autoridades, no pr\u00f3ximo dia 21, para debater a import\u00e2ncia da diversidade nos ambientes corporativos, com foco especial para a ODS 18 &#8211; Igualdade \u00c9tnico-Racial.\u00a0 \u00a0 Criado a partir da iniciativa do Grupo RH Porto Baixada, formado por profissionais de gest\u00e3o [&hellip;]<\/p>\n","protected":false},"author":5,"featured_media":21466,"comment_status":"open","ping_status":"open","sticky":false,"template":"","format":"standard","meta":{"_seopress_robots_primary_cat":"","_seopress_titles_title":"","_seopress_titles_desc":"","_seopress_robots_index":"","footnotes":""},"categories":[52],"tags":[],"class_list":["post-21465","post","type-post","status-publish","format-standard","has-post-thumbnail","hentry","category-santoseregiao"],"_links":{"self":[{"href":"https:\/\/mussicom.com\/noticias\/wp-json\/wp\/v2\/posts\/21465","targetHints":{"allow":["GET"]}}],"collection":[{"href":"https:\/\/mussicom.com\/noticias\/wp-json\/wp\/v2\/posts"}],"about":[{"href":"https:\/\/mussicom.com\/noticias\/wp-json\/wp\/v2\/types\/post"}],"author":[{"embeddable":true,"href":"https:\/\/mussicom.com\/noticias\/wp-json\/wp\/v2\/users\/5"}],"replies":[{"embeddable":true,"href":"https:\/\/mussicom.com\/noticias\/wp-json\/wp\/v2\/comments?post=21465"}],"version-history":[{"count":0,"href":"https:\/\/mussicom.com\/noticias\/wp-json\/wp\/v2\/posts\/21465\/revisions"}],"wp:featuredmedia":[{"embeddable":true,"href":"https:\/\/mussicom.com\/noticias\/wp-json\/wp\/v2\/media\/21466"}],"wp:attachment":[{"href":"https:\/\/mussicom.com\/noticias\/wp-json\/wp\/v2\/media?parent=21465"}],"wp:term":[{"taxonomy":"category","embeddable":true,"href":"https:\/\/mussicom.com\/noticias\/wp-json\/wp\/v2\/categories?post=21465"},{"taxonomy":"post_tag","embeddable":true,"href":"https:\/\/mussicom.com\/noticias\/wp-json\/wp\/v2\/tags?post=21465"}],"curies":[{"name":"wp","href":"https:\/\/api.w.org\/{rel}","templated":true}]}}