{"id":21397,"date":"2025-05-19T08:53:31","date_gmt":"2025-05-19T11:53:31","guid":{"rendered":"https:\/\/mussicom.com\/central-de-regulacao-regional-do-samu-e-tema-de-reuniao-entre-praia-grande-sp-e-itanhaem\/"},"modified":"2025-05-19T08:53:31","modified_gmt":"2025-05-19T11:53:31","slug":"central-de-regulacao-regional-do-samu-e-tema-de-reuniao-entre-praia-grande-sp-e-itanhaem","status":"publish","type":"post","link":"https:\/\/mussicom.com\/noticias\/central-de-regulacao-regional-do-samu-e-tema-de-reuniao-entre-praia-grande-sp-e-itanhaem\/","title":{"rendered":"Central de Regula\u00e7\u00e3o Regional do SAMU \u00e9 tema de reuni\u00e3o entre Praia Grande\/SP e Itanha\u00e9m"},"content":{"rendered":"<p> <br \/>\n<\/p>\n<div id=\"texto\">\n<p>A Central de Regula\u00e7\u00e3o Regional do Servi\u00e7o de Atendimento M\u00f3vel de \u00a0Urg\u00eancia (SAMU) foi tema de reuni\u00e3o em Itanha\u00e9m na quarta-feira (14). \u00a0O secret\u00e1rio de Sa\u00fade P\u00fablica de Praia Grande, Isa\u00edas Lima, esteve na \u00a0cidade para se reunir com o respons\u00e1vel pela pasta da Sa\u00fade \u00a0itanhaense, F\u00e1bio Crivellari, para conversar sobre o andamento do \u00a0servi\u00e7o e debater melhorias para aprimorar a assist\u00eancia \u00e0 popula\u00e7\u00e3o.<br \/>&#13;<br \/>\n\u00a0<\/p>\n<p>Localizada em Itanha\u00e9m, a Central de Regula\u00e7\u00e3o do SAMU do Litoral Sul \u00a0realiza a regula\u00e7\u00e3o do atendimento de urg\u00eancia e emerg\u00eancia desta e \u00a0das cidades de Mongagu\u00e1, Praia Grande, Peru\u00edbe e Pedro de Toledo. O \u00a0objetivo praia-grandense \u00e9 transferir a sede dessa central para seu \u00a0Munic\u00edpio. Esse pleito consta, inclusive, em uma das Ordens de Servi\u00e7o \u00a0(OSs) determinadas pelo prefeito Alberto Mour\u00e3o no in\u00edcio deste ano.<br \/>&#13;<br \/>\n\u00a0<\/p>\n<p>\u201cFoi uma reuni\u00e3o muito positiva, n\u00f3s fomos muito bem recebidos e \u00a0pudemos apresentar nosso pleito de receber a Central de Regula\u00e7\u00e3o \u00a0Regional do SAMU. Agora \u00e9 o momento de fazer um alinhamento para \u00a0avan\u00e7ar com essa quest\u00e3o, discutindo as propostas, sempre com o \u00a0objetivo de caminharmos juntos com a regi\u00e3o\u201d, afirmou o secret\u00e1rio \u00a0Isa\u00edas Lima.<br \/>&#13;<br \/>\n\u00a0<\/p>\n<p><strong>Estrutura \u2013 <\/strong>Praia Grande possui uma rede de Urg\u00eancia e Emerg\u00eancia \u00a0estruturada. O Munic\u00edpio possui atualmente quatro bases \u00a0descentralizadas do SAMU que fazem o atendimento de urg\u00eancia e \u00a0emerg\u00eancia em todo o Munic\u00edpio. As unidades ficam nos bairros \u00a0Samambaia, Quietude, Boqueir\u00e3o e Maracan\u00e3. A disposi\u00e7\u00e3o das bases \u00a0operacionais em Praia Grande \u00e9 um dos motivos apontados para a rapidez \u00a0nos atendimentos prestados. Para acionar o servi\u00e7o do SAMU, basta \u00a0discar 192.<br \/>&#13;<br \/>\n\u00a0<\/p>\n<p>Al\u00e9m das bases descentralizadas do SAMU, a Cidade possui ainda tr\u00eas \u00a0unidades de sa\u00fade que s\u00e3o refer\u00eancias para os atendimentos de Urg\u00eancia \u00a0e Emerg\u00eancia na Cidade e formam uma das estruturas mais completas da \u00a0Baixada Santista neste setor. S\u00e3o elas: o novo Pronto-Socorro Central, \u00a0no Bairro Guilhermina, e as UPAs dos bairros Quietude e Samambaia, que \u00a0atendem 24 horas por dia, sete dias por semana.<\/p>\n<p>&#13;<br \/>\nA esses equipamentos se soma o Hospital Municipal Irm\u00e3 Dulce (HMID), \u00a0que recebe os casos de maior complexidade e faz cirurgias de urg\u00eancia \u00a0e emerg\u00eancia e tamb\u00e9m procedimentos eletivos (previamente agendados, \u00a0que n\u00e3o s\u00e3o urgentes). Com mais de 250 leitos, o HMID \u00e9 \u00a0unidade-refer\u00eancia do Estado na Baixada Santista nas especialidades \u00a0traumatologia e neurocirurgia e atende pacientes de toda a Regi\u00e3o. A \u00a0unidade hospitalar realiza ainda cirurgias em diversas outras \u00e1reas, \u00a0em especial cirurgia vascular, atendendo inclusive, casos complexos.<br \/>&#13;<br \/>\n\u00a0<\/p>\n<p><strong>Frota renovada \u2013 <\/strong>Em mar\u00e7o de 2025, Praia Grande renovou a frota da \u00a0Sa\u00fade, com a aquisi\u00e7\u00e3o de 17 novos ve\u00edculos. Desse total, 14 foram \u00a0adquiridos pelo Munic\u00edpio e tr\u00eas foram cedidos pelo Minist\u00e9rio da \u00a0Sa\u00fade. S\u00e3o nove novas ambul\u00e2ncias que comp\u00f5em a renova\u00e7\u00e3o da frota do \u00a0Servi\u00e7o de Atendimento M\u00f3vel de Urg\u00eancia (SAMU) e oito novas Unidades \u00a0de Transporte de Sa\u00fade (UTS).<\/p>\n<p>&#13;<br \/>\nCom as aquisi\u00e7\u00f5es, o SAMU de Praia Grande conta com uma frota \u00a0totalmente renovada, composta por 11 ambul\u00e2ncias e uma motol\u00e2ncia, \u00a0al\u00e9m de cinco ve\u00edculos de reserva t\u00e9cnica. Esses novos ve\u00edculos s\u00e3o \u00a0equipados com kit contendo desfibrilador externo autom\u00e1tico (DEA), \u00a0ox\u00edmetro e aspirador port\u00e1til.<\/p>\n<p>&#13;<br \/>\nUm dos destaques das novas ambul\u00e2ncias do SAMU \u00e9 a Unidade de Suporte \u00a0Avan\u00e7ado (USA) com UTI Neonatal. O equipamento vai ampliar e dar mais \u00a0qualidade \u00e0 assist\u00eancia dos beb\u00eas rec\u00e9m-nascidos que necessitarem de \u00a0transporte de urg\u00eancia e emerg\u00eancia.<br \/>&#13;<br \/>\n\u00a0<\/p>\n<p>A frota de Unidades de Transporte de Sa\u00fade (UTS) foi completamente \u00a0renovada e ampliada. At\u00e9 ent\u00e3o, eram cinco ve\u00edculos que faziam o \u00a0transporte de pacientes entre unidades de sa\u00fade. Com a nova aquisi\u00e7\u00e3o \u00a0pela Administra\u00e7\u00e3o Municipal, o servi\u00e7o passou a contar com oito \u00a0unidades. As UTS fazem o transporte e remo\u00e7\u00e3o de pacientes que atendem \u00a0a crit\u00e9rios espec\u00edficos, como estarem acamados ou ainda serem oxig\u00eanio \u00a0dependentes. Os atendidos devem possuir laudos para usufru\u00edrem do \u00a0servi\u00e7o.<\/p>\n<\/p><\/div>\n<p><script async defer crossorigin=\"anonymous\" src=\"https:\/\/connect.facebook.net\/pt_BR\/sdk.js#xfbml=1&#038;version=v12.0&#038;appId=&#038;autoLogAppEvents=1\" nonce=\"ou0fI1lo\"><\/script><br \/>\n<br \/><br \/>\n<br \/>Fonte: <a href=\"https:\/\/www.bs9.com.br\/litoral\/central-de-regulacao-regional-do-samu-e-tema-de-reuniao-entre-praia\/31786\/\">BS9<\/a><\/p>\n","protected":false},"excerpt":{"rendered":"<p>A Central de Regula\u00e7\u00e3o Regional do Servi\u00e7o de Atendimento M\u00f3vel de \u00a0Urg\u00eancia (SAMU) foi tema de reuni\u00e3o em Itanha\u00e9m na quarta-feira (14). \u00a0O secret\u00e1rio de Sa\u00fade P\u00fablica de Praia Grande, Isa\u00edas Lima, esteve na \u00a0cidade para se reunir com o respons\u00e1vel pela pasta da Sa\u00fade \u00a0itanhaense, F\u00e1bio Crivellari, para conversar sobre o andamento do \u00a0servi\u00e7o [&hellip;]<\/p>\n","protected":false},"author":5,"featured_media":21398,"comment_status":"open","ping_status":"open","sticky":false,"template":"","format":"standard","meta":{"_seopress_robots_primary_cat":"","_seopress_titles_title":"","_seopress_titles_desc":"","_seopress_robots_index":"","footnotes":""},"categories":[52],"tags":[],"class_list":["post-21397","post","type-post","status-publish","format-standard","has-post-thumbnail","hentry","category-santoseregiao"],"_links":{"self":[{"href":"https:\/\/mussicom.com\/noticias\/wp-json\/wp\/v2\/posts\/21397","targetHints":{"allow":["GET"]}}],"collection":[{"href":"https:\/\/mussicom.com\/noticias\/wp-json\/wp\/v2\/posts"}],"about":[{"href":"https:\/\/mussicom.com\/noticias\/wp-json\/wp\/v2\/types\/post"}],"author":[{"embeddable":true,"href":"https:\/\/mussicom.com\/noticias\/wp-json\/wp\/v2\/users\/5"}],"replies":[{"embeddable":true,"href":"https:\/\/mussicom.com\/noticias\/wp-json\/wp\/v2\/comments?post=21397"}],"version-history":[{"count":0,"href":"https:\/\/mussicom.com\/noticias\/wp-json\/wp\/v2\/posts\/21397\/revisions"}],"wp:featuredmedia":[{"embeddable":true,"href":"https:\/\/mussicom.com\/noticias\/wp-json\/wp\/v2\/media\/21398"}],"wp:attachment":[{"href":"https:\/\/mussicom.com\/noticias\/wp-json\/wp\/v2\/media?parent=21397"}],"wp:term":[{"taxonomy":"category","embeddable":true,"href":"https:\/\/mussicom.com\/noticias\/wp-json\/wp\/v2\/categories?post=21397"},{"taxonomy":"post_tag","embeddable":true,"href":"https:\/\/mussicom.com\/noticias\/wp-json\/wp\/v2\/tags?post=21397"}],"curies":[{"name":"wp","href":"https:\/\/api.w.org\/{rel}","templated":true}]}}