{"id":21378,"date":"2025-05-19T05:19:29","date_gmt":"2025-05-19T08:19:29","guid":{"rendered":"https:\/\/mussicom.com\/dino-marca-audiencia-no-stf-sobre-emendas-pix-e-de-bancada\/"},"modified":"2025-05-19T05:19:29","modified_gmt":"2025-05-19T08:19:29","slug":"dino-marca-audiencia-no-stf-sobre-emendas-pix-e-de-bancada","status":"publish","type":"post","link":"https:\/\/mussicom.com\/noticias\/dino-marca-audiencia-no-stf-sobre-emendas-pix-e-de-bancada\/","title":{"rendered":"Dino marca audi\u00eancia no STF sobre emendas Pix e de bancada"},"content":{"rendered":"<p> <br \/>\n<\/p>\n<div>\n<p class=\"postParagraph_post-paragraph-innerHtml__Q5vwc\">O ministro Fl\u00e1vio Dino, do Supremo Tribunal Federal (STF), marcou para o dia 27 de junho uma audi\u00eancia p\u00fablica destinada a discutir as chamadas emendas Pix e de bancada \u2013 consideradas sucessoras do chamado or\u00e7amento secreto.<\/p>\n<p class=\"postParagraph_post-paragraph__juWZN\">O objetivo \u00e9 reunir argumentos \u201ctecnicamente qualificados e especializados\u201d que subsidiem a Corte na an\u00e1lise das a\u00e7\u00f5es que questionam n\u00e3o apenas a transpar\u00eancia e rastreabilidade desses mecanismos, mas tamb\u00e9m a sua validade constitucional.<\/p>\n<p class=\"postParagraph_post-paragraph__juWZN\">A audi\u00eancia ocorrer\u00e1 das 9h \u00e0s 17h, com apoio dos N\u00facleos de Solu\u00e7\u00e3o Consensual de Conflitos (NUSOL) e de Processos Estruturais (NUPEC) do STF. Interessados em participar devem se inscrever at\u00e9 10 de junho, sendo que a lista dos habilitados ser\u00e1 divulgada no dia 12.<\/p>\n<p class=\"postParagraph_post-paragraph__juWZN\">Foram convidados formalmente os autores das a\u00e7\u00f5es \u2013 o Psol, a Procuradoria-Geral da Rep\u00fablica (PGR) e a Associa\u00e7\u00e3o Brasileira de Jornalismo Investigativo (Abraji) \u2013 al\u00e9m das Mesas da C\u00e2mara dos Deputados e do Senado Federal. Entidades como Transpar\u00eancia Brasil e Transpar\u00eancia Internacional Brasil tamb\u00e9m foram inclu\u00eddas.<\/p>\n<p class=\"postParagraph_post-paragraph__juWZN\">O ministro determinou ainda que fossem comunicadas autoridades dos Poderes Legislativo e Executivo, bem como representantes do F\u00f3rum de Governadores, da Confedera\u00e7\u00e3o Nacional de Munic\u00edpios (CNM) e da Frente Nacional de Prefeitas e Prefeitos (FNP).<\/p>\n<h2 class=\"postParagraph_post-paragraph__juWZN postParagraph_type-tag-h2__TtFkT\">Ministro avisa que audi\u00eancia n\u00e3o abordar\u00e1 den\u00fancias de desvios investigadas pela PF<\/h2>\n<p class=\"postParagraph_post-paragraph__juWZN\">Em despacho assinado no domingo (18), Dino destacou a relev\u00e2ncia do tema: \u201cA discuss\u00e3o sobre as emendas parlamentares e sua impositividade reveste-se de ineg\u00e1vel import\u00e2ncia social, econ\u00f4mica e jur\u00eddica. Envolve a interpreta\u00e7\u00e3o do princ\u00edpio da separa\u00e7\u00e3o dos Poderes \u2013 cl\u00e1usula p\u00e9trea da Constitui\u00e7\u00e3o \u2013 e do direito fundamental ao devido processo or\u00e7ament\u00e1rio.\u201d<\/p>\n<p class=\"postParagraph_post-paragraph__juWZN\">O ministro ressaltou que n\u00e3o ser\u00e3o debatidas na audi\u00eancia den\u00fancias de improbidade ou casos espec\u00edficos de desvios de recursos, temas que est\u00e3o sendo tratados em investiga\u00e7\u00f5es da Pol\u00edcia Federal (PF) e inqu\u00e9ritos pr\u00f3prios e sob a sua relatoria.<\/p>\n<p class=\"postParagraph_post-paragraph-innerHtml__Q5vwc\">Em decis\u00e3o recente sobre o tema, Dino adotou postura mais flex\u00edvel ao validar resolu\u00e7\u00e3o da C\u00e2mara que instituiu a chamada emenda de l\u00edder, mecanismo que permite a apresenta\u00e7\u00e3o de emendas de comiss\u00e3o por meio de indica\u00e7\u00f5es de l\u00edderes partid\u00e1rios, sem a identifica\u00e7\u00e3o nominal dos autores reais.<\/p>\n<\/div>\n<p><br \/>\n<br \/>Fonte: <a href=\"https:\/\/www.gazetadopovo.com.br\/republica\/dino-convoca-audiencia-publica-no-stf-para-debater-as-emendas-pix-e-de-bancada\/\">Revista Oeste<\/a><\/p>\n","protected":false},"excerpt":{"rendered":"<p>O ministro Fl\u00e1vio Dino, do Supremo Tribunal Federal (STF), marcou para o dia 27 de junho uma audi\u00eancia p\u00fablica destinada a discutir as chamadas emendas Pix e de bancada \u2013 consideradas sucessoras do chamado or\u00e7amento secreto. O objetivo \u00e9 reunir argumentos \u201ctecnicamente qualificados e especializados\u201d que subsidiem a Corte na an\u00e1lise das a\u00e7\u00f5es que questionam [&hellip;]<\/p>\n","protected":false},"author":5,"featured_media":21379,"comment_status":"open","ping_status":"open","sticky":false,"template":"","format":"standard","meta":{"_seopress_robots_primary_cat":"","_seopress_titles_title":"","_seopress_titles_desc":"","_seopress_robots_index":"","footnotes":""},"categories":[1],"tags":[],"class_list":["post-21378","post","type-post","status-publish","format-standard","has-post-thumbnail","hentry","category-ultimas-noticias"],"_links":{"self":[{"href":"https:\/\/mussicom.com\/noticias\/wp-json\/wp\/v2\/posts\/21378","targetHints":{"allow":["GET"]}}],"collection":[{"href":"https:\/\/mussicom.com\/noticias\/wp-json\/wp\/v2\/posts"}],"about":[{"href":"https:\/\/mussicom.com\/noticias\/wp-json\/wp\/v2\/types\/post"}],"author":[{"embeddable":true,"href":"https:\/\/mussicom.com\/noticias\/wp-json\/wp\/v2\/users\/5"}],"replies":[{"embeddable":true,"href":"https:\/\/mussicom.com\/noticias\/wp-json\/wp\/v2\/comments?post=21378"}],"version-history":[{"count":0,"href":"https:\/\/mussicom.com\/noticias\/wp-json\/wp\/v2\/posts\/21378\/revisions"}],"wp:featuredmedia":[{"embeddable":true,"href":"https:\/\/mussicom.com\/noticias\/wp-json\/wp\/v2\/media\/21379"}],"wp:attachment":[{"href":"https:\/\/mussicom.com\/noticias\/wp-json\/wp\/v2\/media?parent=21378"}],"wp:term":[{"taxonomy":"category","embeddable":true,"href":"https:\/\/mussicom.com\/noticias\/wp-json\/wp\/v2\/categories?post=21378"},{"taxonomy":"post_tag","embeddable":true,"href":"https:\/\/mussicom.com\/noticias\/wp-json\/wp\/v2\/tags?post=21378"}],"curies":[{"name":"wp","href":"https:\/\/api.w.org\/{rel}","templated":true}]}}