{"id":21325,"date":"2025-05-18T19:09:37","date_gmt":"2025-05-18T22:09:37","guid":{"rendered":"https:\/\/mussicom.com\/voto-em-esquerdistas-mas-nao-sou-de-esquerda\/"},"modified":"2025-05-18T19:09:37","modified_gmt":"2025-05-18T22:09:37","slug":"voto-em-esquerdistas-mas-nao-sou-de-esquerda","status":"publish","type":"post","link":"https:\/\/mussicom.com\/noticias\/voto-em-esquerdistas-mas-nao-sou-de-esquerda\/","title":{"rendered":"Voto em esquerdistas, mas n\u00e3o sou de esquerda"},"content":{"rendered":"<p> <br \/>\n<\/p>\n<div>\n<p class=\"postParagraph_post-paragraph__juWZN\">Fiz uma postagem que provocou pol\u00eamica. Postei no Instagram um meme muito simples. Duas pessoas est\u00e3o conversando.<\/p>\n<p class=\"postParagraph_post-paragraph-innerHtml__Q5vwc\">A primeira pessoa diz: \u201cN\u00e3o sou de esquerda e nem de direita.\u201d<br \/>A segunda pessoa responde: \u201cEntendi, voc\u00ea \u00e9 de esquerda.\u201d<\/p>\n<p class=\"postParagraph_post-paragraph-innerHtml__Q5vwc\">Quando viu a postagem, uma amiga querida veio falar comigo.<br \/>Ela disse: \u201cRoberto, voc\u00ea precisa parar com essa hist\u00f3ria de esquerda e direita, porque algumas pessoas ficam chateadas.\u201d<\/p>\n<p class=\"postParagraph_post-paragraph__juWZN\">\u201cElas n\u00e3o concordam com isso que voc\u00ea diz\u201d, minha amiga continuou. \u201cSim, elas votaram em candidatos de esquerda. Mas elas n\u00e3o s\u00e3o de esquerda. Por exemplo, a Cristina. Ela votou na esquerda nas \u00faltimas elei\u00e7\u00f5es, mas ela n\u00e3o \u00e9 de esquerda. A Cristina votou na esquerda, mas a Cristina n\u00e3o \u00e9 comunista e nem socialista.\u201d<\/p>\n<p class=\"postParagraph_post-paragraph__juWZN\">Minha amiga levantou um ponto muito importante que deve ser explorado: o que significa \u201cser de esquerda\u201d?<\/p>\n<p class=\"postParagraph_post-paragraph__juWZN\">\u201cSer de esquerda\u201d pode significar uma de duas coisas. Primeiro, pode significar que voc\u00ea conhece os fundamentos da ideologia de esquerda, que voc\u00ea acredita neles e os coloca em pr\u00e1tica. Essa \u00e9 a forma mais rara de esquerdismo.<\/p>\n<p class=\"postParagraph_post-paragraph__juWZN\">Mas ser de esquerda tamb\u00e9m pode significar que voc\u00ea n\u00e3o tem a m\u00ednima ideia do que \u00e9 a ideologia de esquerda ou quais s\u00e3o suas consequ\u00eancias e, ainda assim, voc\u00ea apoia pol\u00edticos de esquerda. Voc\u00ea n\u00e3o sabe o que \u00e9 socialismo, progressismo ou comunismo, mas voc\u00ea vota em pol\u00edticos socialistas, \u201cprogressistas\u201d ou comunistas. Pela minha observa\u00e7\u00e3o, a maioria dos eleitores da esquerda se enquadra nesse caso.<\/p>\n<p class=\"postParagraph_post-paragraph-innerHtml__Q5vwc\">N\u00e3o interessa o motivo pelo qual voc\u00ea apoia os pol\u00edticos de esquerda; se voc\u00ea apoia algu\u00e9m que promove as pol\u00edticas da esquerda, voc\u00ea \u00e9 \u201cde esquerda\u201d. N\u00e3o importa como voc\u00ea se sente. O que importa \u00e9 o resultado pr\u00e1tico de suas a\u00e7\u00f5es. O fato de voc\u00ea desconhecer os fundamentos das ideias da esquerda n\u00e3o faz de voc\u00ea menos esquerdista. N\u00e3o \u00e9 preciso ter lido <em>O Capital<\/em> para ser socialista, da mesma forma que, para cometer um crime, voc\u00ea n\u00e3o precisa ter lido o C\u00f3digo Penal.<\/p>\n<p class=\"postParagraph_post-paragraph-innerHtml__Q5vwc\">Para ser de esquerda, n\u00e3o \u00e9 necess\u00e1rio conhecer os fundamentos do esquerdismo; basta apoiar os pol\u00edticos de esquerda. A pol\u00edtica brasileira est\u00e1 cheia deles. Eles s\u00e3o contra a propriedade privada (a propriedade dos outros, claro \u2013 todo esquerdista tem sua propriedade e nela ningu\u00e9m mexe).<\/p>\n<p class=\"postParagraph_post-paragraph__juWZN\">Pol\u00edticos esquerdistas s\u00e3o a favor do aumento de impostos porque \u201cquem ganha mais precisa pagar mais imposto\u201d. Pense no absurdo dessa ideia. Por que quem ganha mais precisa pagar mais? O que est\u00e1 por tr\u00e1s dessa ideia \u2013 que j\u00e1 se infiltrou no senso comum \u2013 \u00e9 a no\u00e7\u00e3o de que \u00e9 tarefa do Estado redistribuir a riqueza. Ou seja: se voc\u00ea tem mais do que o seu vizinho, o Estado precisa tomar de voc\u00ea e dar para o seu vizinho. Por qu\u00ea? E se voc\u00ea tiver trabalhado mais, se sacrificado mais, lutado a vida inteira para construir seu patrim\u00f4nio, por que voc\u00ea n\u00e3o pode ter mais que seu vizinho?<\/p>\n<p class=\"postParagraph_post-paragraph__juWZN\">Os pol\u00edticos esquerdistas s\u00e3o a favor de um Estado grande. Eles acham quarenta minist\u00e9rios um n\u00famero pequeno. Para eles, toda empresa deveria ser estatal.<\/p>\n<p class=\"postParagraph_post-paragraph__juWZN\">Para os pol\u00edticos esquerdistas, a opini\u00e3o das pessoas deveria ser regulamentada.<\/p>\n<p class=\"postParagraph_post-paragraph__juWZN\">A ideologia de esquerda glorifica os criminosos e diz que eles s\u00e3o revolucion\u00e1rios trabalhando pela justi\u00e7a social ou v\u00edtimas da sociedade capitalista. Por isso, a esquerda vem destruindo a justi\u00e7a criminal do Brasil. Por isso somos recordistas mundiais de criminalidade.<\/p>\n<p class=\"postParagraph_post-paragraph__juWZN\">Se voc\u00ea \u00e9 a favor das ideias acima, voc\u00ea \u00e9 uma pessoa de esquerda. Mas, se voc\u00ea est\u00e1 balan\u00e7ando a cabe\u00e7a agora, dizendo que n\u00e3o \u00e9 a favor de nada disso, mas voc\u00ea vota em pol\u00edticos de esquerda, voc\u00ea \u00e9, na pr\u00e1tica, a favor de tudo isso.<\/p>\n<p class=\"postParagraph_post-paragraph__juWZN\">As ideias de esquerda conquistaram hegemonia na cultura, na m\u00eddia, no ensino, no entretenimento e, agora, no sistema de justi\u00e7a criminal. O esquerdismo \u00e9 o estado padr\u00e3o das pessoas, a menos que as ideias da esquerda sejam conscientemente rejeitadas. \u00c9 por isso que se pode dizer: quem n\u00e3o \u00e9 de esquerda e nem de direita, \u00e9 de esquerda.<\/p>\n<p class=\"postParagraph_post-paragraph__juWZN\">\u00c9 claro que isso n\u00e3o significa que os pol\u00edticos de direita sejam perfeitos ou que tenham resposta para tudo \u2013 ao contr\u00e1rio: uma das ideias fundamentais do conservadorismo \u2013 uma filosofia pol\u00edtica de direita \u2013 \u00e9 que h\u00e1 muitas coisas que desconhecemos e, por isso, devemos agir com prud\u00eancia. H\u00e1 tamb\u00e9m pol\u00edticos que se dizem \u201cde direita\u201d, mas que n\u00e3o t\u00eam a menor ideia do que isso significa.<\/p>\n<p class=\"postParagraph_post-paragraph__juWZN\">O sistema democr\u00e1tico exige que o cidad\u00e3o tenha consci\u00eancia pol\u00edtica, porque todos votam para escolher nossos representantes. Essa escolha afeta tudo em nossa vida. Hoje, existem duas formas de ver o mundo e de enxergar a rela\u00e7\u00e3o entre o Estado e as pessoas. Essas formas s\u00e3o descritas com os termos \u201cdireita\u201d e \u201cesquerda\u201d.<\/p>\n<p class=\"postParagraph_post-paragraph__juWZN\">Sou a favor da liberdade e da livre escolha. N\u00e3o tenho nenhum problema com aqueles que escolhem a vis\u00e3o do mundo da esquerda (apesar, \u00e9 claro, da minha convic\u00e7\u00e3o de que as ideias de esquerda s\u00e3o um profundo e irremedi\u00e1vel equ\u00edvoco moral, l\u00f3gico, pol\u00edtico e econ\u00f4mico). Se essa \u00e9 a op\u00e7\u00e3o da pessoa, que ela v\u00e1 fundo e usufrua das consequ\u00eancias de sua escolha.<\/p>\n<p class=\"postParagraph_post-paragraph__juWZN\">Mas \u00e9 dif\u00edcil aceitar as pessoas que lavam as m\u00e3os e dizem: \u201cN\u00e3o sou de esquerda e nem sou de direita.\u201d E depois apoiam a esquerda.<\/p>\n<\/div>\n<p><br \/>\n<br \/>Fonte: <a href=\"https:\/\/www.gazetadopovo.com.br\/vozes\/roberto-motta\/voto-esquerdistas-nao-sou-esquerda\/\">Revista Oeste<\/a><\/p>\n","protected":false},"excerpt":{"rendered":"<p>Fiz uma postagem que provocou pol\u00eamica. Postei no Instagram um meme muito simples. Duas pessoas est\u00e3o conversando. A primeira pessoa diz: \u201cN\u00e3o sou de esquerda e nem de direita.\u201dA segunda pessoa responde: \u201cEntendi, voc\u00ea \u00e9 de esquerda.\u201d Quando viu a postagem, uma amiga querida veio falar comigo.Ela disse: \u201cRoberto, voc\u00ea precisa parar com essa hist\u00f3ria [&hellip;]<\/p>\n","protected":false},"author":5,"featured_media":21326,"comment_status":"open","ping_status":"open","sticky":false,"template":"","format":"standard","meta":{"_seopress_robots_primary_cat":"","_seopress_titles_title":"","_seopress_titles_desc":"","_seopress_robots_index":"","footnotes":""},"categories":[1],"tags":[],"class_list":["post-21325","post","type-post","status-publish","format-standard","has-post-thumbnail","hentry","category-ultimas-noticias"],"_links":{"self":[{"href":"https:\/\/mussicom.com\/noticias\/wp-json\/wp\/v2\/posts\/21325","targetHints":{"allow":["GET"]}}],"collection":[{"href":"https:\/\/mussicom.com\/noticias\/wp-json\/wp\/v2\/posts"}],"about":[{"href":"https:\/\/mussicom.com\/noticias\/wp-json\/wp\/v2\/types\/post"}],"author":[{"embeddable":true,"href":"https:\/\/mussicom.com\/noticias\/wp-json\/wp\/v2\/users\/5"}],"replies":[{"embeddable":true,"href":"https:\/\/mussicom.com\/noticias\/wp-json\/wp\/v2\/comments?post=21325"}],"version-history":[{"count":0,"href":"https:\/\/mussicom.com\/noticias\/wp-json\/wp\/v2\/posts\/21325\/revisions"}],"wp:featuredmedia":[{"embeddable":true,"href":"https:\/\/mussicom.com\/noticias\/wp-json\/wp\/v2\/media\/21326"}],"wp:attachment":[{"href":"https:\/\/mussicom.com\/noticias\/wp-json\/wp\/v2\/media?parent=21325"}],"wp:term":[{"taxonomy":"category","embeddable":true,"href":"https:\/\/mussicom.com\/noticias\/wp-json\/wp\/v2\/categories?post=21325"},{"taxonomy":"post_tag","embeddable":true,"href":"https:\/\/mussicom.com\/noticias\/wp-json\/wp\/v2\/tags?post=21325"}],"curies":[{"name":"wp","href":"https:\/\/api.w.org\/{rel}","templated":true}]}}