{"id":21307,"date":"2025-05-18T16:56:34","date_gmt":"2025-05-18T19:56:34","guid":{"rendered":"https:\/\/mussicom.com\/governo-lula-restringe-acesso-a-16-mi-de-documentos\/"},"modified":"2025-05-18T16:56:34","modified_gmt":"2025-05-18T19:56:34","slug":"governo-lula-restringe-acesso-a-16-mi-de-documentos","status":"publish","type":"post","link":"https:\/\/mussicom.com\/noticias\/governo-lula-restringe-acesso-a-16-mi-de-documentos\/","title":{"rendered":"Governo Lula restringe acesso a 16 mi de documentos"},"content":{"rendered":"<p> <br \/>\n<\/p>\n<div id=\"hd80s9wa1h892edh8192\">\n<p>O governo do presidente Luiz In\u00e1cio Lula da Silva (PT) <strong>retirou do ar<\/strong> 16 milh\u00f5es de documentos p\u00fablicos que estavam dispon\u00edveis na plataforma <strong>Transferegov<\/strong>. Os arquivos tratam de acordos firmados com Estados, munic\u00edpios e ONGs, alguns deles abastecidos com emendas parlamentares.<\/p>\n<p><strong>+ Leia mais not\u00edcias de Pol\u00edtica em Oeste<\/strong><\/p>\n<p>Entre os documentos restringidos h\u00e1 termos de conv\u00eanio, pareceres, subcontratos, planos de obra, croquis, certid\u00f5es, estatutos, recibos e notas fiscais. <\/p>\n<figure class=\"wp-block-embed is-type-video is-provider-youtube wp-block-embed-youtube wp-embed-aspect-16-9 wp-has-aspect-ratio\">\n<div class=\"wp-block-embed__wrapper\">\n<div class=\"perfmatters-lazy-youtube\" data-src=\"https:\/\/www.youtube.com\/embed\/jteoXIUjg34\" data-id=\"jteoXIUjg34\" data-query=\"feature=oembed\" onclick=\"perfmattersLazyLoadYouTube(this);\">\n<div><img fetchpriority=\"high\" decoding=\"async\" src=\"https:\/\/i.ytimg.com\/vi\/jteoXIUjg34\/hqdefault.jpg\" alt=\"YouTube video\" width=\"480\" height=\"360\" data-pin-nopin=\"true\" nopin=\"nopin\"\/><\/div>\n<\/div>\n<p><noscript><iframe title=\"Zema transforma Lula em beb\u00ea reborn: &#039;Vive no passado e pesa no bolso&#039;\" width=\"800\" height=\"450\" src=\"https:\/\/www.youtube.com\/embed\/jteoXIUjg34?feature=oembed\" frameborder=\"0\" allow=\"accelerometer; autoplay; clipboard-write; encrypted-media; gyroscope; picture-in-picture; web-share\" referrerpolicy=\"strict-origin-when-cross-origin\" allowfullscreen><\/iframe><\/noscript>\n<\/div>\n<\/figure>\n<p>Segundo o Minist\u00e9rio da Gest\u00e3o e Inova\u00e7\u00e3o (MGI), a retirada ocorreu porque esses documentos cont\u00eam dados pessoais, como CPF, endere\u00e7os e e-mails, que precisam ser tarjados. A alega\u00e7\u00e3o do governo \u00e9 de que a medida visa a atender \u00e0 Lei Geral de Prote\u00e7\u00e3o de Dados (LGPD).<\/p>\n<h2 class=\"wp-block-heading\"><strong>Acesso aos documentos do governo Lula s\u00f3 por meio da LAI<\/strong><\/h2>\n<p>A pasta informou que o acesso voltar\u00e1 a ser liberado depois que inserir tarja nas informa\u00e7\u00f5es consideradas sens\u00edveis. Ainda n\u00e3o h\u00e1 prazo para a conclus\u00e3o do processo.<\/p>\n<p>\u201cA gente n\u00e3o \u00e9 contra a transpar\u00eancia\u201d, afirmou a diretora do Departamento de Transfer\u00eancias e Parcerias da Uni\u00e3o, do MGI, Regina Lemos de Andrade, em coletiva de imprensa realizada na sexta-feira 16. \u201cA gente entende que tem que proteger os dados, mas a gente trabalhava h\u00e1 anos com uma transpar\u00eancia sem nenhuma restri\u00e7\u00e3o. E para a gente se adequar, a gente precisa de um prazo.\u201d<\/p>\n<p><strong>Leia mais: \u201cLula n\u00e3o \u00e9 presidente, mas agente de turismo de rep\u00fablica bananeira\u201d<\/strong><\/p>\n<p>O MGI informou que, enquanto os documentos n\u00e3o voltam ao ar, os interessados podem solicitar o conte\u00fado por meio da Lei de Acesso \u00e0 Informa\u00e7\u00e3o (LAI).<\/p>\n<p><related-posts class=\"border-y border-gray-300 py-5\"><\/p>\n<h2 class=\"!text-2xl text-black font-primary font-semibold leading-none mb-3\">\n    Leia tamb\u00e9m:<br \/>\n  <\/h2>\n<p><\/related-posts><\/p><\/div>\n<p><br \/>\n<br \/>Fonte: <a href=\"https:\/\/www.revistaoeste.com\/politica\/governo-lula-restringe-acesso-a-16-milhoes-de-documentos-sobre-gastos-publicos\/\">Ag\u00eancia Brasil<\/a><\/p>\n","protected":false},"excerpt":{"rendered":"<p>O governo do presidente Luiz In\u00e1cio Lula da Silva (PT) retirou do ar 16 milh\u00f5es de documentos p\u00fablicos que estavam dispon\u00edveis na plataforma Transferegov. Os arquivos tratam de acordos firmados com Estados, munic\u00edpios e ONGs, alguns deles abastecidos com emendas parlamentares. + Leia mais not\u00edcias de Pol\u00edtica em Oeste Entre os documentos restringidos h\u00e1 termos [&hellip;]<\/p>\n","protected":false},"author":5,"featured_media":21014,"comment_status":"open","ping_status":"open","sticky":false,"template":"","format":"standard","meta":{"_seopress_robots_primary_cat":"","_seopress_titles_title":"","_seopress_titles_desc":"","_seopress_robots_index":"","footnotes":""},"categories":[47,1],"tags":[],"class_list":["post-21307","post","type-post","status-publish","format-standard","has-post-thumbnail","hentry","category-politica","category-ultimas-noticias"],"_links":{"self":[{"href":"https:\/\/mussicom.com\/noticias\/wp-json\/wp\/v2\/posts\/21307","targetHints":{"allow":["GET"]}}],"collection":[{"href":"https:\/\/mussicom.com\/noticias\/wp-json\/wp\/v2\/posts"}],"about":[{"href":"https:\/\/mussicom.com\/noticias\/wp-json\/wp\/v2\/types\/post"}],"author":[{"embeddable":true,"href":"https:\/\/mussicom.com\/noticias\/wp-json\/wp\/v2\/users\/5"}],"replies":[{"embeddable":true,"href":"https:\/\/mussicom.com\/noticias\/wp-json\/wp\/v2\/comments?post=21307"}],"version-history":[{"count":0,"href":"https:\/\/mussicom.com\/noticias\/wp-json\/wp\/v2\/posts\/21307\/revisions"}],"wp:featuredmedia":[{"embeddable":true,"href":"https:\/\/mussicom.com\/noticias\/wp-json\/wp\/v2\/media\/21014"}],"wp:attachment":[{"href":"https:\/\/mussicom.com\/noticias\/wp-json\/wp\/v2\/media?parent=21307"}],"wp:term":[{"taxonomy":"category","embeddable":true,"href":"https:\/\/mussicom.com\/noticias\/wp-json\/wp\/v2\/categories?post=21307"},{"taxonomy":"post_tag","embeddable":true,"href":"https:\/\/mussicom.com\/noticias\/wp-json\/wp\/v2\/tags?post=21307"}],"curies":[{"name":"wp","href":"https:\/\/api.w.org\/{rel}","templated":true}]}}