{"id":21267,"date":"2025-05-18T12:48:32","date_gmt":"2025-05-18T15:48:32","guid":{"rendered":"https:\/\/mussicom.com\/papa-leao-xiv-recebe-palio-e-anel-do-pescador\/"},"modified":"2025-05-18T12:48:32","modified_gmt":"2025-05-18T15:48:32","slug":"papa-leao-xiv-recebe-palio-e-anel-do-pescador","status":"publish","type":"post","link":"https:\/\/mussicom.com\/noticias\/papa-leao-xiv-recebe-palio-e-anel-do-pescador\/","title":{"rendered":"Papa Le\u00e3o XIV recebe p\u00e1lio e Anel do Pescador"},"content":{"rendered":"<p> <br \/>\n<\/p>\n<div id=\"hd80s9wa1h892edh8192\">\n<p>A entrega do p\u00e1lio branco e do Anel do Pescador, dois dos principais s\u00edmbolos do papado, marcaram o in\u00edcio do pontificado do papa <strong>Le\u00e3o XIV<\/strong>. A cerim\u00f4nia ocorreu na manh\u00e3 deste domingo, 18, na Pra\u00e7a S\u00e3o Pedro. O evento teve in\u00edcio \u00e0s 5h (hor\u00e1rio de Bras\u00edlia), 10h em Roma.<\/p>\n<p>O p\u00e1lio \u00e9 uma faixa branca feita de l\u00e3 de cordeiros, com seis cruzes de seda preta bordadas. O objeto fica sobre os ombros do novo papa como refer\u00eancia \u00e0 imagem de Jesus carregando a ovelha perdida, simbolizando o cuidado pastoral.<\/p>\n<h2 class=\"wp-block-heading\"><strong>Papa recebe s\u00edmbolos de cardeais veteranos<\/strong><\/h2>\n<p>A entrega do p\u00e1lio deu-se por meio do cardeal protodi\u00e1cono, Dominique Mamberti, o mesmo que anunciou \u201cHabemus Papam\u201d da sacada da Bas\u00edlica de S\u00e3o Pedro. O an\u00fancio ocorreu no \u00faltimo dia 8, quando Le\u00e3o XIV se projetou para o mundo. Em seguida, o papa recebeu o tradicional Anel do Pescador, cuja origem remonta ao s\u00e9culo XIII. O anel simboliza sobretudo a sucess\u00e3o do ap\u00f3stolo Pedro, a quem Jesus chamou de \u201cpescador de homens\u201d.<\/p>\n<figure class=\"wp-block-embed is-type-rich is-provider-twitter wp-block-embed-twitter\">\n<div class=\"wp-block-embed__wrapper\">\n<blockquote class=\"twitter-tweet\" data-width=\"500\" data-dnt=\"true\">\n<p lang=\"pt\" dir=\"ltr\">Papa Le\u00e3o XIV recebeu o &#8220;anel do pescador&#8221; (que\u00a0representa a sucess\u00e3o de S\u00e3o Pedro, o primeiro Papa.\u00a0O anel leva esse nome em refer\u00eancia a Pedro, que era pescador, e o s\u00edmbolo que \u00e9 gravado no anel, comumente a imagem de Pedro pescando ou uma rede de pesca).<a href=\"https:\/\/twitter.com\/hashtag\/igrejacatolica?src=hash&amp;ref_src=twsrc%5Etfw\">#igrejacatolica<\/a> <a href=\"https:\/\/t.co\/YdPCFhCEYd\">pic.twitter.com\/YdPCFhCEYd<\/a><\/p>\n<p>\u2014 Edson Oliveira (@edsonajd) <a href=\"https:\/\/twitter.com\/edsonajd\/status\/1924062919173529717?ref_src=twsrc%5Etfw\">May 18, 2025<\/a><\/p><\/blockquote>\n<\/div>\n<\/figure>\n<p>A joia tem sua confec\u00e7\u00e3o tradicionalmente em ouro e exp\u00f5e primeiramente a imagem de S\u00e3o Pedro. Depois, ao seu lado, o nome do novo pont\u00edfice. Antigamente, o anel tinha a finalidade de lacrar documentos oficiais. Atualmente sua fun\u00e7\u00e3o \u00e9 de car\u00e1ter simb\u00f3lico.<\/p>\n<figure class=\"wp-block-embed is-type-video is-provider-youtube wp-block-embed-youtube wp-embed-aspect-16-9 wp-has-aspect-ratio\">\n<div class=\"wp-block-embed__wrapper\">\n<div class=\"perfmatters-lazy-youtube\" data-src=\"https:\/\/www.youtube.com\/embed\/sOcQeVUm1ic\" data-id=\"sOcQeVUm1ic\" data-query=\"feature=oembed\" onclick=\"perfmattersLazyLoadYouTube(this);\">\n<div><img fetchpriority=\"high\" decoding=\"async\" src=\"https:\/\/i.ytimg.com\/vi\/sOcQeVUm1ic\/hqdefault.jpg\" alt=\"YouTube video\" width=\"480\" height=\"360\" data-pin-nopin=\"true\" nopin=\"nopin\"\/><\/div>\n<\/div>\n<p><noscript><iframe title=\"PT politiza escolha do papa Le\u00e3o XIV ao anunciar &#039;feitos&#039; de Lula\" width=\"800\" height=\"450\" src=\"https:\/\/www.youtube.com\/embed\/sOcQeVUm1ic?feature=oembed\" frameborder=\"0\" allow=\"accelerometer; autoplay; clipboard-write; encrypted-media; gyroscope; picture-in-picture; web-share\" referrerpolicy=\"strict-origin-when-cross-origin\" allowfullscreen><\/iframe><\/noscript>\n<\/div>\n<\/figure>\n<p>Le\u00e3o XIV recebeu o anel das m\u00e3os do cardeal filipino Luis Tagle, um dos nomes considerados fortes no conclave que elegeu o novo papa. Tagle estava pr\u00f3ximo ao cardeal Robert Prevost na Capela Sistina durante a vota\u00e7\u00e3o.<\/p>\n<h2 class=\"wp-block-heading\"><strong>Francisco e Bento: posturas diferentes sobre o uso do anel<\/strong><\/h2>\n<p>O papa Francisco, assim como outros pont\u00edfices do s\u00e9culo 20, usava o Anel do Pescador apenas em ocasi\u00f5es solenes, preferindo no dia a dia o anel episcopal, dos seus tempos de bispo. J\u00e1 Bento 16 mantinha a tradi\u00e7\u00e3o e fazia uso frequente da pe\u00e7a.<\/p>\n<p><strong>Leia tamb\u00e9m: <\/strong><strong>\u201cFuma\u00e7a branca\u201d<\/strong><strong>, artigo de Alexandre Garcia publicado na Edi\u00e7\u00e3o 269 da Revista Oeste<\/strong><\/p>\n<p>Com a morte de um papa, o anel perde a sua fun\u00e7\u00e3o. Assim, tradicionalmente sai de cena. At\u00e9 Jo\u00e3o Paulo 2\u00ba, ele foi destru\u00eddo pelo cardeal camerlengo. Desde ent\u00e3o, o procedimento mudou: a pe\u00e7a \u00e9 anulada com o tra\u00e7o de uma linha sobre o desenho. Foi o que ocorreu com o anel de Francisco, desativado no \u00faltimo dia 6 de maio, diante do Col\u00e9gio de Cardeais.<\/p>\n<p>+ <strong>Leia mais not\u00edcias de <\/strong><strong>Mundo<\/strong><strong> na Oeste<\/strong><\/p>\n<\/p><\/div>\n<p><script async src=\"\/\/platform.twitter.com\/widgets.js\" charset=\"utf-8\"><\/script><br \/>\n<br \/><br \/>\n<br \/>Fonte: <a href=\"https:\/\/revistaoeste.com\/mundo\/papa-leao-xiv-recebe-palio-e-anel-do-pescador\/\">Revista Oeste<\/a><\/p>\n","protected":false},"excerpt":{"rendered":"<p>A entrega do p\u00e1lio branco e do Anel do Pescador, dois dos principais s\u00edmbolos do papado, marcaram o in\u00edcio do pontificado do papa Le\u00e3o XIV. A cerim\u00f4nia ocorreu na manh\u00e3 deste domingo, 18, na Pra\u00e7a S\u00e3o Pedro. O evento teve in\u00edcio \u00e0s 5h (hor\u00e1rio de Bras\u00edlia), 10h em Roma. O p\u00e1lio \u00e9 uma faixa branca [&hellip;]<\/p>\n","protected":false},"author":5,"featured_media":21268,"comment_status":"open","ping_status":"open","sticky":false,"template":"","format":"standard","meta":{"_seopress_robots_primary_cat":"","_seopress_titles_title":"","_seopress_titles_desc":"","_seopress_robots_index":"","footnotes":""},"categories":[48],"tags":[],"class_list":["post-21267","post","type-post","status-publish","format-standard","has-post-thumbnail","hentry","category-internacional"],"_links":{"self":[{"href":"https:\/\/mussicom.com\/noticias\/wp-json\/wp\/v2\/posts\/21267","targetHints":{"allow":["GET"]}}],"collection":[{"href":"https:\/\/mussicom.com\/noticias\/wp-json\/wp\/v2\/posts"}],"about":[{"href":"https:\/\/mussicom.com\/noticias\/wp-json\/wp\/v2\/types\/post"}],"author":[{"embeddable":true,"href":"https:\/\/mussicom.com\/noticias\/wp-json\/wp\/v2\/users\/5"}],"replies":[{"embeddable":true,"href":"https:\/\/mussicom.com\/noticias\/wp-json\/wp\/v2\/comments?post=21267"}],"version-history":[{"count":0,"href":"https:\/\/mussicom.com\/noticias\/wp-json\/wp\/v2\/posts\/21267\/revisions"}],"wp:featuredmedia":[{"embeddable":true,"href":"https:\/\/mussicom.com\/noticias\/wp-json\/wp\/v2\/media\/21268"}],"wp:attachment":[{"href":"https:\/\/mussicom.com\/noticias\/wp-json\/wp\/v2\/media?parent=21267"}],"wp:term":[{"taxonomy":"category","embeddable":true,"href":"https:\/\/mussicom.com\/noticias\/wp-json\/wp\/v2\/categories?post=21267"},{"taxonomy":"post_tag","embeddable":true,"href":"https:\/\/mussicom.com\/noticias\/wp-json\/wp\/v2\/tags?post=21267"}],"curies":[{"name":"wp","href":"https:\/\/api.w.org\/{rel}","templated":true}]}}