{"id":21232,"date":"2025-05-18T08:11:38","date_gmt":"2025-05-18T11:11:38","guid":{"rendered":"https:\/\/mussicom.com\/menos-cafe-brasileiro-pelo-mundo\/"},"modified":"2025-05-18T08:11:38","modified_gmt":"2025-05-18T11:11:38","slug":"menos-cafe-brasileiro-pelo-mundo","status":"publish","type":"post","link":"https:\/\/mussicom.com\/noticias\/menos-cafe-brasileiro-pelo-mundo\/","title":{"rendered":"Menos caf\u00e9 brasileiro pelo mundo"},"content":{"rendered":"<p> <br \/>\n<\/p>\n<div id=\"hd80s9wa1h892edh8192\">\n<p>Na coluna de economia publicada na <strong>Edi\u00e7\u00e3o 269<\/strong> da Revista <strong>Oeste<\/strong>, Carlo Cauti apresenta uma informa\u00e7\u00e3o nada animadora para os exportadores de caf\u00e9. O volume de venda do produto para o exterior est\u00e1 em queda.<\/p>\n<h2 class=\"wp-block-heading\">Leia um trecho da coluna sobre a diminui\u00e7\u00e3o do ritmo da exporta\u00e7\u00e3o de caf\u00e9 pelo Brasil<\/h2>\n<p><em>\u201cO Brasil reduziu a venda de caf\u00e9 para o exterior.<\/em><\/p>\n<p><em>As exporta\u00e7\u00f5es de caf\u00e9 verde nacional ca\u00edram 29,1% em abril na compara\u00e7\u00e3o com o mesmo m\u00eas do ano passado, chegando a 2,78 milh\u00f5es de sacas de 60 quilos.<\/em><\/p>\n<p><em>No caso do caf\u00e9 industrializado, as exporta\u00e7\u00f5es brasileiras totais ca\u00edram 27,7%, chegando a 3,09 milh\u00f5es de sacas.<\/em><\/p>\n<p><em>Segundo dados do Conselho dos Exportadores de Caf\u00e9 do Brasil (Cecaf\u00e9), o pa\u00eds est\u00e1 lidando com uma oferta mais restrita pelos efeitos da entressafra.\u201d<\/em><\/p>\n<figure class=\"wp-block-image aligncenter size-full is-resized\"><picture><source data-srcset=\"https:\/\/medias.revistaoeste.com\/wp-content\/uploads\/2024\/06\/Cafe.jpg.webp 1469w, https:\/\/medias.revistaoeste.com\/wp-content\/uploads\/2024\/06\/Cafe-300x192.jpg.webp 300w, https:\/\/medias.revistaoeste.com\/wp-content\/uploads\/2024\/06\/Cafe-150x96.jpg.webp 150w\" data-sizes=\"(max-width: 1469px) 100vw, 1469px\" type=\"image\/webp\"><img fetchpriority=\"high\" decoding=\"async\" width=\"1469\" height=\"939\" src=\"https:\/\/medias.revistaoeste.com\/wp-content\/uploads\/2024\/06\/Cafe.jpg\" alt=\"Foto: Reprodu\u00e7\u00e3o\/Freepik\" class=\"wp-image-1519067\" style=\"width:735px;height:auto\" srcset=\"https:\/\/medias.revistaoeste.com\/wp-content\/uploads\/2024\/06\/Cafe.jpg 1469w, https:\/\/medias.revistaoeste.com\/wp-content\/uploads\/2024\/06\/Cafe-300x192.jpg 300w, https:\/\/medias.revistaoeste.com\/wp-content\/uploads\/2024\/06\/Cafe-150x96.jpg 150w\" sizes=\"(max-width: 1469px) 100vw, 1469px\" data-eio=\"p\"\/><\/source><\/picture><figcaption class=\"wp-element-caption\">Caf\u00e9: produto brasileiro tipo exporta\u00e7\u00e3o | Foto: Reprodu\u00e7\u00e3o\/Freepik<\/figcaption><\/figure>\n<p>Com essa e outras informa\u00e7\u00f5es, o texto <strong>\u201cN\u00famero de estrangeiros que recebem Bolsa Fam\u00edlia aumenta 540% entre os governos Bolsonaro e Lula\u201d<\/strong> est\u00e1 dispon\u00edvel aos mais de 100 mil assinantes da Revista <strong>Oeste<\/strong>.<\/p>\n<p>Gostou? D\u00ea uma olhada no conte\u00fado abaixo.<\/p>\n<h2 class=\"wp-block-heading\">Revista Oeste<\/h2>\n<p>A Edi\u00e7\u00e3o 269 da Revista <strong>Oeste<\/strong> vai al\u00e9m do texto de Carlo Cauti sobre a queda na exporta\u00e7\u00e3o de caf\u00e9 pelo Brasil. A publica\u00e7\u00e3o digital conta com reportagens especiais e artigos de Augusto Nunes &amp; Eugenio Goussinsky, J. R. Guzzo, Ana Paula Henkel, Tiago Pavinatto, Guilherme Fiuza, Adalberto Piotto, Silvio Navarro, Branca Nunes &amp; F\u00e1bio Bou\u00e9ri, Cristyan Costa, Alexandre Garcia, Rodrigo Constantino, Theodore Dalrymple, Fl\u00e1vio Gordon, Dagomir Marquezi, Brendan O\u2019Neill (da <em><strong>Spiked<\/strong><\/em>), Evaristo de Miranda e Daniela Giorno.<\/p>\n<p><em>Startup<\/em> de jornalismo on-line, a Revista <strong>Oeste<\/strong> est\u00e1 no ar desde mar\u00e7o de 2020. Sem aceitar an\u00fancios de \u00f3rg\u00e3os p\u00fablicos, o projeto \u00e9 financiado diretamente por seus assinantes. Para fazer parte da comunidade que apoia a publica\u00e7\u00e3o digital que defende a liberdade e o liberalismo econ\u00f4mico, basta <strong>clicar aqui<\/strong>, escolher o plano e seguir os passos indicados.<\/p>\n<\/p><\/div>\n<p><br \/>\n<br \/>Fonte: <a href=\"https:\/\/revistaoeste.com\/agronegocio\/menos-cafe-brasileiro-pelo-mundo\/\">Revista Oeste<\/a><\/p>\n","protected":false},"excerpt":{"rendered":"<p>Na coluna de economia publicada na Edi\u00e7\u00e3o 269 da Revista Oeste, Carlo Cauti apresenta uma informa\u00e7\u00e3o nada animadora para os exportadores de caf\u00e9. O volume de venda do produto para o exterior est\u00e1 em queda. Leia um trecho da coluna sobre a diminui\u00e7\u00e3o do ritmo da exporta\u00e7\u00e3o de caf\u00e9 pelo Brasil \u201cO Brasil reduziu a [&hellip;]<\/p>\n","protected":false},"author":5,"featured_media":21233,"comment_status":"open","ping_status":"open","sticky":false,"template":"","format":"standard","meta":{"_seopress_robots_primary_cat":"","_seopress_titles_title":"","_seopress_titles_desc":"","_seopress_robots_index":"","footnotes":""},"categories":[53],"tags":[],"class_list":["post-21232","post","type-post","status-publish","format-standard","has-post-thumbnail","hentry","category-agronegocio"],"_links":{"self":[{"href":"https:\/\/mussicom.com\/noticias\/wp-json\/wp\/v2\/posts\/21232","targetHints":{"allow":["GET"]}}],"collection":[{"href":"https:\/\/mussicom.com\/noticias\/wp-json\/wp\/v2\/posts"}],"about":[{"href":"https:\/\/mussicom.com\/noticias\/wp-json\/wp\/v2\/types\/post"}],"author":[{"embeddable":true,"href":"https:\/\/mussicom.com\/noticias\/wp-json\/wp\/v2\/users\/5"}],"replies":[{"embeddable":true,"href":"https:\/\/mussicom.com\/noticias\/wp-json\/wp\/v2\/comments?post=21232"}],"version-history":[{"count":0,"href":"https:\/\/mussicom.com\/noticias\/wp-json\/wp\/v2\/posts\/21232\/revisions"}],"wp:featuredmedia":[{"embeddable":true,"href":"https:\/\/mussicom.com\/noticias\/wp-json\/wp\/v2\/media\/21233"}],"wp:attachment":[{"href":"https:\/\/mussicom.com\/noticias\/wp-json\/wp\/v2\/media?parent=21232"}],"wp:term":[{"taxonomy":"category","embeddable":true,"href":"https:\/\/mussicom.com\/noticias\/wp-json\/wp\/v2\/categories?post=21232"},{"taxonomy":"post_tag","embeddable":true,"href":"https:\/\/mussicom.com\/noticias\/wp-json\/wp\/v2\/tags?post=21232"}],"curies":[{"name":"wp","href":"https:\/\/api.w.org\/{rel}","templated":true}]}}