{"id":21231,"date":"2025-05-18T07:56:30","date_gmt":"2025-05-18T10:56:30","guid":{"rendered":"https:\/\/mussicom.com\/cid-disse-preferir-lula-a-michelle-bolsonaro-reage-a-criticas\/"},"modified":"2025-05-18T07:56:30","modified_gmt":"2025-05-18T10:56:30","slug":"cid-disse-preferir-lula-a-michelle-bolsonaro-reage-a-criticas","status":"publish","type":"post","link":"https:\/\/mussicom.com\/noticias\/cid-disse-preferir-lula-a-michelle-bolsonaro-reage-a-criticas\/","title":{"rendered":"Cid disse preferir Lula a Michelle; Bolsonaro reage a cr\u00edticas"},"content":{"rendered":"<p> <br \/>\n<\/p>\n<div>\n<p class=\"postParagraph_post-paragraph-innerHtml__Q5vwc\">O tenente-coronel Mauro Cid, ex-ajudante de ordens de Jair Bolsonaro (PL), afirmou em mensagens privadas que preferiria a reelei\u00e7\u00e3o do presidente Luiz In\u00e1cio Lula da Silva (PT) em 2026 a ver Michelle Bolsonaro, ex-primeira-dama, na Presid\u00eancia da Rep\u00fablica. As declara\u00e7\u00f5es constam em conversas obtidas pelo portal <em>UOL<\/em>, que teve acesso ao conte\u00fado do celular de Cid, com mais de 158 mil mensagens e 20 mil arquivos.<\/p>\n<p class=\"postParagraph_post-paragraph__juWZN\">As mensagens foram trocadas com Fabio Wajngarten, ex-secret\u00e1rio de Comunica\u00e7\u00e3o da Presid\u00eancia durante o governo Bolsonaro. Em 27 de janeiro de 2023, ao comentar uma not\u00edcia sobre a possibilidade de Michelle ser lan\u00e7ada como candidata pelo PL, Cid respondeu: \u201cPrefiro o Lula\u201d. Wajngarten concordou: \u201cIdem\u201d.<\/p>\n<p class=\"postParagraph_post-paragraph__juWZN\">Dias depois, Wajngarten compartilhou com Cid uma cr\u00edtica ao sal\u00e1rio pago a Michelle pelo partido. \u201cEm que mundo o Valdemar [Costa Neto, presidente do PL] est\u00e1 vivendo?\u201d, escreveu. Em resposta, Cid enviou um \u00e1udio afirmando que, caso Michelle tentasse disputar um cargo pol\u00edtico de alto escal\u00e3o, seria \u201cdestru\u00edda\u201d por conta de aspectos de sua personalidade que poderiam ser explorados negativamente.<\/p>\n<p class=\"postParagraph_post-paragraph__juWZN\">Em outra troca de mensagens, Wajngarten demonstrou preocupa\u00e7\u00e3o com o impacto da exposi\u00e7\u00e3o p\u00fablica de Michelle. \u201cCada vez que falarem dela, ela tomar\u00e1 porrada da imprensa. Al\u00e9m disso, ventilar o nome dela nesse momento n\u00e3o trar\u00e1 em absoluto nenhum benef\u00edcio concreto. S\u00f3 mat\u00e9rias negativas\u201d, escreveu. Cid respondeu: \u201cCom certeza! Ela tem muito furo. Muita coisa para queimar\u2026 inclusive do passado\u201d.<\/p>\n<p class=\"postParagraph_post-paragraph__juWZN\">As cr\u00edticas \u00e0 ex-primeira-dama tamb\u00e9m apareceram em conversas entre Cid e o coronel Marcelo C\u00e2mara, que acompanhou Bolsonaro em sua viagem aos Estados Unidos em dezembro de 2022. Em 28 daquele m\u00eas, Cid compartilhou com C\u00e2mara uma captura de tela de uma conversa com Michelle, na qual ela reagia a uma coluna do portal Metr\u00f3poles que a descrevia com adjetivos como \u201cequivocada\u201d, \u201cteimosa\u201d e \u201cfalsa crente\u201d. Michelle comentou: \u201cAgiu r\u00e1pido n\u00e9\u201d.<\/p>\n<p class=\"postParagraph_post-paragraph__juWZN\">Em 11 de janeiro de 2023, C\u00e2mara relatou a Cid que havia sa\u00eddo com Michelle, referindo-se a ela como \u201cPD\u201d (primeira-dama). \u201cTua amiga\u201d, escreveu de forma ir\u00f4nica. Cid respondeu com risadas.<\/p>\n<p class=\"postParagraph_post-paragraph-innerHtml__Q5vwc\">Ao tomar conhecimento das mensagens, o ex-presidente Jair Bolsonaro afirmou ao portal <em>Metr\u00f3poles<\/em> que pretende conversar com Valdemar Costa Neto para avaliar se tomar\u00e1 alguma provid\u00eancia. Ele minimizou as cr\u00edticas \u00e0 ex-primeira-dama, atribuindo-as ao rigor com que ela atuava nos bastidores do governo.<\/p>\n<p class=\"postParagraph_post-paragraph__juWZN\">\u201cDiferentemente da atual primeira-dama, Michelle botava ordem na casa. Ela \u00e9 quem botava ordem na casa, e o pessoal n\u00e3o gostava. Mas n\u00e3o justifica essa troca de mensagens, ainda mais em janeiro de 2023, quando eu estava eleg\u00edvel. Um falou besteira, o outro concordou. Vou conversar com o Valdemar sobre isso. Vamos ver o que fazer\u201d, disse Bolsonaro \u00e0 coluna do jornalista Paulo Cappelli.<\/p>\n<\/div>\n<p><br \/>\n<br \/>Fonte: <a href=\"https:\/\/www.gazetadopovo.com.br\/republica\/cid-disse-preferir-lula-a-michelle-bolsonaro-reage-a-criticas\/\">Revista Oeste<\/a><\/p>\n","protected":false},"excerpt":{"rendered":"<p>O tenente-coronel Mauro Cid, ex-ajudante de ordens de Jair Bolsonaro (PL), afirmou em mensagens privadas que preferiria a reelei\u00e7\u00e3o do presidente Luiz In\u00e1cio Lula da Silva (PT) em 2026 a ver Michelle Bolsonaro, ex-primeira-dama, na Presid\u00eancia da Rep\u00fablica. As declara\u00e7\u00f5es constam em conversas obtidas pelo portal UOL, que teve acesso ao conte\u00fado do celular de [&hellip;]<\/p>\n","protected":false},"author":5,"featured_media":9367,"comment_status":"open","ping_status":"open","sticky":false,"template":"","format":"standard","meta":{"_seopress_robots_primary_cat":"","_seopress_titles_title":"","_seopress_titles_desc":"","_seopress_robots_index":"","footnotes":""},"categories":[1],"tags":[],"class_list":["post-21231","post","type-post","status-publish","format-standard","has-post-thumbnail","hentry","category-ultimas-noticias"],"_links":{"self":[{"href":"https:\/\/mussicom.com\/noticias\/wp-json\/wp\/v2\/posts\/21231","targetHints":{"allow":["GET"]}}],"collection":[{"href":"https:\/\/mussicom.com\/noticias\/wp-json\/wp\/v2\/posts"}],"about":[{"href":"https:\/\/mussicom.com\/noticias\/wp-json\/wp\/v2\/types\/post"}],"author":[{"embeddable":true,"href":"https:\/\/mussicom.com\/noticias\/wp-json\/wp\/v2\/users\/5"}],"replies":[{"embeddable":true,"href":"https:\/\/mussicom.com\/noticias\/wp-json\/wp\/v2\/comments?post=21231"}],"version-history":[{"count":0,"href":"https:\/\/mussicom.com\/noticias\/wp-json\/wp\/v2\/posts\/21231\/revisions"}],"wp:featuredmedia":[{"embeddable":true,"href":"https:\/\/mussicom.com\/noticias\/wp-json\/wp\/v2\/media\/9367"}],"wp:attachment":[{"href":"https:\/\/mussicom.com\/noticias\/wp-json\/wp\/v2\/media?parent=21231"}],"wp:term":[{"taxonomy":"category","embeddable":true,"href":"https:\/\/mussicom.com\/noticias\/wp-json\/wp\/v2\/categories?post=21231"},{"taxonomy":"post_tag","embeddable":true,"href":"https:\/\/mussicom.com\/noticias\/wp-json\/wp\/v2\/tags?post=21231"}],"curies":[{"name":"wp","href":"https:\/\/api.w.org\/{rel}","templated":true}]}}