{"id":21185,"date":"2025-05-17T21:37:29","date_gmt":"2025-05-18T00:37:29","guid":{"rendered":"https:\/\/mussicom.com\/samir-xaud-responde-por-fraude-e-e-cotado-para-assumir-cbf\/"},"modified":"2025-05-17T21:37:29","modified_gmt":"2025-05-18T00:37:29","slug":"samir-xaud-responde-por-fraude-e-e-cotado-para-assumir-cbf","status":"publish","type":"post","link":"https:\/\/mussicom.com\/noticias\/samir-xaud-responde-por-fraude-e-e-cotado-para-assumir-cbf\/","title":{"rendered":"Samir Xaud responde por fraude e \u00e9 cotado para assumir CBF"},"content":{"rendered":"<p> <br \/>\n<\/p>\n<div id=\"hd80s9wa1h892edh8192\">\n<p>Samir Xaud, potencial candidato \u00e0s elei\u00e7\u00f5es para presidente da <strong>Confedera\u00e7\u00e3o Brasileira de Futebol (CBF)<\/strong>, responde a um processo de improbidade administrativa por supostas fraudes quando era diretor do Hospital Geral de Roraima (HGR).<\/p>\n<p><strong>Leia mais: \u201cXaud avan\u00e7a para presid\u00eancia da CBF com o apoio das federa\u00e7\u00f5es e simpatia de Gilmar Mendes\u201d<\/strong><\/p>\n<p>Segundo o Minist\u00e9rio P\u00fablico (MP) estadual, Xaud e outros gestores atuaram na falsifica\u00e7\u00e3o de documentos para simular servi\u00e7os. O preju\u00edzo foi de quase R$ 1,5 milh\u00e3o ao governo do Estado. A a\u00e7\u00e3o tramita na Justi\u00e7a de Roraima.<\/p>\n<p>O processo por improbidade administrativa contra Xaud foi movido em 2023, com base em uma apura\u00e7\u00e3o do Tribunal de Contas de Roraima. O Minist\u00e9rio P\u00fablico apontou \u201cexpediente fraudulento\u201d de gestores do hospital de 2017 a 2020 para favorecer indevidamente a empresa Coopebras, por meio de documentos falsos.<\/p>\n<figure class=\"wp-block-embed aligncenter is-type-video is-provider-youtube wp-block-embed-youtube wp-embed-aspect-16-9 wp-has-aspect-ratio\">\n<div class=\"wp-block-embed__wrapper\">\n<div class=\"perfmatters-lazy-youtube\" data-src=\"https:\/\/www.youtube.com\/embed\/4fIDSrGqCwU\" data-id=\"4fIDSrGqCwU\" data-query=\"feature=oembed\" onclick=\"perfmattersLazyLoadYouTube(this);\">\n<div><img fetchpriority=\"high\" decoding=\"async\" src=\"https:\/\/i.ytimg.com\/vi\/4fIDSrGqCwU\/hqdefault.jpg\" alt=\"YouTube video\" width=\"480\" height=\"360\" data-pin-nopin=\"true\" nopin=\"nopin\"\/><\/div>\n<\/div>\n<p><noscript><iframe title=\"Justi\u00e7a afasta Ednaldo Rodrigues da presid\u00eancia da CBF e filho de Sarney assume\" width=\"800\" height=\"450\" src=\"https:\/\/www.youtube.com\/embed\/4fIDSrGqCwU?feature=oembed\" frameborder=\"0\" allow=\"accelerometer; autoplay; clipboard-write; encrypted-media; gyroscope; picture-in-picture; web-share\" referrerpolicy=\"strict-origin-when-cross-origin\" allowfullscreen><\/iframe><\/noscript>\n<\/div>\n<\/figure>\n<p>Para o MP, as falsifica\u00e7\u00f5es tinham a inten\u00e7\u00e3o de pagar o HGR por servi\u00e7os n\u00e3o prestados, como plant\u00f5es m\u00e9dicos, exames, cirurgias e uso de equipamentos hospitalares. O valor desviado dos cofres p\u00fablicos deve ser restitu\u00eddo pelos acusados do crime, conforme pedido do Minist\u00e9rio P\u00fablico de Roraima.<\/p>\n<p>Al\u00e9m de Xaud, foram acusados outros diretores do hospital p\u00fablico e fiscais de um contrato da Secretaria de Sa\u00fade de Roraima com a empresa suspeita de receber verba irregularmente.<\/p>\n<h2 class=\"wp-block-heading\">Samir Xaud \u00e9 favorito na disputa pela CBF<\/h2>\n<p>Xaud sucedeu o pai, Jos\u00e9 Gama Xaud, no comando da Federa\u00e7\u00e3o Roraimense de Futebol em janeiro desse ano. Isso ocorreu depois de ele se apresentar como candidato \u00fanico para as elei\u00e7\u00f5es da entidade.<\/p>\n<figure class=\"wp-block-image aligncenter size-full\"><picture><source data-srcset=\"https:\/\/medias.revistaoeste.com\/wp-content\/uploads\/2025\/05\/CBfinho.jpg.webp 640w, https:\/\/medias.revistaoeste.com\/wp-content\/uploads\/2025\/05\/CBfinho-300x167.jpg.webp 300w, https:\/\/medias.revistaoeste.com\/wp-content\/uploads\/2025\/05\/CBfinho-216x121.jpg.webp 216w, https:\/\/medias.revistaoeste.com\/wp-content\/uploads\/2025\/05\/CBfinho-150x84.jpg.webp 150w\" data-sizes=\"(max-width: 640px) 100vw, 640px\" type=\"image\/webp\"><img decoding=\"async\" width=\"640\" height=\"357\" alt=\"CBF den\u00fancias falsifica\u00e7\u00e3o\" class=\"wp-image-1989760 perfmatters-lazy\" data-eio=\"p\" src=\"https:\/\/medias.revistaoeste.com\/wp-content\/uploads\/2025\/05\/CBfinho.jpg\" srcset=\"https:\/\/medias.revistaoeste.com\/wp-content\/uploads\/2025\/05\/CBfinho.jpg 640w, https:\/\/medias.revistaoeste.com\/wp-content\/uploads\/2025\/05\/CBfinho-300x167.jpg 300w, https:\/\/medias.revistaoeste.com\/wp-content\/uploads\/2025\/05\/CBfinho-216x121.jpg 216w, https:\/\/medias.revistaoeste.com\/wp-content\/uploads\/2025\/05\/CBfinho-150x84.jpg 150w\" data-sizes=\"(max-width: 640px) 100vw, 640px\"\/><img decoding=\"async\" width=\"640\" height=\"357\" src=\"https:\/\/medias.revistaoeste.com\/wp-content\/uploads\/2025\/05\/CBfinho.jpg\" alt=\"CBF den\u00fancias falsifica\u00e7\u00e3o\" class=\"wp-image-1989760\" srcset=\"https:\/\/medias.revistaoeste.com\/wp-content\/uploads\/2025\/05\/CBfinho.jpg 640w, https:\/\/medias.revistaoeste.com\/wp-content\/uploads\/2025\/05\/CBfinho-300x167.jpg 300w, https:\/\/medias.revistaoeste.com\/wp-content\/uploads\/2025\/05\/CBfinho-216x121.jpg 216w, https:\/\/medias.revistaoeste.com\/wp-content\/uploads\/2025\/05\/CBfinho-150x84.jpg 150w\" sizes=\"(max-width: 640px) 100vw, 640px\" data-eio=\"p\"\/><\/source><\/picture><figcaption class=\"wp-element-caption\">CBF eleger\u00e1 seu novo presidente no pr\u00f3ximo dia 25 | Foto: Lucas Figueiredo\/CBF<\/figcaption><\/figure>\n<p>Agora, o nome do dirigente surge como principal candidato nas poss\u00edveis elei\u00e7\u00f5es para novo presidente da CBF. Isso se d\u00e1 mesmo diante da aus\u00eancia de times de Roraima na elite do futebol brasileiro<\/p>\n<p><strong>+ Leia mais not\u00edcias de Pol\u00edtica em Oeste<\/strong><\/p>\n<p>Nomeado interventor da confedera\u00e7\u00e3o, Fernando Sarney pretende acelerar o processo eleitoral. Destitu\u00eddo da presid\u00eancia da entidade, Ednaldo Rodrigues tenta, no <strong>Supremo Tribunal Federal<\/strong>, voltar ao cargo. A CBF eleger\u00e1 seu novo presidente no pr\u00f3ximo dia 25.<\/p>\n<p><strong>Leia tamb\u00e9m: \u201cOutro 7 a 1\u201d, reportagem de Augusto Nunes e Eugenio Goussinsky publicada na Edi\u00e7\u00e3o 269 da Revista Oeste<\/strong><\/p>\n<\/p><\/div>\n<p><br \/>\n<br \/>Fonte: <a href=\"https:\/\/revistaoeste.com\/politica\/samir-xaud-responde-por-fraude-e-e-cotado-para-assumir-cbf\/\">Ag\u00eancia Brasil<\/a><\/p>\n","protected":false},"excerpt":{"rendered":"<p>Samir Xaud, potencial candidato \u00e0s elei\u00e7\u00f5es para presidente da Confedera\u00e7\u00e3o Brasileira de Futebol (CBF), responde a um processo de improbidade administrativa por supostas fraudes quando era diretor do Hospital Geral de Roraima (HGR). Leia mais: \u201cXaud avan\u00e7a para presid\u00eancia da CBF com o apoio das federa\u00e7\u00f5es e simpatia de Gilmar Mendes\u201d Segundo o Minist\u00e9rio P\u00fablico [&hellip;]<\/p>\n","protected":false},"author":5,"featured_media":21186,"comment_status":"open","ping_status":"open","sticky":false,"template":"","format":"standard","meta":{"_seopress_robots_primary_cat":"","_seopress_titles_title":"","_seopress_titles_desc":"","_seopress_robots_index":"","footnotes":""},"categories":[47,1],"tags":[],"class_list":["post-21185","post","type-post","status-publish","format-standard","has-post-thumbnail","hentry","category-politica","category-ultimas-noticias"],"_links":{"self":[{"href":"https:\/\/mussicom.com\/noticias\/wp-json\/wp\/v2\/posts\/21185","targetHints":{"allow":["GET"]}}],"collection":[{"href":"https:\/\/mussicom.com\/noticias\/wp-json\/wp\/v2\/posts"}],"about":[{"href":"https:\/\/mussicom.com\/noticias\/wp-json\/wp\/v2\/types\/post"}],"author":[{"embeddable":true,"href":"https:\/\/mussicom.com\/noticias\/wp-json\/wp\/v2\/users\/5"}],"replies":[{"embeddable":true,"href":"https:\/\/mussicom.com\/noticias\/wp-json\/wp\/v2\/comments?post=21185"}],"version-history":[{"count":0,"href":"https:\/\/mussicom.com\/noticias\/wp-json\/wp\/v2\/posts\/21185\/revisions"}],"wp:featuredmedia":[{"embeddable":true,"href":"https:\/\/mussicom.com\/noticias\/wp-json\/wp\/v2\/media\/21186"}],"wp:attachment":[{"href":"https:\/\/mussicom.com\/noticias\/wp-json\/wp\/v2\/media?parent=21185"}],"wp:term":[{"taxonomy":"category","embeddable":true,"href":"https:\/\/mussicom.com\/noticias\/wp-json\/wp\/v2\/categories?post=21185"},{"taxonomy":"post_tag","embeddable":true,"href":"https:\/\/mussicom.com\/noticias\/wp-json\/wp\/v2\/tags?post=21185"}],"curies":[{"name":"wp","href":"https:\/\/api.w.org\/{rel}","templated":true}]}}