{"id":21173,"date":"2025-05-17T19:44:37","date_gmt":"2025-05-17T22:44:37","guid":{"rendered":"https:\/\/mussicom.com\/pontificado-de-leao-xiv-inicia-oficialmente-neste-domingo\/"},"modified":"2025-05-17T19:44:37","modified_gmt":"2025-05-17T22:44:37","slug":"pontificado-de-leao-xiv-inicia-oficialmente-neste-domingo","status":"publish","type":"post","link":"https:\/\/mussicom.com\/noticias\/pontificado-de-leao-xiv-inicia-oficialmente-neste-domingo\/","title":{"rendered":"Pontificado de Le\u00e3o XIV inicia oficialmente neste domingo"},"content":{"rendered":"<p> <br \/>\n<\/p>\n<div>\n<p class=\"postParagraph_post-paragraph-innerHtml__Q5vwc\">Uma missa na Pra\u00e7a S\u00e3o Pedro, no Vaticano, vai marcar, junto \u00e0 comunidade internacional, neste domingo (19), o in\u00edcio oficial do pontificado de Le\u00e3o XIV, eleito em 8 de maio ap\u00f3s a morte do Papa Francisco.<\/p>\n<p class=\"postParagraph_post-paragraph-innerHtml__Q5vwc\">A cerim\u00f4nia dever\u00e1 contar com o primeiro trajeto do pont\u00edfice no papam\u00f3vel diante dos fi\u00e9is. Estima-se que cerca de 200 mil pessoas compare\u00e7am ao evento, o que levou as autoridades romanas a montarem uma rigorosa opera\u00e7\u00e3o de seguran\u00e7a envolvendo mais de 5 mil policiais e 2 mil agentes da Defesa Civil.\u00a0<\/p>\n<p class=\"postParagraph_post-paragraph-innerHtml__Q5vwc\">150 delega\u00e7\u00f5es internacionais tamb\u00e9m confirmaram presen\u00e7a. Dos Estados Unidos \u2014 pa\u00eds natal de Le\u00e3o XIV \u2014 estar\u00e3o o vice-presidente JD Vance e o secret\u00e1rio de Estado Marco Rubio. Do Peru, onde o papa serviu como mission\u00e1rio e bispo, \u00e9 aguardada a presidente Dina Boluarte. Tamb\u00e9m s\u00e3o esperadas as presen\u00e7as dos presidentes Daniel Noboa (Equador), Gustavo Petro (Col\u00f4mbia) e Santiago Pe\u00f1a (Paraguai), entre outras autoridades latino-americanas.<\/p>\n<p class=\"postParagraph_post-paragraph__juWZN\">A Europa ter\u00e1 presen\u00e7a expressiva, com l\u00edderes como a presidente da Comiss\u00e3o Europeia, Ursula von der Leyen, o novo chanceler alem\u00e3o Friedrich Merz, al\u00e9m dos reis da B\u00e9lgica e da Holanda. O presidente ucraniano Volodymyr Zelensky tamb\u00e9m confirmou presen\u00e7a, acompanhado da primeira-dama Olena Zelenska, do chefe de gabinete Andriy Yermak e do chanceler Andrii Sybiha.<\/p>\n<h2 class=\"postParagraph_post-paragraph__juWZN postParagraph_type-tag-h2__TtFkT\">Ritos da cerim\u00f4nia que marca in\u00edcio do pontificado de Le\u00e3o XIV<\/h2>\n<p class=\"postParagraph_post-paragraph-innerHtml__Q5vwc\">O rito ter\u00e1 in\u00edcio no interior da Bas\u00edlica de S\u00e3o Pedro, onde Le\u00e3o XIV descer\u00e1 at\u00e9 o t\u00famulo do ap\u00f3stolo Pedro, acompanhado pelos patriarcas das Igrejas Orientais. Ali, em ora\u00e7\u00e3o silenciosa, prestar\u00e1 tributo ao primeiro sucessor de Cristo na Terra. O incenso diante do sepulcro refor\u00e7a a continuidade espiritual entre Pedro e o novo bispo de Roma, que ali professar\u00e1, com humildade, o mesmo testemunho de f\u00e9 que custou a vida ao Pr\u00edncipe dos Ap\u00f3stolos.<\/p>\n<p class=\"postParagraph_post-paragraph__juWZN\">Ap\u00f3s esse momento de recolhimento, dois di\u00e1conos levam o P\u00e1lio (estola de l\u00e3 branca adornada com cruzes negras, que simboliza o Bom Pastor e a miss\u00e3o de carregar o rebanho nos ombros), o Anel do Pescador (que simboliza a miss\u00e3o de confirmar os irm\u00e3os na f\u00e9 e permanecer firme como a pedra sobre a qual Cristo edificou Sua Igreja) e o Livro dos Evangelhos at\u00e9 o altar montado no \u00e1trio da Bas\u00edlica, onde acontecer\u00e1 a celebra\u00e7\u00e3o. Le\u00e3o XIV ent\u00e3o se une \u00e0 prociss\u00e3o solene, enquanto o canto das Laudes Regi\u00e6 \u2014 as ladainhas solenes \u2014 ecoa pela Pra\u00e7a de S\u00e3o Pedro, invocando os santos m\u00e1rtires, pont\u00edfices e padroeiros da Igreja.<\/p>\n<p class=\"postParagraph_post-paragraph-innerHtml__Q5vwc\">Logo ap\u00f3s, tr\u00eas cardeais \u2014 representando os di\u00e1conos, presb\u00edteros e bispos de diferentes continentes \u2014 se aproximar\u00e3o para o rito de imposi\u00e7\u00e3o das ins\u00edgnias (momento lit\u00fargico em que o novo papa recebe os s\u00edmbolos vis\u00edveis do seu minist\u00e9rio e autoridade eclesial).\u00a0<\/p>\n<p class=\"postParagraph_post-paragraph__juWZN\">O primeiro cardeal colocar\u00e1 o P\u00e1lio nos ombros do novo pont\u00edfice; o segundo pedir\u00e1, em ora\u00e7\u00e3o, a assist\u00eancia de Deus sobre o Papa; e o terceiro invocar\u00e1 Cristo, pastor e bispo das almas, para que Ele mesmo entregue o Anel ao sucessor de Pedro. O rito culmina com a ora\u00e7\u00e3o ao Esp\u00edrito Santo, pedindo que Le\u00e3o XIV seja conduzido com mansid\u00e3o e for\u00e7a no servi\u00e7o \u00e0 Igreja.<\/p>\n<p class=\"postParagraph_post-paragraph__juWZN\">Durante o rito da obedi\u00eancia, doze representantes do Povo de Deus, de diferentes regi\u00f5es e estados de vida, dever\u00e3o se aproximar para prometer fidelidade ao papa. Ap\u00f3s esse gesto, a celebra\u00e7\u00e3o prosseguir\u00e1 com a homilia de Le\u00e3o XIV e o canto do Credo, seguido da Ora\u00e7\u00e3o dos Fi\u00e9is em cinco l\u00ednguas: portugu\u00eas, franc\u00eas, \u00e1rabe, polon\u00eas e chin\u00eas \u2014 intercedendo pelo papa, pela Igreja, pelos governantes, pelos sofredores e pela assembleia presente.<\/p>\n<p class=\"postParagraph_post-paragraph__juWZN\">A celebra\u00e7\u00e3o ser\u00e1 encerrada com o canto do \u201cRegina Coeli\u201d e a b\u00ean\u00e7\u00e3o solene, invocando a imagem da videira e da vinha para representar o cuidado divino com a Igreja plantada sobre Pedro. O novo pont\u00edfice aben\u00e7oar\u00e1 os fi\u00e9is com o Livro dos Evangelhos, enquanto o coro proclama, em grego, o tradicional \u201cAd multos annos!\u201d \u2014 votos de uma longa vida ao sucessor de Pedro.<\/p>\n<p class=\"postParagraph_post-paragraph__juWZN\">Ap\u00f3s a celebra\u00e7\u00e3o, o papa Le\u00e3o XIV receber\u00e1 os chefes de Estado e representantes internacionais no tradicional beija-m\u00e3o, realizado dentro da Bas\u00edlica de S\u00e3o Pedro \u2014 cerim\u00f4nia que costuma registrar momentos simb\u00f3licos e marcantes para a hist\u00f3ria da Igreja.<\/p>\n<\/div>\n<p><br \/>\n<br \/>Fonte: <a href=\"https:\/\/www.gazetadopovo.com.br\/mundo\/leao-xiv-inicia-oficialmente-seu-pontificado-neste-domingo\/\">Revista Oeste<\/a><\/p>\n","protected":false},"excerpt":{"rendered":"<p>Uma missa na Pra\u00e7a S\u00e3o Pedro, no Vaticano, vai marcar, junto \u00e0 comunidade internacional, neste domingo (19), o in\u00edcio oficial do pontificado de Le\u00e3o XIV, eleito em 8 de maio ap\u00f3s a morte do Papa Francisco. A cerim\u00f4nia dever\u00e1 contar com o primeiro trajeto do pont\u00edfice no papam\u00f3vel diante dos fi\u00e9is. Estima-se que cerca de [&hellip;]<\/p>\n","protected":false},"author":5,"featured_media":21174,"comment_status":"open","ping_status":"open","sticky":false,"template":"","format":"standard","meta":{"_seopress_robots_primary_cat":"","_seopress_titles_title":"","_seopress_titles_desc":"","_seopress_robots_index":"","footnotes":""},"categories":[1],"tags":[],"class_list":["post-21173","post","type-post","status-publish","format-standard","has-post-thumbnail","hentry","category-ultimas-noticias"],"_links":{"self":[{"href":"https:\/\/mussicom.com\/noticias\/wp-json\/wp\/v2\/posts\/21173","targetHints":{"allow":["GET"]}}],"collection":[{"href":"https:\/\/mussicom.com\/noticias\/wp-json\/wp\/v2\/posts"}],"about":[{"href":"https:\/\/mussicom.com\/noticias\/wp-json\/wp\/v2\/types\/post"}],"author":[{"embeddable":true,"href":"https:\/\/mussicom.com\/noticias\/wp-json\/wp\/v2\/users\/5"}],"replies":[{"embeddable":true,"href":"https:\/\/mussicom.com\/noticias\/wp-json\/wp\/v2\/comments?post=21173"}],"version-history":[{"count":0,"href":"https:\/\/mussicom.com\/noticias\/wp-json\/wp\/v2\/posts\/21173\/revisions"}],"wp:featuredmedia":[{"embeddable":true,"href":"https:\/\/mussicom.com\/noticias\/wp-json\/wp\/v2\/media\/21174"}],"wp:attachment":[{"href":"https:\/\/mussicom.com\/noticias\/wp-json\/wp\/v2\/media?parent=21173"}],"wp:term":[{"taxonomy":"category","embeddable":true,"href":"https:\/\/mussicom.com\/noticias\/wp-json\/wp\/v2\/categories?post=21173"},{"taxonomy":"post_tag","embeddable":true,"href":"https:\/\/mussicom.com\/noticias\/wp-json\/wp\/v2\/tags?post=21173"}],"curies":[{"name":"wp","href":"https:\/\/api.w.org\/{rel}","templated":true}]}}