{"id":21165,"date":"2025-05-17T18:34:36","date_gmt":"2025-05-17T21:34:36","guid":{"rendered":"https:\/\/mussicom.com\/lula-nao-e-presidente-mas-agente-de-turismo\/"},"modified":"2025-05-17T18:34:36","modified_gmt":"2025-05-17T21:34:36","slug":"lula-nao-e-presidente-mas-agente-de-turismo","status":"publish","type":"post","link":"https:\/\/mussicom.com\/noticias\/lula-nao-e-presidente-mas-agente-de-turismo\/","title":{"rendered":"Lula n\u00e3o \u00e9 presidente, mas agente de turismo"},"content":{"rendered":"<p> <br \/>\n<\/p>\n<div id=\"hd80s9wa1h892edh8192\">\n<p>Lula levou 220 pessoas na sua viagem ao Jap\u00e3o e 120 pessoas na sua viagem a R\u00fassia e China. At\u00e9 ent\u00e3o, o recorde havia sido a ida a <strong>Nova York<\/strong>, no ano passado, com uma comitiva de pouco mais de cem pessoas. Ele n\u00e3o \u00e9 um presidente, mas um agente de turismo.<\/p>\n<p>Somente na sua viagem ao Jap\u00e3o, ele e a sua comitiva gastaram R$ 4,5 milh\u00f5es do nosso dinheiro, mas pode ter sido mais. As informa\u00e7\u00f5es completas permanecem desconhecidas.<\/p>\n<p>Lula gosta de viajar \u2014 j\u00e1 fez 29 viagens internacionais no terceiro mandato, sem contar a ida ao Uruguai para o vel\u00f3rio de Pepe Mujica \u2014, e eu gosto que ele viaje. Como jornalista, digo.<\/p>\n<p><strong>+ Leia mais not\u00edcias de Pol\u00edtica em Oeste<\/strong><\/p>\n<p>\u00c9 porque as viagens do presidente da Rep\u00fablica costumam render assunto. Produzem cenas reveladoras dos reais pendores de Lula, como a do abra\u00e7o efusivo no companheiro Vladimir Putin e a do pedido ao companheiro Xi Jinping para que ajude o governo brasileiro a censurar o TikTok (obrigado, ministro vazador).<\/p>\n<p>Ele poderia levar muito menos gente consigo? N\u00e3o sei, tenho d\u00favida. Com Lula, o Brasil voltou, e o Brasil \u00e9 esta rep\u00fablica bananeira que n\u00e3o comporta sobriedade, parcim\u00f4nia, eleg\u00e2ncia, propor\u00e7\u00e3o, honestidade.<\/p>\n<p>J\u00e1 tentei, juro, incutir essas no\u00e7\u00f5es em alguns esp\u00e9cimes da pol\u00edtica brasileira e dos seus arredores, apontando o contraste com as pr\u00e1ticas gerais. Eles simplesmente n\u00e3o entendem, mudam de assunto \u2014 e somem.<\/p>\n<h2 class=\"wp-block-heading\">Lula e as excurs\u00f5es oficiais<\/h2>\n<figure class=\"wp-block-image aligncenter size-full\"><picture><source data-srcset=\"https:\/\/medias.revistaoeste.com\/wp-content\/uploads\/2025\/05\/Lula-e-Xi-Jinping-em-viagem-diplomatica-na-China-.jpg.webp 1280w, https:\/\/medias.revistaoeste.com\/wp-content\/uploads\/2025\/05\/Lula-e-Xi-Jinping-em-viagem-diplomatica-na-China--300x169.jpg.webp 300w, https:\/\/medias.revistaoeste.com\/wp-content\/uploads\/2025\/05\/Lula-e-Xi-Jinping-em-viagem-diplomatica-na-China--400x225.jpg.webp 400w, https:\/\/medias.revistaoeste.com\/wp-content\/uploads\/2025\/05\/Lula-e-Xi-Jinping-em-viagem-diplomatica-na-China--216x121.jpg.webp 216w, https:\/\/medias.revistaoeste.com\/wp-content\/uploads\/2025\/05\/Lula-e-Xi-Jinping-em-viagem-diplomatica-na-China--150x84.jpg.webp 150w\" data-sizes=\"(max-width: 1280px) 100vw, 1280px\" type=\"image\/webp\"><img fetchpriority=\"high\" decoding=\"async\" width=\"1280\" height=\"720\" src=\"https:\/\/medias.revistaoeste.com\/wp-content\/uploads\/2025\/05\/Lula-e-Xi-Jinping-em-viagem-diplomatica-na-China-.jpg\" alt=\"Lula e Xi Jinping em viagem diploma\u0301tica na China | Foto: Ricardo Stuckert\/Presid\u00eancia da Rep\u00fablica\" class=\"wp-image-1992737\" srcset=\"https:\/\/medias.revistaoeste.com\/wp-content\/uploads\/2025\/05\/Lula-e-Xi-Jinping-em-viagem-diplomatica-na-China-.jpg 1280w, https:\/\/medias.revistaoeste.com\/wp-content\/uploads\/2025\/05\/Lula-e-Xi-Jinping-em-viagem-diplomatica-na-China--300x169.jpg 300w, https:\/\/medias.revistaoeste.com\/wp-content\/uploads\/2025\/05\/Lula-e-Xi-Jinping-em-viagem-diplomatica-na-China--400x225.jpg 400w, https:\/\/medias.revistaoeste.com\/wp-content\/uploads\/2025\/05\/Lula-e-Xi-Jinping-em-viagem-diplomatica-na-China--216x121.jpg 216w, https:\/\/medias.revistaoeste.com\/wp-content\/uploads\/2025\/05\/Lula-e-Xi-Jinping-em-viagem-diplomatica-na-China--150x84.jpg 150w\" sizes=\"(max-width: 1280px) 100vw, 1280px\" data-eio=\"p\"\/><\/source><\/picture><figcaption class=\"wp-element-caption\">Lula e o presidente da China, Xi Jinping | Foto: Ricardo Stuckert\/Presid\u00eancia da Rep\u00fablica<\/figcaption><\/figure>\n<p>Essa gente gosta de viajar em excurs\u00f5es oficiais para fazer compras. Ponto. Reabro o ponto. E para comer em restaurantes caros. Ponto. Reabro o ponto. E para fazer<em> selfies<\/em> diante de monumentos sobre os quais ignoram a hist\u00f3ria. Ponto.<\/p>\n<p>Eu at\u00e9 ficaria um pouco otimista se os acompanhantes do presidente gostassem de museus, galerias de arte, concertos, livrarias. Mas eles s\u00e3o como os demais turistas brasileiros, e a \u00fanica diferen\u00e7a \u00e9 que viajam com o nosso dinheiro.<\/p>\n<p>N\u00e3o tem jeito. O <strong>Brasil<\/strong> voltou, e o Brasil \u00e9 isso a\u00ed. \u00c9 a volta dos que n\u00e3o foram.<\/p>\n<\/p><\/div>\n<p><br \/>\n<br \/>Fonte: <a href=\"https:\/\/revistaoeste.com\/politica\/lula-nao-e-presidente-mas-agente-de-turismo-de-republica-bananeira\/\">Ag\u00eancia Brasil<\/a><\/p>\n","protected":false},"excerpt":{"rendered":"<p>Lula levou 220 pessoas na sua viagem ao Jap\u00e3o e 120 pessoas na sua viagem a R\u00fassia e China. At\u00e9 ent\u00e3o, o recorde havia sido a ida a Nova York, no ano passado, com uma comitiva de pouco mais de cem pessoas. Ele n\u00e3o \u00e9 um presidente, mas um agente de turismo. Somente na sua [&hellip;]<\/p>\n","protected":false},"author":5,"featured_media":21166,"comment_status":"open","ping_status":"open","sticky":false,"template":"","format":"standard","meta":{"_seopress_robots_primary_cat":"","_seopress_titles_title":"","_seopress_titles_desc":"","_seopress_robots_index":"","footnotes":""},"categories":[47,1],"tags":[],"class_list":["post-21165","post","type-post","status-publish","format-standard","has-post-thumbnail","hentry","category-politica","category-ultimas-noticias"],"_links":{"self":[{"href":"https:\/\/mussicom.com\/noticias\/wp-json\/wp\/v2\/posts\/21165","targetHints":{"allow":["GET"]}}],"collection":[{"href":"https:\/\/mussicom.com\/noticias\/wp-json\/wp\/v2\/posts"}],"about":[{"href":"https:\/\/mussicom.com\/noticias\/wp-json\/wp\/v2\/types\/post"}],"author":[{"embeddable":true,"href":"https:\/\/mussicom.com\/noticias\/wp-json\/wp\/v2\/users\/5"}],"replies":[{"embeddable":true,"href":"https:\/\/mussicom.com\/noticias\/wp-json\/wp\/v2\/comments?post=21165"}],"version-history":[{"count":0,"href":"https:\/\/mussicom.com\/noticias\/wp-json\/wp\/v2\/posts\/21165\/revisions"}],"wp:featuredmedia":[{"embeddable":true,"href":"https:\/\/mussicom.com\/noticias\/wp-json\/wp\/v2\/media\/21166"}],"wp:attachment":[{"href":"https:\/\/mussicom.com\/noticias\/wp-json\/wp\/v2\/media?parent=21165"}],"wp:term":[{"taxonomy":"category","embeddable":true,"href":"https:\/\/mussicom.com\/noticias\/wp-json\/wp\/v2\/categories?post=21165"},{"taxonomy":"post_tag","embeddable":true,"href":"https:\/\/mussicom.com\/noticias\/wp-json\/wp\/v2\/tags?post=21165"}],"curies":[{"name":"wp","href":"https:\/\/api.w.org\/{rel}","templated":true}]}}