{"id":21089,"date":"2025-05-17T11:27:32","date_gmt":"2025-05-17T14:27:32","guid":{"rendered":"https:\/\/mussicom.com\/em-torno-da-anistia\/"},"modified":"2025-05-17T11:27:32","modified_gmt":"2025-05-17T14:27:32","slug":"em-torno-da-anistia","status":"publish","type":"post","link":"https:\/\/mussicom.com\/noticias\/em-torno-da-anistia\/","title":{"rendered":"Em torno da anistia"},"content":{"rendered":"<p> <br \/>\n<\/p>\n<div id=\"hd80s9wa1h892edh8192\">\n<h2 class=\"wp-block-heading has-text-align-right\"><em>Sergio Lewin*<\/em><\/h2>\n<p>\u00c9 evidente que n\u00e3o se tratava de um passeio no parque, como ironicamente foi dito. Havia manifestantes que estavam ali para protestar, outros para depredar e, seguramente, muitos alimentavam um desejo difuso de ruptura institucional.<\/p>\n<p>A a\u00e7\u00e3o teve evidente carga simb\u00f3lica. Mas confundir o ataque a pr\u00e9dios p\u00fablicos com a destrui\u00e7\u00e3o real das engrenagens institucionais que sustentam o Estado Democr\u00e1tico de Direito \u00e9 uma simplifica\u00e7\u00e3o grosseira. Seria concreto demais \u2014 e talvez at\u00e9 pueril \u2014 supor que a democracia republicana possa ruir com a quebra de vidra\u00e7as, ainda que dos seus pr\u00e9dios mais emblem\u00e1ticos.<\/p>\n<p>Vale a pergunta: ingressar em um banco, sem portar armamentos, pode ser equiparado a planejar e executar um assalto contra seguran\u00e7as armados? Ou estar\u00edamos diante de um crime imposs\u00edvel?<\/p>\n<p><strong>+ Leia mais not\u00edcias de Pol\u00edtica em Oeste<\/strong><\/p>\n<p>Seria cr\u00edvel imaginar que algu\u00e9m pudesse se apropriar da moeda nacional por invadir o <strong>Banco Central<\/strong> \u2014 apenas por que ele abriga as prensas oficiais da produ\u00e7\u00e3o monet\u00e1ria?<\/p>\n<p>O Direito n\u00e3o \u00e9 tribunal de inten\u00e7\u00f5es: ele se ocupa de atos, n\u00e3o de puls\u00f5es ou desejos morais. Vontades reprov\u00e1veis, por mais graves que sejam, n\u00e3o s\u00e3o pun\u00edveis sen\u00e3o quando transbordam em a\u00e7\u00f5es concretas \u2014 e mesmo assim dentro de crit\u00e9rios legais estritos, proporcionais e tipificados.<\/p>\n<p><related-posts class=\"border-y border-gray-300 py-5\"><\/p>\n<h2 class=\"!text-2xl text-black font-primary font-semibold leading-none mb-3\">\n    Leia mais:<br \/>\n  <\/h2>\n<p><\/related-posts><\/p>\n<p>As institui\u00e7\u00f5es n\u00e3o se desfazem com pedradas, picha\u00e7\u00f5es ou vandalismo. Tampouco se sustentam apenas com s\u00edmbolos.\u00a0<\/p>\n<p>A <strong>Justi\u00e7a<\/strong> \u00e9 feita nos autos, no tempo e forma do devido processo legal. Seu simulacro \u00e9 perform\u00e1tico: busca catarse, repara\u00e7\u00e3o emocional, efeito pol\u00edtico. Confunde o processo com espet\u00e1culo, e o julgamento com liturgia civil.<\/p>\n<h2 class=\"wp-block-heading\">Anistia e o prop\u00f3sito da Justi\u00e7a<\/h2>\n<figure class=\"wp-block-image aligncenter size-full\"><picture><source data-srcset=\"https:\/\/medias.revistaoeste.com\/wp-content\/uploads\/2025\/04\/povo-na-rua-thiago-vieira-scaled.jpg.webp 2560w, https:\/\/medias.revistaoeste.com\/wp-content\/uploads\/2025\/04\/povo-na-rua-thiago-vieira-300x225.jpg.webp 300w, https:\/\/medias.revistaoeste.com\/wp-content\/uploads\/2025\/04\/povo-na-rua-thiago-vieira-150x113.jpg.webp 150w\" data-sizes=\"(max-width: 2560px) 100vw, 2560px\" type=\"image\/webp\"><img fetchpriority=\"high\" decoding=\"async\" width=\"2560\" height=\"1920\" src=\"https:\/\/medias.revistaoeste.com\/wp-content\/uploads\/2025\/04\/povo-na-rua-thiago-vieira-scaled.jpg\" alt=\"povo na rua - thiago vieira\" class=\"wp-image-1949520\" srcset=\"https:\/\/medias.revistaoeste.com\/wp-content\/uploads\/2025\/04\/povo-na-rua-thiago-vieira-scaled.jpg 2560w, https:\/\/medias.revistaoeste.com\/wp-content\/uploads\/2025\/04\/povo-na-rua-thiago-vieira-300x225.jpg 300w, https:\/\/medias.revistaoeste.com\/wp-content\/uploads\/2025\/04\/povo-na-rua-thiago-vieira-150x113.jpg 150w\" sizes=\"(max-width: 2560px) 100vw, 2560px\" data-eio=\"p\"\/><\/source><\/picture><figcaption class=\"wp-element-caption\">Povo na rua, horas antes do in\u00edcio do ato pela anistia | Foto: Thiago Vieira\/Revista <b>Oeste<\/b><\/figcaption><\/figure>\n<p>\u00c9 preciso cuidado para que a Justi\u00e7a, e em especial sua Corte Suprema, n\u00e3o se transforme em curadora da moral p\u00fablica ou sacerd\u00f3cio de valores c\u00edvicos. Seu papel n\u00e3o \u00e9 ler a alma da na\u00e7\u00e3o, nem interpretar o momento pol\u00edtico com tintas sentimentais, mas limitar o poder, proteger o Estado de Direito e garantir os direitos do indiv\u00edduo.<\/p>\n<p>Mesmo os que cometem crimes devem ser julgados como cidad\u00e3os, n\u00e3o como inimigos. T\u00eam direito \u00e0 ampla defesa, ao duplo grau de jurisdi\u00e7\u00e3o, ao julgamento na inst\u00e2ncia adequada, e ao tempo que a democracia republicana imp\u00f5e \u2014 mesmo a seus advers\u00e1rios.<\/p>\n<blockquote class=\"wp-block-quote is-layout-flow wp-block-quote-is-layout-flow\">\n<p>\u201cQuando a legitimidade do julgador \u00e9 colocada em d\u00favida, o pacto republicano deixa de funcionar\u201d<\/p>\n<\/blockquote>\n<p>A lei n\u00e3o deve ser indulgente por conveni\u00eancia nem severa por revanche. O excesso punitivo \u00e9 t\u00e3o corrosivo quanto a impunidade. Desde Beccaria, sabemos que a verdadeira Justi\u00e7a n\u00e3o se mensura pelo tamanho da pena, mas pela exatid\u00e3o da sua aplica\u00e7\u00e3o.<\/p>\n<p>O fato de as pessoas estarem \u00e0s ruas clamando por anistia \u2014 e n\u00e3o por julgamento justo perante os tribunais \u2014 \u00e9 o retrato do esgar\u00e7amento da confian\u00e7a na Justi\u00e7a, hoje simbolizada por sua mais alta Corte. Quando a legitimidade do julgador \u00e9 colocada em d\u00favida, o pacto republicano deixa de funcionar.<\/p>\n<figure class=\"wp-block-embed is-type-video is-provider-youtube wp-block-embed-youtube wp-embed-aspect-16-9 wp-has-aspect-ratio\">\n<div class=\"wp-block-embed__wrapper\">\n<div class=\"perfmatters-lazy-youtube\" data-src=\"https:\/\/www.youtube.com\/embed\/B_lQUR99x-Q\" data-id=\"B_lQUR99x-Q\" data-query=\"feature=oembed\" onclick=\"perfmattersLazyLoadYouTube(this);\">\n<div><img decoding=\"async\" alt=\"YouTube video\" width=\"480\" height=\"360\" data-pin-nopin=\"true\" nopin=\"nopin\" class=\"perfmatters-lazy\" src=\"https:\/\/i.ytimg.com\/vi\/B_lQUR99x-Q\/hqdefault.jpg\"\/><img decoding=\"async\" src=\"https:\/\/i.ytimg.com\/vi\/B_lQUR99x-Q\/hqdefault.jpg\" alt=\"YouTube video\" width=\"480\" height=\"360\" data-pin-nopin=\"true\" nopin=\"nopin\"\/><\/div>\n<\/div>\n<p><noscript><iframe title=\"&#039;Ato sem anistia&#039; escancara fracasso da esquerda e silencia Erika Hilton\" width=\"800\" height=\"450\" src=\"https:\/\/www.youtube.com\/embed\/B_lQUR99x-Q?feature=oembed\" frameborder=\"0\" allow=\"accelerometer; autoplay; clipboard-write; encrypted-media; gyroscope; picture-in-picture; web-share\" referrerpolicy=\"strict-origin-when-cross-origin\" allowfullscreen><\/iframe><\/noscript>\n<\/div>\n<\/figure>\n<p>Se queremos preservar Estado de Direito, devemos proteg\u00ea-lo n\u00e3o apenas de seus agressores declarados, mas tamb\u00e9m de seus defensores apaixonados \u2014 o risco \u00e0 liberdade n\u00e3o reside apenas na for\u00e7a do inimigo, mas tamb\u00e9m no zelo excessivo dos seus autos propalados guardi\u00f5es.<\/p>\n<hr class=\"wp-block-separator has-alpha-channel-opacity\"\/>\n<p><em>Advogado, conselheiro do <strong>Instituto Millenium<\/strong> e fundador da <strong>Lexum<\/strong>, entidade voltada \u00e0 defesa do Estado de Direito. Ex-presidente do Instituto de Estudos Empresariais e do Instituto Liberdade.<\/em><\/p>\n<\/p><\/div>\n<p><br \/>\n<br \/>Fonte: <a href=\"https:\/\/revistaoeste.com\/politica\/em-torno-da-anistia\/\">Ag\u00eancia Brasil<\/a><\/p>\n","protected":false},"excerpt":{"rendered":"<p>Sergio Lewin* \u00c9 evidente que n\u00e3o se tratava de um passeio no parque, como ironicamente foi dito. Havia manifestantes que estavam ali para protestar, outros para depredar e, seguramente, muitos alimentavam um desejo difuso de ruptura institucional. A a\u00e7\u00e3o teve evidente carga simb\u00f3lica. Mas confundir o ataque a pr\u00e9dios p\u00fablicos com a destrui\u00e7\u00e3o real das [&hellip;]<\/p>\n","protected":false},"author":5,"featured_media":21090,"comment_status":"open","ping_status":"open","sticky":false,"template":"","format":"standard","meta":{"_seopress_robots_primary_cat":"","_seopress_titles_title":"","_seopress_titles_desc":"","_seopress_robots_index":"","footnotes":""},"categories":[47,1],"tags":[],"class_list":["post-21089","post","type-post","status-publish","format-standard","has-post-thumbnail","hentry","category-politica","category-ultimas-noticias"],"_links":{"self":[{"href":"https:\/\/mussicom.com\/noticias\/wp-json\/wp\/v2\/posts\/21089","targetHints":{"allow":["GET"]}}],"collection":[{"href":"https:\/\/mussicom.com\/noticias\/wp-json\/wp\/v2\/posts"}],"about":[{"href":"https:\/\/mussicom.com\/noticias\/wp-json\/wp\/v2\/types\/post"}],"author":[{"embeddable":true,"href":"https:\/\/mussicom.com\/noticias\/wp-json\/wp\/v2\/users\/5"}],"replies":[{"embeddable":true,"href":"https:\/\/mussicom.com\/noticias\/wp-json\/wp\/v2\/comments?post=21089"}],"version-history":[{"count":0,"href":"https:\/\/mussicom.com\/noticias\/wp-json\/wp\/v2\/posts\/21089\/revisions"}],"wp:featuredmedia":[{"embeddable":true,"href":"https:\/\/mussicom.com\/noticias\/wp-json\/wp\/v2\/media\/21090"}],"wp:attachment":[{"href":"https:\/\/mussicom.com\/noticias\/wp-json\/wp\/v2\/media?parent=21089"}],"wp:term":[{"taxonomy":"category","embeddable":true,"href":"https:\/\/mussicom.com\/noticias\/wp-json\/wp\/v2\/categories?post=21089"},{"taxonomy":"post_tag","embeddable":true,"href":"https:\/\/mussicom.com\/noticias\/wp-json\/wp\/v2\/tags?post=21089"}],"curies":[{"name":"wp","href":"https:\/\/api.w.org\/{rel}","templated":true}]}}