{"id":21044,"date":"2025-05-17T07:04:31","date_gmt":"2025-05-17T10:04:31","guid":{"rendered":"https:\/\/mussicom.com\/obras-das-quatro-novas-escolas-municipais-em-praia-grande-sp-ultrapassam-50-de-construcao\/"},"modified":"2025-05-17T07:04:31","modified_gmt":"2025-05-17T10:04:31","slug":"obras-das-quatro-novas-escolas-municipais-em-praia-grande-sp-ultrapassam-50-de-construcao","status":"publish","type":"post","link":"https:\/\/mussicom.com\/noticias\/obras-das-quatro-novas-escolas-municipais-em-praia-grande-sp-ultrapassam-50-de-construcao\/","title":{"rendered":"Obras das quatro novas escolas municipais em Praia Grande\/SP ultrapassam 50% de constru\u00e7\u00e3o"},"content":{"rendered":"<p> <br \/>\n<\/p>\n<div id=\"texto\">\n<p>As obras de constru\u00e7\u00e3o das quatro novas escolas municipais est\u00e3o a \u00a0todo vapor. Os trabalhos j\u00e1 atingiram mais de 50%. Localizadas nos \u00a0bairros Real, Melvi e Ant\u00e1rtica, quando prontas, as unidades de ensino \u00a0atender\u00e3o alunos entre os segmentos de Educa\u00e7\u00e3o Infantil e do 1\u00b0 ao 9\u00b0 \u00a0ano do Ensino Fundamental. A previs\u00e3o \u00e9 que os pr\u00e9dios educacionais \u00a0estejam prontos e iniciem o atendimento dos estudantes no in\u00edcio do \u00a0ano letivo de 2026.<\/p>\n<p>\u00a0<\/p>\n<p>Recentemente, a secret\u00e1ria de Educa\u00e7\u00e3o, Patr\u00edcia Almeida, vistoriou \u00a0duas das escolas em constru\u00e7\u00e3o. Acompanhada do subsecret\u00e1rio de \u00a0Esportes e Complementa\u00e7\u00e3o Educacional, Jos\u00e9 Carlos de Souza, a titular \u00a0da pasta visitou a futura unidade de ensino do Bairro Real, que \u00a0atender\u00e1 1.192 alunos de Educa\u00e7\u00e3o Infantil, entre Creche e Pr\u00e9-Escola. \u00a0Na sequ\u00eancia, se dirigiu at\u00e9 o pr\u00e9dio educacional no Ant\u00e1rtica que, \u00a0quando estiver pronto, receber\u00e1 1.240 estudantes do 1\u00b0 ao 9\u00b0 ano do \u00a0Ensino Fundamental.<\/p>\n<p>\u00a0<\/p>\n<p>Durante a visita, a secret\u00e1ria de Educa\u00e7\u00e3o verificou de perto uma das \u00a0novidades das escolas em constru\u00e7\u00e3o. As unidades de ensino recebem a \u00a0instala\u00e7\u00e3o das placas fotovoltaicas para capta\u00e7\u00e3o de energia solar. Os \u00a0aparelhos foram colocados nos telhados dos pr\u00e9dios.<\/p>\n<p>\u00a0<\/p>\n<p>A utiliza\u00e7\u00e3o dessa \u00a0tecnologia permitir\u00e1 que a Administra\u00e7\u00e3o Municipal avance no que diz \u00a0respeito \u00e0 climatiza\u00e7\u00e3o das salas de aulas dos novos pr\u00e9dios \u00a0educacionais.<\/p>\n<p>\u00a0<\/p>\n<p>Al\u00e9m das duas escolas visitadas pela secret\u00e1ria de Educa\u00e7\u00e3o, outras \u00a0duas est\u00e3o em constru\u00e7\u00e3o no Bairro Melvi, um dos que apresentaram \u00a0maior crescimento populacional nos \u00faltimos anos. No local, a \u00a0Administra\u00e7\u00e3o Municipal ergue dois pr\u00e9dios educacionais, sendo que um \u00a0atender\u00e1 1.320 alunos da Educa\u00e7\u00e3o Infantil em turmas de Creche e \u00a0Pr\u00e9-Escola. J\u00e1 o outro, receber\u00e1 1.220 estudantes do 1\u00ba ao 5\u00ba ano do \u00a0Ensino Fundamental.<\/p>\n<p>\u00a0<\/p>\n<p>O crescimento da rede municipal de ensino n\u00e3o para com a constru\u00e7\u00e3o \u00a0das quatro novas unidades de ensino. Concomitantemente, a Prefeitura \u00a0de Praia Grande realizar\u00e1 as obras de amplia\u00e7\u00e3o das EMs Estina Campi \u00a0Baptista e Ronaldo S\u00e9rgio Alves Lameira Ramos, situadas \u00a0respectivamente nos bairros Forte e S\u00edtio do Campo. Com a expans\u00e3o das \u00a0duas unidades, a Seduc somar\u00e1 1.195 novas vagas em Educa\u00e7\u00e3o Infantil e \u00a0Ensino Fundamental.<\/p>\n<p>\u00a0<\/p>\n<p>Deste total, a EM Ronaldo Lameira contar\u00e1 com o maior n\u00famero de vagas \u00a0criadas. A unidade passar\u00e1 a atender mais 675 alunos distribu\u00eddos em \u00a0turmas do 3\u00ba ao 9\u00ba ano do Ensino Fundamental. Enquanto isso, a EM \u00a0Estina Campi Baptista ter\u00e1 a capacidade de atender mais 520 estudantes \u00a0distribu\u00eddos em Educa\u00e7\u00e3o Infantil (359 novos alunos) e do 1\u00ba ao 6\u00ba ano \u00a0do Fundamental (161).<\/p>\n<p>\u00a0<\/p>\n<p><strong>Log\u00edstica \u2013 <\/strong>A Secretaria de Educa\u00e7\u00e3o n\u00e3o est\u00e1 sozinha na constru\u00e7\u00e3o e \u00a0amplia\u00e7\u00e3o das escolas. Todo o projeto arquitet\u00f4nico dos pr\u00e9dios ficou \u00a0a cargo da Secretaria de Urbanismo (Seurb), por meio da Subsecretaria \u00a0de Projetos Especiais. A Secretaria de Obras P\u00fablicas (Seop) tamb\u00e9m \u00a0participa do processo de amplia\u00e7\u00e3o da rede municipal de ensino de \u00a0Praia Grande. A Seop \u00e9 respons\u00e1vel por acompanhar o passo a passo das \u00a0constru\u00e7\u00f5es das quatro escolas, bem como a amplia\u00e7\u00e3o das outras duas.<\/p>\n<\/p><\/div>\n<p><script async defer crossorigin=\"anonymous\" src=\"https:\/\/connect.facebook.net\/pt_BR\/sdk.js#xfbml=1&#038;version=v12.0&#038;appId=&#038;autoLogAppEvents=1\" nonce=\"ou0fI1lo\"><\/script><br \/>\n<br \/><br \/>\n<br \/>Fonte: <a href=\"https:\/\/www.bs9.com.br\/litoral\/obras-das-quatro-novas-escolas-municipais-em-praia-grandesp\/31756\/\">BS9<\/a><\/p>\n","protected":false},"excerpt":{"rendered":"<p>As obras de constru\u00e7\u00e3o das quatro novas escolas municipais est\u00e3o a \u00a0todo vapor. Os trabalhos j\u00e1 atingiram mais de 50%. Localizadas nos \u00a0bairros Real, Melvi e Ant\u00e1rtica, quando prontas, as unidades de ensino \u00a0atender\u00e3o alunos entre os segmentos de Educa\u00e7\u00e3o Infantil e do 1\u00b0 ao 9\u00b0 \u00a0ano do Ensino Fundamental. A previs\u00e3o \u00e9 que os [&hellip;]<\/p>\n","protected":false},"author":5,"featured_media":21045,"comment_status":"open","ping_status":"open","sticky":false,"template":"","format":"standard","meta":{"_seopress_robots_primary_cat":"","_seopress_titles_title":"","_seopress_titles_desc":"","_seopress_robots_index":"","footnotes":""},"categories":[52],"tags":[],"class_list":["post-21044","post","type-post","status-publish","format-standard","has-post-thumbnail","hentry","category-santoseregiao"],"_links":{"self":[{"href":"https:\/\/mussicom.com\/noticias\/wp-json\/wp\/v2\/posts\/21044","targetHints":{"allow":["GET"]}}],"collection":[{"href":"https:\/\/mussicom.com\/noticias\/wp-json\/wp\/v2\/posts"}],"about":[{"href":"https:\/\/mussicom.com\/noticias\/wp-json\/wp\/v2\/types\/post"}],"author":[{"embeddable":true,"href":"https:\/\/mussicom.com\/noticias\/wp-json\/wp\/v2\/users\/5"}],"replies":[{"embeddable":true,"href":"https:\/\/mussicom.com\/noticias\/wp-json\/wp\/v2\/comments?post=21044"}],"version-history":[{"count":0,"href":"https:\/\/mussicom.com\/noticias\/wp-json\/wp\/v2\/posts\/21044\/revisions"}],"wp:featuredmedia":[{"embeddable":true,"href":"https:\/\/mussicom.com\/noticias\/wp-json\/wp\/v2\/media\/21045"}],"wp:attachment":[{"href":"https:\/\/mussicom.com\/noticias\/wp-json\/wp\/v2\/media?parent=21044"}],"wp:term":[{"taxonomy":"category","embeddable":true,"href":"https:\/\/mussicom.com\/noticias\/wp-json\/wp\/v2\/categories?post=21044"},{"taxonomy":"post_tag","embeddable":true,"href":"https:\/\/mussicom.com\/noticias\/wp-json\/wp\/v2\/tags?post=21044"}],"curies":[{"name":"wp","href":"https:\/\/api.w.org\/{rel}","templated":true}]}}