{"id":21017,"date":"2025-05-17T03:49:29","date_gmt":"2025-05-17T06:49:29","guid":{"rendered":"https:\/\/mussicom.com\/josh-freese-revela-ter-sido-demitido-do-foo-fighters-chocado-e-desapontado\/"},"modified":"2025-05-17T03:49:29","modified_gmt":"2025-05-17T06:49:29","slug":"josh-freese-revela-ter-sido-demitido-do-foo-fighters-chocado-e-desapontado","status":"publish","type":"post","link":"https:\/\/mussicom.com\/noticias\/josh-freese-revela-ter-sido-demitido-do-foo-fighters-chocado-e-desapontado\/","title":{"rendered":"Josh Freese revela ter sido demitido do Foo Fighters: \u2018chocado e desapontado\u2019"},"content":{"rendered":"<p> <br \/>\n<\/p>\n<div>\n<p>A volta do <strong>Foo Fighters<\/strong> aos palcos, prevista para o dia 4 de outubro, n\u00e3o contar\u00e1 com <strong>Josh Freese<\/strong>. O baterista revelou ter sido demitido da banda.<\/p>\n<p>A informa\u00e7\u00e3o foi compartilhada pelas redes sociais do pr\u00f3prio. No texto, Freese declara que nenhuma explica\u00e7\u00e3o foi dada para a tomada de decis\u00e3o.<\/p>\n<p>Inicialmente, ele afirma:<\/p>\n<blockquote class=\"citacao\"><p><em>\u201cO Foo Fighters me ligou segunda \u00e0 noite para me avisar de que decidiram \u2018seguir por uma dire\u00e7\u00e3o diferente com seu baterista\u2019. Nenhuma raz\u00e3o foi dada. Apesar disso, curti os dois \u00faltimos anos com eles, tanto dentro quanto fora do palco, e os apoio no que quer que eles sintam que \u00e9 melhor para a banda.\u201d<\/em><\/p><\/blockquote>\n<p>Josh, que entrou em 2023 na fun\u00e7\u00e3o de baterista de turn\u00eas, lamentou a situa\u00e7\u00e3o pois, segundo o pr\u00f3prio, nunca havia sido demitido. Ele destacou, ainda, que segue com sua atua\u00e7\u00e3o como m\u00fasico freelancer.<\/p>\n<blockquote class=\"citacao\"><p><em>\u201cEm meus 40 anos de baterista profissional, nunca me tiraram de uma banda, ent\u00e3o n\u00e3o estou irritado, mas um pouco chocado e desapontado. Por\u00e9m, como muitos de voc\u00eas sabem, sempre trabalhei como freelancer e transitei entre bandas, ent\u00e3o, est\u00e1 tudo bem. Fique ligado para a minha lista \u2018Top 10 raz\u00f5es Josh foi tirado do Foo Fighters\u2019.\u201d<\/em><\/p><\/blockquote>\n<p>Freese foi escolhido para substituir <strong>Taylor Hawkins<\/strong>, falecido em maio de 2022 na Am\u00e9rica do Sul. Seu curr\u00edculo inclui trabalhos com <strong>The Vandals<\/strong>, <strong>Devo<\/strong>, <strong>A Perfect Circle<\/strong>, <strong>Guns N\u2019 Roses<\/strong>, <strong>Nine Inch Nails<\/strong> e <strong>Suicidal Tendencies<\/strong>, entre outros (via <strong>site Igor Miranda<\/strong>). Apesar do v\u00ednculo, ele n\u00e3o participou do \u00e1lbum <em><strong>But Here We Are<\/strong><\/em> (2023), somente da turn\u00ea subsequente.<\/p>\n<figure class=\"image\"><figcaption>Josh Freese em 2023 &#8211; Foto: Gary Miller \/ Getty Images<\/figcaption><\/figure>\n<h3>Foo Fighters de volta aos palcos<\/h3>\n<p>A <strong>F\u00f3rmula 1<\/strong> anunciou na quarta-feira, 14, que o <strong>Foo Fighters<\/strong> ser\u00e1 uma das atra\u00e7\u00f5es musicais do <strong>Grande Pr\u00eamio de Singapura<\/strong> deste ano. A corrida est\u00e1 marcada para o primeiro fim de semana de outubro.<\/p>\n<p>Mais especificamente, a disputa esportiva no pa\u00eds asi\u00e1tico ser\u00e1 no domingo, 5. O Foo Fighters se apresenta na v\u00e9spera, s\u00e1bado, 4, no segundo dia de programa\u00e7\u00e3o.<\/p>\n<p>A banda tamb\u00e9m fez uma postagem em seu perfil oficial anunciando a data e, desta forma, ir\u00e1 se juntar a outros artistas confirmados no GP de Singapura, como <strong>Elton John<\/strong> \u2014 de volta aos palcos ap\u00f3s ter conclu\u00eddo uma turn\u00ea de despedida \u2014, <strong>Smashing Pumpkins<\/strong>, <strong>Babymetal<\/strong> e <strong>Alan Walker<\/strong>.<\/p>\n<figure class=\"image\"><img loading=\"lazy\" decoding=\"async\" alt=\"Dave Grohl, do Foo Fighters, em 2024\" height=\"435\" loading=\"lazy\" src=\"https:\/\/rollingstone.uol.com.br\/media\/uploads\/2025\/05\/dave-grohl-foo-fighters-2024-foto-joseph-okpako-wireimage-2160834088.jpg\" width=\"773\"\/><figcaption>Dave Grohl, do Foo Fighters, em 2024 &#8211; Foto: Joseph Okpako \/ WireImage<\/figcaption><\/figure>\n<p>O Foo Fighters surpreende pois j\u00e1 estava longe dos palcos h\u00e1 algum tempo. A banda americana n\u00e3o se apresenta ao vivo em p\u00fablico desde agosto de 2024, em Seattle, quando encerrou a turn\u00ea <em><strong>Everything or Nothing at All<\/strong><\/em>.<\/p>\n<p>Pouco depois, em setembro, <strong>Dave Grohl<\/strong> e companhia tocaram em Anaheim, na Calif\u00f3rnia, mas em um evento privado do empres\u00e1rio <strong>Henry Samueli<\/strong>, propriet\u00e1rio do Anaheim Ducks.<\/p>\n<p>O show no GP de Singapura \u00e9 o \u00fanico compromisso do Foo Fighters marcado para 2025 at\u00e9 o momento e tamb\u00e9m o primeiro ap\u00f3s a crise conjugal de Grohl, que revelou no ano passado ter tido uma filha fora do casamento.<\/p>\n<p><strong>+++ LEIA MAIS: O heavy metal deve sua exist\u00eancia a esta banda, segundo Dave Grohl<br \/>+++ LEIA MAIS: Por que Dave Grohl n\u00e3o canta m\u00fasicas do Nirvana com o Foo Fighters<br \/>+++ LEIA MAIS: M\u00fasico que Dave Grohl admite ter copiado anuncia seu 1\u00ba \u00e1lbum em 5 anos<\/strong><br \/><strong>+++ Siga a Rolling Stone Brasil @rollingstonebrasil no Instagram<br \/>+++ Siga o jornalista Igor Miranda @igormirandasite no Instagram<\/strong><\/p>\n<\/div>\n<p><script async src=\"\/\/www.instagram.com\/embed.js\"><\/script><br \/>\n<br \/><br \/>\n<br \/>Fonte: <a href=\"https:\/\/rollingstone.com.br\/musica\/josh-freese-revela-ter-sido-demitido-do-foo-fighters-chocado-e-desapontado\/\">rollingstone.com.br<\/a><\/p>\n","protected":false},"excerpt":{"rendered":"<p>A volta do Foo Fighters aos palcos, prevista para o dia 4 de outubro, n\u00e3o contar\u00e1 com Josh Freese. O baterista revelou ter sido demitido da banda. A informa\u00e7\u00e3o foi compartilhada pelas redes sociais do pr\u00f3prio. No texto, Freese declara que nenhuma explica\u00e7\u00e3o foi dada para a tomada de decis\u00e3o. Inicialmente, ele afirma: \u201cO Foo [&hellip;]<\/p>\n","protected":false},"author":5,"featured_media":21018,"comment_status":"open","ping_status":"open","sticky":false,"template":"","format":"standard","meta":{"_seopress_robots_primary_cat":"","_seopress_titles_title":"","_seopress_titles_desc":"","_seopress_robots_index":"","footnotes":""},"categories":[51],"tags":[],"class_list":["post-21017","post","type-post","status-publish","format-standard","has-post-thumbnail","hentry","category-musica"],"_links":{"self":[{"href":"https:\/\/mussicom.com\/noticias\/wp-json\/wp\/v2\/posts\/21017","targetHints":{"allow":["GET"]}}],"collection":[{"href":"https:\/\/mussicom.com\/noticias\/wp-json\/wp\/v2\/posts"}],"about":[{"href":"https:\/\/mussicom.com\/noticias\/wp-json\/wp\/v2\/types\/post"}],"author":[{"embeddable":true,"href":"https:\/\/mussicom.com\/noticias\/wp-json\/wp\/v2\/users\/5"}],"replies":[{"embeddable":true,"href":"https:\/\/mussicom.com\/noticias\/wp-json\/wp\/v2\/comments?post=21017"}],"version-history":[{"count":0,"href":"https:\/\/mussicom.com\/noticias\/wp-json\/wp\/v2\/posts\/21017\/revisions"}],"wp:featuredmedia":[{"embeddable":true,"href":"https:\/\/mussicom.com\/noticias\/wp-json\/wp\/v2\/media\/21018"}],"wp:attachment":[{"href":"https:\/\/mussicom.com\/noticias\/wp-json\/wp\/v2\/media?parent=21017"}],"wp:term":[{"taxonomy":"category","embeddable":true,"href":"https:\/\/mussicom.com\/noticias\/wp-json\/wp\/v2\/categories?post=21017"},{"taxonomy":"post_tag","embeddable":true,"href":"https:\/\/mussicom.com\/noticias\/wp-json\/wp\/v2\/tags?post=21017"}],"curies":[{"name":"wp","href":"https:\/\/api.w.org\/{rel}","templated":true}]}}