{"id":20984,"date":"2025-05-16T23:56:29","date_gmt":"2025-05-17T02:56:29","guid":{"rendered":"https:\/\/mussicom.com\/brincadeiras-e-esportes-animam-bertioga-neste-domingo-18\/"},"modified":"2025-05-16T23:56:29","modified_gmt":"2025-05-17T02:56:29","slug":"brincadeiras-e-esportes-animam-bertioga-neste-domingo-18","status":"publish","type":"post","link":"https:\/\/mussicom.com\/noticias\/brincadeiras-e-esportes-animam-bertioga-neste-domingo-18\/","title":{"rendered":"Brincadeiras e esportes animam Bertioga neste domingo (18)"},"content":{"rendered":"<p> <br \/>\n<\/p>\n<div id=\"texto\">\n<p>Atividades recreativas e brincadeiras tradicionais ser\u00e3o oferecidas em Bertioga neste domingo (18), durante mais uma edi\u00e7\u00e3o do projeto Ruas e Pra\u00e7as de Lazer. O evento ser\u00e1 realizado das 9h \u00e0s 14h, em dois pontos da cidade: na Rua Braz Cubas e na Rua Valter Pereira Prado no Centro.<\/p>\n<p>\u00a0<\/p>\n<p>A programa\u00e7\u00e3o \u00e9 gratuita, aberta ao p\u00fablico, e inclui modalidades como tchoukball, t\u00eanis, badminton, futebol gol-caixote e brinquedos infl\u00e1veis . Monitores especializados estar\u00e3o presentes para orientar as crian\u00e7as e garantir a seguran\u00e7a e a divers\u00e3o de todos os participantes.<\/p>\n<p>\u00a0<\/p>\n<p>Realizado quinzenalmente em dois locais simultaneamente, o projeto j\u00e1 beneficiou mais de 27\u00a0mil crian\u00e7as em diversos bairros da cidade, totalizando cerca de 48 edi\u00e7\u00f5es por ano.\u00a0<\/p>\n<p>\u00a0<\/p>\n<p>O Ruas e Pra\u00e7as de Lazer \u00e9 uma iniciativa da Secretaria de Esportes e Lazer (SEL), com apoio da Associa\u00e7\u00e3o Recreativa e Cultural Esportiva (ARCE).<\/p>\n<\/p><\/div>\n<p><script async defer crossorigin=\"anonymous\" src=\"https:\/\/connect.facebook.net\/pt_BR\/sdk.js#xfbml=1&#038;version=v12.0&#038;appId=&#038;autoLogAppEvents=1\" nonce=\"ou0fI1lo\"><\/script><br \/>\n<br \/><br \/>\n<br \/>Fonte: <a href=\"https:\/\/www.bs9.com.br\/litoral\/brincadeiras-e-esportes-animam-bertioga-neste-domingo-18\/31768\/\">BS9<\/a><\/p>\n","protected":false},"excerpt":{"rendered":"<p>Atividades recreativas e brincadeiras tradicionais ser\u00e3o oferecidas em Bertioga neste domingo (18), durante mais uma edi\u00e7\u00e3o do projeto Ruas e Pra\u00e7as de Lazer. O evento ser\u00e1 realizado das 9h \u00e0s 14h, em dois pontos da cidade: na Rua Braz Cubas e na Rua Valter Pereira Prado no Centro. \u00a0 A programa\u00e7\u00e3o \u00e9 gratuita, aberta ao [&hellip;]<\/p>\n","protected":false},"author":5,"featured_media":20985,"comment_status":"open","ping_status":"open","sticky":false,"template":"","format":"standard","meta":{"_seopress_robots_primary_cat":"","_seopress_titles_title":"","_seopress_titles_desc":"","_seopress_robots_index":"","footnotes":""},"categories":[52],"tags":[],"class_list":["post-20984","post","type-post","status-publish","format-standard","has-post-thumbnail","hentry","category-santoseregiao"],"_links":{"self":[{"href":"https:\/\/mussicom.com\/noticias\/wp-json\/wp\/v2\/posts\/20984","targetHints":{"allow":["GET"]}}],"collection":[{"href":"https:\/\/mussicom.com\/noticias\/wp-json\/wp\/v2\/posts"}],"about":[{"href":"https:\/\/mussicom.com\/noticias\/wp-json\/wp\/v2\/types\/post"}],"author":[{"embeddable":true,"href":"https:\/\/mussicom.com\/noticias\/wp-json\/wp\/v2\/users\/5"}],"replies":[{"embeddable":true,"href":"https:\/\/mussicom.com\/noticias\/wp-json\/wp\/v2\/comments?post=20984"}],"version-history":[{"count":0,"href":"https:\/\/mussicom.com\/noticias\/wp-json\/wp\/v2\/posts\/20984\/revisions"}],"wp:featuredmedia":[{"embeddable":true,"href":"https:\/\/mussicom.com\/noticias\/wp-json\/wp\/v2\/media\/20985"}],"wp:attachment":[{"href":"https:\/\/mussicom.com\/noticias\/wp-json\/wp\/v2\/media?parent=20984"}],"wp:term":[{"taxonomy":"category","embeddable":true,"href":"https:\/\/mussicom.com\/noticias\/wp-json\/wp\/v2\/categories?post=20984"},{"taxonomy":"post_tag","embeddable":true,"href":"https:\/\/mussicom.com\/noticias\/wp-json\/wp\/v2\/tags?post=20984"}],"curies":[{"name":"wp","href":"https:\/\/api.w.org\/{rel}","templated":true}]}}