{"id":20910,"date":"2025-05-16T17:34:40","date_gmt":"2025-05-16T20:34:40","guid":{"rendered":"https:\/\/mussicom.com\/itanhaem-abre-inscricoes-para-festival-da-juventude\/"},"modified":"2025-05-16T17:34:40","modified_gmt":"2025-05-16T20:34:40","slug":"itanhaem-abre-inscricoes-para-festival-da-juventude","status":"publish","type":"post","link":"https:\/\/mussicom.com\/noticias\/itanhaem-abre-inscricoes-para-festival-da-juventude\/","title":{"rendered":"Itanha\u00e9m abre inscri\u00e7\u00f5es para Festival da Juventude"},"content":{"rendered":"<p> <br \/>\n<\/p>\n<div>\n<p data-start=\"159\" data-end=\"292\"><strong>Evento musical ser\u00e1 em 7 de junho e busca valorizar talentos locais e fortalecer a cena cultural jovem do munic\u00edpio<\/strong><\/p>\n<p>A Prefeitura de Itanha\u00e9m, por meio da Secretaria de Governo e do Departamento de Pol\u00edticas P\u00fablicas para a Juventude, abriu nesta quinta-feira (15) as inscri\u00e7\u00f5es para o 1\u00ba Festival de M\u00fasica da Juventude de Itanha\u00e9m. Jovens m\u00fasicos interessados em participar podem se inscrever at\u00e9 o dia 25 de maio, por meio do formul\u00e1rio digital dispon\u00edvel no site oficial da Prefeitura e no Instagram do Departamento de Juventude (@departamentodejuventude_).<\/p>\n<p>O evento ser\u00e1 realizado no dia 7 de junho, no Teatro Eva Wilma, no Centro da cidade, e contar\u00e1 com apresenta\u00e7\u00f5es de bandas e duplas, inclusive no formato playback. O festival \u00e9 voltado para jovens residentes em Itanha\u00e9m e tem como objetivo valorizar a produ\u00e7\u00e3o musical local, promover a diversidade de express\u00f5es art\u00edsticas e fortalecer a cena cultural juvenil do Munic\u00edpio.<\/p>\n<p>Com entrada gratuita para o p\u00fablico, o festival ter\u00e1 vagas para 12 bandas e 8 duplas, que poder\u00e3o se inscrever com at\u00e9 quatro m\u00fasicas cada, sendo uma por fase do evento. As apresenta\u00e7\u00f5es ser\u00e3o exclusivamente de covers e a classifica\u00e7\u00e3o et\u00e1ria \u00e9 livre, aberta a pessoas de todas as idades.<\/p>\n<p>A premia\u00e7\u00e3o do festival inclui trof\u00e9us, certificados e brindes oferecidos por patrocinadores e apoiadores do evento, valorizando ainda mais o talento e a dedica\u00e7\u00e3o dos participantes.<\/p>\n<p>As apresenta\u00e7\u00f5es ser\u00e3o avaliadas por uma Comiss\u00e3o T\u00e9cnica, que levar\u00e1 em considera\u00e7\u00e3o crit\u00e9rios como interpreta\u00e7\u00e3o, incluindo afina\u00e7\u00e3o, ritmo, dic\u00e7\u00e3o e performance de palco.<\/p>\n<p>Para realizar a inscri\u00e7\u00e3o, os participantes devem apresentar c\u00f3pia do RG e, no caso de menores de 18 anos, \u00e9 obrigat\u00f3ria a entrega do termo de autoriza\u00e7\u00e3o assinado pelo respons\u00e1vel legal. Todas as informa\u00e7\u00f5es detalhadas est\u00e3o dispon\u00edveis no\u00a0edital publicado no Portal da Prefeitura.<\/p>\n<p>O Festival busca ser uma vitrine de talentos, incentivando o protagonismo jovem e a valoriza\u00e7\u00e3o dos espa\u00e7os culturais da cidade.<\/p>\n<\/div>\n<p><br \/>\n<br \/>Fonte: <a href=\"https:\/\/jornaldaorla.com.br\/noticias\/itanhaem-abre-inscricoes-para-festival-da-juventude\/\">Jornal Da Orla<\/a><\/p>\n","protected":false},"excerpt":{"rendered":"<p>Evento musical ser\u00e1 em 7 de junho e busca valorizar talentos locais e fortalecer a cena cultural jovem do munic\u00edpio A Prefeitura de Itanha\u00e9m, por meio da Secretaria de Governo e do Departamento de Pol\u00edticas P\u00fablicas para a Juventude, abriu nesta quinta-feira (15) as inscri\u00e7\u00f5es para o 1\u00ba Festival de M\u00fasica da Juventude de Itanha\u00e9m. [&hellip;]<\/p>\n","protected":false},"author":5,"featured_media":20911,"comment_status":"open","ping_status":"open","sticky":false,"template":"","format":"standard","meta":{"_seopress_robots_primary_cat":"","_seopress_titles_title":"","_seopress_titles_desc":"","_seopress_robots_index":"","footnotes":""},"categories":[52],"tags":[],"class_list":["post-20910","post","type-post","status-publish","format-standard","has-post-thumbnail","hentry","category-santoseregiao"],"_links":{"self":[{"href":"https:\/\/mussicom.com\/noticias\/wp-json\/wp\/v2\/posts\/20910","targetHints":{"allow":["GET"]}}],"collection":[{"href":"https:\/\/mussicom.com\/noticias\/wp-json\/wp\/v2\/posts"}],"about":[{"href":"https:\/\/mussicom.com\/noticias\/wp-json\/wp\/v2\/types\/post"}],"author":[{"embeddable":true,"href":"https:\/\/mussicom.com\/noticias\/wp-json\/wp\/v2\/users\/5"}],"replies":[{"embeddable":true,"href":"https:\/\/mussicom.com\/noticias\/wp-json\/wp\/v2\/comments?post=20910"}],"version-history":[{"count":0,"href":"https:\/\/mussicom.com\/noticias\/wp-json\/wp\/v2\/posts\/20910\/revisions"}],"wp:featuredmedia":[{"embeddable":true,"href":"https:\/\/mussicom.com\/noticias\/wp-json\/wp\/v2\/media\/20911"}],"wp:attachment":[{"href":"https:\/\/mussicom.com\/noticias\/wp-json\/wp\/v2\/media?parent=20910"}],"wp:term":[{"taxonomy":"category","embeddable":true,"href":"https:\/\/mussicom.com\/noticias\/wp-json\/wp\/v2\/categories?post=20910"},{"taxonomy":"post_tag","embeddable":true,"href":"https:\/\/mussicom.com\/noticias\/wp-json\/wp\/v2\/tags?post=20910"}],"curies":[{"name":"wp","href":"https:\/\/api.w.org\/{rel}","templated":true}]}}