{"id":20894,"date":"2025-05-16T16:17:30","date_gmt":"2025-05-16T19:17:30","guid":{"rendered":"https:\/\/mussicom.com\/ira-e-paises-europeus-discutem-novo-acordo-nuclear\/"},"modified":"2025-05-16T16:17:30","modified_gmt":"2025-05-16T19:17:30","slug":"ira-e-paises-europeus-discutem-novo-acordo-nuclear","status":"publish","type":"post","link":"https:\/\/mussicom.com\/noticias\/ira-e-paises-europeus-discutem-novo-acordo-nuclear\/","title":{"rendered":"Ir\u00e3 e pa\u00edses europeus discutem novo acordo nuclear"},"content":{"rendered":"<p> <br \/>\n<\/p>\n<div>\n<p class=\"postParagraph_post-paragraph__juWZN\">O Ir\u00e3 se reuniu nesta sexta-feira (16) em Istambul com Reino Unido, Fran\u00e7a e Alemanha para discutir sobre as negocia\u00e7\u00f5es de seu programa nuclear com os Estados Unidos e pediu um novo encontro para \u201caproveitar ao m\u00e1ximo a diplomacia\u201d.<\/p>\n<p class=\"postParagraph_post-paragraph__juWZN\">\u201cIr\u00e3 e E3 &#8211; grupo informal de pa\u00edses europeus que atuam em quest\u00f5es diplom\u00e1ticas e de seguran\u00e7a como o acordo nuclear do Ir\u00e3 &#8211; est\u00e3o certos de manter e maximizar a diplomacia\u201d, escreveu o vice-ministro das Rela\u00e7\u00f5es Exteriores do Ir\u00e3, Kazem Gharibabadi, na rede social X.<\/p>\n<p class=\"postParagraph_post-paragraph__juWZN\">A fonte afirmou que, na reuni\u00e3o com os diretores pol\u00edticos dos tr\u00eas pa\u00edses europeus, foi discutida \u201ca situa\u00e7\u00e3o atual das negocia\u00e7\u00f5es indiretas sobre a suspens\u00e3o das medidas nucleares\u201d, referindo-se ao di\u00e1logo entre Teer\u00e3 e Washington que come\u00e7ou em 12 de abril.<\/p>\n<p class=\"postParagraph_post-paragraph__juWZN\">O vice-ministro reiterou a posi\u00e7\u00e3o do Ir\u00e3 de que n\u00e3o aceitar\u00e1 o desmantelamento do seu programa nuclear. \u201cO direito de enriquecer \u00e9 nossa \u00faltima linha vermelha!\u201d, escreveu ele na rede social.<\/p>\n<p class=\"postParagraph_post-paragraph__juWZN\">O diretor pol\u00edtico do Minist\u00e9rio das Rela\u00e7\u00f5es Exteriores brit\u00e2nico, Christian Turner, enfatizou seu \u201ccompromisso com o di\u00e1logo\u201d e comemorou as conversas entre Ir\u00e3 e EUA. Ele tamb\u00e9m confirmou que uma nova reuni\u00e3o foi acertada devido \u00e0 \u201curg\u00eancia\u201d da situa\u00e7\u00e3o.<\/p>\n<p class=\"postParagraph_post-paragraph__juWZN\">A reuni\u00e3o entre o Ir\u00e3 e o grupo E3 aconteceu em um momento em que suas rela\u00e7\u00f5es \u201cse deterioraram\u201d, de acordo com o ministro das Rela\u00e7\u00f5es Exteriores do Ir\u00e3, Abbas Araqchi, que culpou os europeus pela piora na diplomacia.<\/p>\n<p class=\"postParagraph_post-paragraph__juWZN\">Esses pa\u00edses fazem parte do acordo sobre o programa nuclear de 2015, que Trump abandonou em 2018, e t\u00eam a possibilidade de restabelecer as avalia\u00e7\u00f5es internacionais da ONU contra o Ir\u00e3 at\u00e9 18 de outubro.<\/p>\n<p class=\"postParagraph_post-paragraph__juWZN\">Araqchi anunciou que, se isso acontecesse, as consequ\u00eancias seriam \u201cirrevers\u00edveis\u201d.<\/p>\n<p class=\"postParagraph_post-paragraph__juWZN\">Representantes iranianos realizaram v\u00e1rias reuni\u00f5es com diplomatas da Fran\u00e7a, Alemanha e Reino Unido em Genebra nos \u00faltimos meses, sem nenhum progresso aparente.<\/p>\n<p class=\"postParagraph_post-paragraph__juWZN\">O presidente dos EUA, Donald Trump, disse nessa sexta-feira que o Ir\u00e3 j\u00e1 tem uma proposta firme do pa\u00eds na mesa para negocia\u00e7\u00f5es sobre um acordo nuclear, mas se n\u00e3o \u201cagir r\u00e1pido, algo ruim vai acontecer\u201d.<\/p>\n<p class=\"postParagraph_post-paragraph__juWZN\">&#8220;Sim, eles t\u00eam uma proposta. E o mais importante \u00e9 que eles sabem que precisam agir rapidamente. Algo ruim vai acontecer&#8221;, declarou Trump \u00e0 imprensa a bordo do Air Force One, quando decolou para Washington ap\u00f3s terminar sua viagem de quatro dias pelo Oriente M\u00e9dio.<\/p>\n<p class=\"postParagraph_post-paragraph__juWZN\">O Ir\u00e3 e os EUA come\u00e7aram a conversar sobre o programa nuclear iraniano em 12 de abril, depois de Trump ter pedido ao Ir\u00e3 que negociasse um acordo e amea\u00e7ou um ataque militar se o pa\u00eds n\u00e3o conseguisse chegar a um denominador comum com os EUA.<\/p>\n<p class=\"postParagraph_post-paragraph__juWZN\">Os dois pa\u00edses realizaram quatro rodadas de reuni\u00f5es sobre o tema, a \u00faltima delas no domingo passado em Mascate, capital de Om\u00e3, onde concordaram em continuar negociando, embora ainda n\u00e3o tenham anunciado os dados e o local da pr\u00f3xima reuni\u00e3o. Os pa\u00edses europeus n\u00e3o fazem parte dessas negocia\u00e7\u00f5es.<\/p>\n<\/div>\n<p><br \/>\n<br \/>Fonte: <a href=\"https:\/\/www.gazetadopovo.com.br\/mundo\/ira-paises-europeus-discutem-novo-acordo-nuclear-proposto-eua\/\">Revista Oeste<\/a><\/p>\n","protected":false},"excerpt":{"rendered":"<p>O Ir\u00e3 se reuniu nesta sexta-feira (16) em Istambul com Reino Unido, Fran\u00e7a e Alemanha para discutir sobre as negocia\u00e7\u00f5es de seu programa nuclear com os Estados Unidos e pediu um novo encontro para \u201caproveitar ao m\u00e1ximo a diplomacia\u201d. \u201cIr\u00e3 e E3 &#8211; grupo informal de pa\u00edses europeus que atuam em quest\u00f5es diplom\u00e1ticas e de [&hellip;]<\/p>\n","protected":false},"author":5,"featured_media":20895,"comment_status":"open","ping_status":"open","sticky":false,"template":"","format":"standard","meta":{"_seopress_robots_primary_cat":"","_seopress_titles_title":"","_seopress_titles_desc":"","_seopress_robots_index":"","footnotes":""},"categories":[1],"tags":[],"class_list":["post-20894","post","type-post","status-publish","format-standard","has-post-thumbnail","hentry","category-ultimas-noticias"],"_links":{"self":[{"href":"https:\/\/mussicom.com\/noticias\/wp-json\/wp\/v2\/posts\/20894","targetHints":{"allow":["GET"]}}],"collection":[{"href":"https:\/\/mussicom.com\/noticias\/wp-json\/wp\/v2\/posts"}],"about":[{"href":"https:\/\/mussicom.com\/noticias\/wp-json\/wp\/v2\/types\/post"}],"author":[{"embeddable":true,"href":"https:\/\/mussicom.com\/noticias\/wp-json\/wp\/v2\/users\/5"}],"replies":[{"embeddable":true,"href":"https:\/\/mussicom.com\/noticias\/wp-json\/wp\/v2\/comments?post=20894"}],"version-history":[{"count":0,"href":"https:\/\/mussicom.com\/noticias\/wp-json\/wp\/v2\/posts\/20894\/revisions"}],"wp:featuredmedia":[{"embeddable":true,"href":"https:\/\/mussicom.com\/noticias\/wp-json\/wp\/v2\/media\/20895"}],"wp:attachment":[{"href":"https:\/\/mussicom.com\/noticias\/wp-json\/wp\/v2\/media?parent=20894"}],"wp:term":[{"taxonomy":"category","embeddable":true,"href":"https:\/\/mussicom.com\/noticias\/wp-json\/wp\/v2\/categories?post=20894"},{"taxonomy":"post_tag","embeddable":true,"href":"https:\/\/mussicom.com\/noticias\/wp-json\/wp\/v2\/tags?post=20894"}],"curies":[{"name":"wp","href":"https:\/\/api.w.org\/{rel}","templated":true}]}}