{"id":20864,"date":"2025-05-16T13:28:31","date_gmt":"2025-05-16T16:28:31","guid":{"rendered":"https:\/\/mussicom.com\/associacao-diz-que-situacao-esta-controlada-no-rs\/"},"modified":"2025-05-16T13:28:31","modified_gmt":"2025-05-16T16:28:31","slug":"associacao-diz-que-situacao-esta-controlada-no-rs","status":"publish","type":"post","link":"https:\/\/mussicom.com\/noticias\/associacao-diz-que-situacao-esta-controlada-no-rs\/","title":{"rendered":"associa\u00e7\u00e3o diz que situa\u00e7\u00e3o est\u00e1 controlada no RS"},"content":{"rendered":"<p> <br \/>\n<\/p>\n<div id=\"hd80s9wa1h892edh8192\">\n<p>O Minist\u00e9rio da Agricultura e Pecu\u00e1ria (MAPA) confirmou um foco de <strong>gripe avi\u00e1ria (H5N1)<\/strong> em uma granja de aves comerciais em Montenegro, no Rio Grande do Sul. Depois do an\u00fancio, a Associa\u00e7\u00e3o Brasileira de Prote\u00edna Animal (ABPA) e a Associa\u00e7\u00e3o Ga\u00facha de Avicultura (Asgav) reconheceram que as autoridades agiram com transpar\u00eancia na condu\u00e7\u00e3o do caso.<\/p>\n<p><strong>+ Leia mais not\u00edcias de Agroneg\u00f3cio em Oeste <\/strong><\/p>\n<p>O MAPA divulgou a informa\u00e7\u00e3o com o apoio da Secretaria da Agricultura, Pecu\u00e1ria, Produ\u00e7\u00e3o Sustent\u00e1vel e Irriga\u00e7\u00e3o (Seapi) do Estado e das principais entidades do setor produtivo.<\/p>\n<p>As duas entidades acompanham de perto as a\u00e7\u00f5es de conten\u00e7\u00e3o adotadas pelo governo federal e estadual. Segundo elas, os profissionais aplicaram as medidas com rapidez, e o local j\u00e1 passa por monitoramento rigoroso.<\/p>\n<figure class=\"wp-block-embed aligncenter is-type-video is-provider-youtube wp-block-embed-youtube wp-embed-aspect-16-9 wp-has-aspect-ratio\">\n<div class=\"wp-block-embed__wrapper\">\n<div class=\"perfmatters-lazy-youtube\" data-src=\"https:\/\/www.youtube.com\/embed\/zTB-v1q7E-w\" data-id=\"zTB-v1q7E-w\" data-query=\"feature=oembed\" onclick=\"perfmattersLazyLoadYouTube(this);\">\n<div><img fetchpriority=\"high\" decoding=\"async\" src=\"https:\/\/i.ytimg.com\/vi\/zTB-v1q7E-w\/hqdefault.jpg\" alt=\"YouTube video\" width=\"480\" height=\"360\" data-pin-nopin=\"true\" nopin=\"nopin\"\/><\/div>\n<\/div>\n<p><noscript><iframe title=\"Pa\u00eds preparado contra gripe avi\u00e1ria\" width=\"800\" height=\"450\" src=\"https:\/\/www.youtube.com\/embed\/zTB-v1q7E-w?feature=oembed\" frameborder=\"0\" allow=\"accelerometer; autoplay; clipboard-write; encrypted-media; gyroscope; picture-in-picture; web-share\" referrerpolicy=\"strict-origin-when-cross-origin\" allowfullscreen><\/iframe><\/noscript>\n<\/div>\n<\/figure>\n<p>Como resultado, ABPA e Asgav afirmaram confiar na celeridade das medidas do MAPA e da Seapi para minimizar qualquer impacto comercial ou sanit\u00e1rio. Elas ressaltam que a gripe avi\u00e1ria, ainda que grave no ambiente produtivo, n\u00e3o oferece risco \u00e0 sa\u00fade do consumidor.<\/p>\n<p>As autoridades ainda n\u00e3o informaram se haver\u00e1 restri\u00e7\u00f5es ao com\u00e9rcio internacional de produtos av\u00edcolas provenientes da regi\u00e3o. T\u00e9cnicos do minist\u00e9rio continuam o trabalho de rastreamento e verifica\u00e7\u00e3o sanit\u00e1ria nas \u00e1reas vizinhas.<\/p>\n<h2 class=\"wp-block-heading\"><strong>Defesa do RS enviou amostras de gripe avi\u00e1ria para laborat\u00f3rio em SP<\/strong><\/h2>\n<p>No dia 12 de maio, o Departamento de Defesa Sanit\u00e1ria, da <strong>Seapi<\/strong> do Rio Grande do Sul, atendeu o foco de H5N1 em Montenegro. Depois de coletadas, o \u00f3rg\u00e3o enviou as amostras ao Laborat\u00f3rio Federal de Diagn\u00f3stico Agropecu\u00e1rio de Campinas, em S\u00e3o Paulo.<\/p>\n<p>A gripe avi\u00e1ria, causada por um v\u00edrus altamente contagioso, atinge principalmente aves dom\u00e9sticas e silvestres. Embora possa infectar seres humanos, o risco de transmiss\u00e3o \u00e9 considerado baixo.<\/p>\n<p><strong>+ Leia tamb\u00e9m: \u201cChina suspende compra de frango brasileiro por causa da gripe avi\u00e1ria\u201d <\/strong><\/p>\n<p>Nas aves, os sinais mais comuns incluem dificuldade para respirar, secre\u00e7\u00f5es no nariz ou nos olhos, espirros, perda de coordena\u00e7\u00e3o, torcicolo, diarreia e alta taxa de mortalidade.<\/p>\n<\/p><\/div>\n<p><br \/>\n<br \/>Fonte: <a href=\"https:\/\/revistaoeste.com\/agronegocio\/gripe-aviaria-associacao-diz-que-caso-no-rs-esta-controlado\/\">Revista Oeste<\/a><\/p>\n","protected":false},"excerpt":{"rendered":"<p>O Minist\u00e9rio da Agricultura e Pecu\u00e1ria (MAPA) confirmou um foco de gripe avi\u00e1ria (H5N1) em uma granja de aves comerciais em Montenegro, no Rio Grande do Sul. Depois do an\u00fancio, a Associa\u00e7\u00e3o Brasileira de Prote\u00edna Animal (ABPA) e a Associa\u00e7\u00e3o Ga\u00facha de Avicultura (Asgav) reconheceram que as autoridades agiram com transpar\u00eancia na condu\u00e7\u00e3o do caso. [&hellip;]<\/p>\n","protected":false},"author":5,"featured_media":20865,"comment_status":"open","ping_status":"open","sticky":false,"template":"","format":"standard","meta":{"_seopress_robots_primary_cat":"","_seopress_titles_title":"","_seopress_titles_desc":"","_seopress_robots_index":"","footnotes":""},"categories":[53],"tags":[],"class_list":["post-20864","post","type-post","status-publish","format-standard","has-post-thumbnail","hentry","category-agronegocio"],"_links":{"self":[{"href":"https:\/\/mussicom.com\/noticias\/wp-json\/wp\/v2\/posts\/20864","targetHints":{"allow":["GET"]}}],"collection":[{"href":"https:\/\/mussicom.com\/noticias\/wp-json\/wp\/v2\/posts"}],"about":[{"href":"https:\/\/mussicom.com\/noticias\/wp-json\/wp\/v2\/types\/post"}],"author":[{"embeddable":true,"href":"https:\/\/mussicom.com\/noticias\/wp-json\/wp\/v2\/users\/5"}],"replies":[{"embeddable":true,"href":"https:\/\/mussicom.com\/noticias\/wp-json\/wp\/v2\/comments?post=20864"}],"version-history":[{"count":0,"href":"https:\/\/mussicom.com\/noticias\/wp-json\/wp\/v2\/posts\/20864\/revisions"}],"wp:featuredmedia":[{"embeddable":true,"href":"https:\/\/mussicom.com\/noticias\/wp-json\/wp\/v2\/media\/20865"}],"wp:attachment":[{"href":"https:\/\/mussicom.com\/noticias\/wp-json\/wp\/v2\/media?parent=20864"}],"wp:term":[{"taxonomy":"category","embeddable":true,"href":"https:\/\/mussicom.com\/noticias\/wp-json\/wp\/v2\/categories?post=20864"},{"taxonomy":"post_tag","embeddable":true,"href":"https:\/\/mussicom.com\/noticias\/wp-json\/wp\/v2\/tags?post=20864"}],"curies":[{"name":"wp","href":"https:\/\/api.w.org\/{rel}","templated":true}]}}